{"id":250448,"date":"2025-11-22T22:19:15","date_gmt":"2025-11-22T22:19:15","guid":{"rendered":"https:\/\/www.europesays.com\/es\/250448\/"},"modified":"2025-11-22T22:19:15","modified_gmt":"2025-11-22T22:19:15","slug":"el-emocionante-cantico-de-espana-en-la-copa-davis-a-cada-jugador-antes-de-los-partidos","status":"publish","type":"post","link":"https:\/\/www.europesays.com\/es\/250448\/","title":{"rendered":"El emocionante c\u00e1ntico de Espa\u00f1a en la Copa Davis a cada jugador antes de los partidos"},"content":{"rendered":"<p>No es la clave de las victorias, pero todo suma. S\u00ed es una muestra de la unidad y el sentimiento de familia que hay en el equipo nacional. Espa\u00f1a se adelant\u00f3 a Alemania en las semifinales de la Copa Davis, tras la victoria de Pablo Carre\u00f1o ante Struff (6-4 y 7-6 [8\/6]) <a title=\" \" href=\"https:\/\/www.larazon.es\/deportes\/tenis\/paciencia-carreno-desborda-struff-deja-espana-victoria-final-davis_202511226921b4c78080bd5ad6200ea5.html\" target=\"_blank\" rel=\"nofollow noopener\">tras una gran batalla que dur\u00f3 una hora y 44 minutos. Queda el reto m\u00e1s complicado, pues el conjunto germano tiene al mejor tenista individual que hay en el torneo, <b>Alexander Zverev<\/b>, que juega contra Munar, y a la mejor pareja de dobles, Krawietz y Puetz, contra quien tendr\u00edan que jugar Granollers y Pedro Mart\u00ednez si Munar no pudiera con Zverev.<\/p>\n<p>Antes de cada partido, <b>el conjunto capitaneado por David Ferrer tiene un ritual que se ha hecho viral<\/b>. Se juntan todos para arropar a los que van a jugar.<\/p>\n<p>Al ritmo de la canci\u00f3n \u201cYo te quiero dar\u201d, cantan: \u201cPasan los a\u00f1os, pasan los jugadores\/y por un sue\u00f1o que vamos a luchar\/, vale la pena, la Roja es lo m\u00e1s grande, el p\u00fablico que cante, gritando sin parar\/, por eso yo te quiero dar\/, Pablo mi coraz\u00f3n\/, yo te sigo a todas partes, gracias por ser espa\u00f1ol\u201d. Y llega despu\u00e9s el j\u00fabilo con un cl\u00e1sico \u201clo, lo, lo\u201d.<\/p>\n","protected":false},"excerpt":{"rendered":"No es la clave de las victorias, pero todo suma. S\u00ed es una muestra de la unidad y&hellip;\n","protected":false},"author":2,"featured_media":250449,"comment_status":"","ping_status":"","sticky":false,"template":"","format":"standard","meta":{"footnotes":""},"categories":[274],"tags":[168,25,24,23,167,327,326],"class_list":{"0":"post-250448","1":"post","2":"type-post","3":"status-publish","4":"format-standard","5":"has-post-thumbnail","7":"category-tenis","8":"tag-deportes","9":"tag-es","10":"tag-espana","11":"tag-spain","12":"tag-sports","13":"tag-tenis","14":"tag-tennis"},"share_on_mastodon":{"url":"https:\/\/pubeurope.com\/@es\/115595677754041497","error":""},"_links":{"self":[{"href":"https:\/\/www.europesays.com\/es\/wp-json\/wp\/v2\/posts\/250448","targetHints":{"allow":["GET"]}}],"collection":[{"href":"https:\/\/www.europesays.com\/es\/wp-json\/wp\/v2\/posts"}],"about":[{"href":"https:\/\/www.europesays.com\/es\/wp-json\/wp\/v2\/types\/post"}],"author":[{"embeddable":true,"href":"https:\/\/www.europesays.com\/es\/wp-json\/wp\/v2\/users\/2"}],"replies":[{"embeddable":true,"href":"https:\/\/www.europesays.com\/es\/wp-json\/wp\/v2\/comments?post=250448"}],"version-history":[{"count":0,"href":"https:\/\/www.europesays.com\/es\/wp-json\/wp\/v2\/posts\/250448\/revisions"}],"wp:featuredmedia":[{"embeddable":true,"href":"https:\/\/www.europesays.com\/es\/wp-json\/wp\/v2\/media\/250449"}],"wp:attachment":[{"href":"https:\/\/www.europesays.com\/es\/wp-json\/wp\/v2\/media?parent=250448"}],"wp:term":[{"taxonomy":"category","embeddable":true,"href":"https:\/\/www.europesays.com\/es\/wp-json\/wp\/v2\/categories?post=250448"},{"taxonomy":"post_tag","embeddable":true,"href":"https:\/\/www.europesays.com\/es\/wp-json\/wp\/v2\/tags?post=250448"}],"curies":[{"name":"wp","href":"https:\/\/api.w.org\/{rel}","templated":true}]}}