{"id":250456,"date":"2025-11-22T22:27:15","date_gmt":"2025-11-22T22:27:15","guid":{"rendered":"https:\/\/www.europesays.com\/es\/250456\/"},"modified":"2025-11-22T22:27:15","modified_gmt":"2025-11-22T22:27:15","slug":"una-de-las-favoritas-dice-adios-a-las-puertas-de-la-semifinal","status":"publish","type":"post","link":"https:\/\/www.europesays.com\/es\/250456\/","title":{"rendered":"una de las favoritas dice adi\u00f3s a las puertas de la semifinal"},"content":{"rendered":"<p>Despu\u00e9s de la repesca y de haber regresado como concursante oficial, <a href=\"https:\/\/www.lecturas.com\/television\/mucha-emocion-conocer-ultimo-expulsado-bailando-estrellas-decision-unanime-jurado_184398\" rel=\"nofollow noopener\" target=\"_blank\">Manu Tenorio tuvo que decir adi\u00f3s definitivamente<\/a> a su sue\u00f1o de ganar &#8216;<strong>Bailando con las estrellas&#8217;. <\/strong>Fue Blanca Romero la que consigui\u00f3 salvarse de la expulsi\u00f3n y colocarse en la semifinal gracias a la <strong>decisi\u00f3n un\u00e1nime del jurado<\/strong>. \u00abAgradezco la valoraci\u00f3n positiva de mis compa\u00f1eros y que han visto mi evoluci\u00f3n. La mayor de las virtudes es ser agradecido, y yo estoy muy agradecido por haberme dado esta oportunidad\u00bb, dijo la actriz.\u00a0<\/p>\n<p>Pero lo m\u00e1s sorprendente de la noche estaba por llegar. A punto de celebrarse la semifinal, dos de las grandes favoritas de la noche fueron elegidas para abandonar el programa:<strong> la actriz Nona Sobo y la influencer Tania Medina.<\/strong> \u00abYo no estoy bien, la verdad. Me afecta\u00a0porque me llevo muy bien con ella y me da pena que se tenga que ir una de las dos\u00bb, expres\u00f3 la exconcursante de &#8216;La isla de las tentaciones&#8217;.\u00a0<\/p>\n<p>Ha sido este s\u00e1bado 22, despu\u00e9s de que ambas se hayan preparado sus respectivas coreograf\u00edas, <strong>cuando las dos parejas han demostrado que merecen la oportunidad de llegar a la \u00faltima fase del concurso.<\/strong> Eso s\u00ed, todav\u00eda no estaban a salvo del todo porque al final de la noche, otro participante y su bailar\u00edn tambi\u00e9n dir\u00e1n adi\u00f3s.\u00a0<\/p>\n<p><img decoding=\"async\" src=\"https:\/\/www.europesays.com\/es\/wp-content\/uploads\/2025\/11\/victoria-federica-irene-pablo-y-miguel-urdangarin_3c07877a_08_251122231056_800x800.webp.webp\" alt=\"Victoria Federica, Irene, Pablo y Miguel Urdangarin \" class=\"image lazyload\"\/><img loading=\"lazy\" decoding=\"async\" src=\"https:\/\/www.europesays.com\/es\/wp-content\/uploads\/2025\/11\/victoria-federica-irene-pablo-y-miguel-urdangarin_3c07877a_08_251122231106_1280x720.webp.webp\" alt=\"Irene Urdangarin y Victoria Federica derrochan estilo en El Pardo: dos opciones ideales para llevar terciopelo este invierno\" class=\"image lazyload\" width=\"1280\" height=\"720\" data-aspectratio=\"1280\/720\"\/><\/p>\n<p>\u00ab<strong>Estamos que no nos lo creemos. Es elegir entre mam\u00e1 y pap\u00e1<\/strong>\u00ab, ha dicho Inmaculada Casal sobre lo que ha supuesto que ambas concursantes estuvieran en esta complicada posici\u00f3n a punto de terminal el talent. \u00ab<strong>Se va una de las favoritas. Es injusto<\/strong>\u00ab, ha a\u00f1adido Julia G\u00f3mez Cora.\u00a0<\/p>\n<p><img loading=\"lazy\" decoding=\"async\"   src=\"https:\/\/www.europesays.com\/es\/wp-content\/uploads\/2025\/11\/bailando-con-las-estrellas_5922f436_251122230738_1200x643.webp.webp\" alt=\"'Bailando con las estrellas'\" class=\"lazyload\" width=\"1200\" height=\"643\" data-aspectratio=\"1200\/643\"\/><\/p>\n<p>\u00abHa sido la decisi\u00f3n m\u00e1s dif\u00edcil en 11 semanas\u00bb, ha dicho Pelayo D\u00edaz sobre esta expulsi\u00f3n.\u00a0<\/p>\n<p>&#13;Telecinco<br \/>\nLa valoraci\u00f3n del jurado<\/p>\n<p>\u00abEs la decisi\u00f3n m\u00e1s dif\u00edcil en 11 semanas. Se os coge cari\u00f1o. Me decanto por Tania\u00bb, ha dicho Pelayo D\u00edaz. \u00abCreo que a ninguno nos gusta este momento. Las dos son incre\u00edbles y se merecen llegar a la final, pero ha habido una pareja que ha elevado el nivel. Me quedo con Tania tambi\u00e9n\u00bb, ha a\u00f1adido Gorka. \u00abQu\u00e9 presi\u00f3n. Yo creo las dos sois ganadoras. Repito lo que dicen mis compa\u00f1eros. Tania ha sido muy buena pero me decanto por Nona\u00bb, ha dicho la mujer de Mar\u00eda del Monte.\u00a0<\/p>\n<p>Blanca Li ha querido saber lo que el p\u00fablico sent\u00eda por ambas y ha asegurado que es \u00abmucho amor\u00bb. \u00abHab\u00e9is hecho un trabajo incre\u00edble. Yo me voy a quedar con Nona\u00bb, ha dicho la jurado. \u00abTodo el mundo estamos divididos pero solo una se puede quedar. Ninguna de las dos deb\u00eda estar aqu\u00ed. Voy a salvar a Nona\u00bb, ha terminado Julia. <strong>Ha sido as\u00ed c\u00f3mo Tania Medina se ha convertido en la expulsada.\u00a0<\/strong><\/p>\n<p><img loading=\"lazy\" decoding=\"async\"   src=\"https:\/\/www.europesays.com\/es\/wp-content\/uploads\/2025\/11\/nona-sobo_a9a00179_251122225644_1200x674.webp.webp\" alt=\"Nona Sobo\" class=\"lazyload\" width=\"1200\" height=\"674\" data-aspectratio=\"1200\/674\"\/><\/p>\n<p>Nona Sobo se ha librado de la expulsi\u00f3n contra Tania Medina.\u00a0<\/p>\n<p>&#13;Telecinco<\/p>\n<p>\u00a0<\/p>\n<p><img loading=\"lazy\" decoding=\"async\"   src=\"https:\/\/www.europesays.com\/es\/wp-content\/uploads\/2025\/11\/tania-medina_f3628cce_251122225617_1200x575.webp.webp\" alt=\"Tania Medina \" class=\"lazyload\" width=\"1200\" height=\"575\" data-aspectratio=\"1200\/575\"\/><\/p>\n<p>Tania Medina se ha quedado a las puertas de la semifinal de &#8216;Bailando con las estrellas&#8217;.\u00a0<\/p>\n<p>&#13;Telecinco<br \/>\nLa despedida de Tania Medina\u00a0<\/p>\n<p>\u00abHa sido la mejor competencia que he podido tener. Yo me ir\u00eda con ella a la final. Eres mi ganadora\u00bb, ha dicho Nona entre l\u00e1grimas. \u00abSolo quiero decir que gracias al jurado porque cada semana <strong>me ha dicho cosas constructivas y con mucho tacto<\/strong>. Han sido maravillosos y todo ha sido con mucho tacto. Gracias al p\u00fablico que me ha apoyado y a David que me ha hecho disfrutar de la experiencia. <strong>No le doy un 10, le doy un mil<\/strong>\u00ab, ha dicho la expulsada.\u00a0<\/p>\n<p>\u00abEl a\u00f1o pasado tambi\u00e9n me qued\u00e9 en esta gala. <strong>Debo tener una maldici\u00f3n.<\/strong> Pero lo importante es el camino y lo he disfrutado much\u00edsimo. &#8216;Bailando con las estrellas&#8217; es muy bonito que hay que cuidar\u00bb, ha dicho el bailar\u00edn para despedirse.\u00a0<\/p>\n","protected":false},"excerpt":{"rendered":"Despu\u00e9s de la repesca y de haber regresado como concursante oficial, Manu Tenorio tuvo que decir adi\u00f3s definitivamente&hellip;\n","protected":false},"author":2,"featured_media":250457,"comment_status":"","ping_status":"","sticky":false,"template":"","format":"standard","meta":{"footnotes":""},"categories":[171],"tags":[146,147,25,24,23,214],"class_list":{"0":"post-250456","1":"post","2":"type-post","3":"status-publish","4":"format-standard","5":"has-post-thumbnail","7":"category-tv","8":"tag-entertainment","9":"tag-entretenimiento","10":"tag-es","11":"tag-espana","12":"tag-spain","13":"tag-tv"},"share_on_mastodon":{"url":"https:\/\/pubeurope.com\/@es\/115595709624651757","error":""},"_links":{"self":[{"href":"https:\/\/www.europesays.com\/es\/wp-json\/wp\/v2\/posts\/250456","targetHints":{"allow":["GET"]}}],"collection":[{"href":"https:\/\/www.europesays.com\/es\/wp-json\/wp\/v2\/posts"}],"about":[{"href":"https:\/\/www.europesays.com\/es\/wp-json\/wp\/v2\/types\/post"}],"author":[{"embeddable":true,"href":"https:\/\/www.europesays.com\/es\/wp-json\/wp\/v2\/users\/2"}],"replies":[{"embeddable":true,"href":"https:\/\/www.europesays.com\/es\/wp-json\/wp\/v2\/comments?post=250456"}],"version-history":[{"count":0,"href":"https:\/\/www.europesays.com\/es\/wp-json\/wp\/v2\/posts\/250456\/revisions"}],"wp:featuredmedia":[{"embeddable":true,"href":"https:\/\/www.europesays.com\/es\/wp-json\/wp\/v2\/media\/250457"}],"wp:attachment":[{"href":"https:\/\/www.europesays.com\/es\/wp-json\/wp\/v2\/media?parent=250456"}],"wp:term":[{"taxonomy":"category","embeddable":true,"href":"https:\/\/www.europesays.com\/es\/wp-json\/wp\/v2\/categories?post=250456"},{"taxonomy":"post_tag","embeddable":true,"href":"https:\/\/www.europesays.com\/es\/wp-json\/wp\/v2\/tags?post=250456"}],"curies":[{"name":"wp","href":"https:\/\/api.w.org\/{rel}","templated":true}]}}