{"id":250460,"date":"2025-11-22T22:30:18","date_gmt":"2025-11-22T22:30:18","guid":{"rendered":"https:\/\/www.europesays.com\/es\/250460\/"},"modified":"2025-11-22T22:30:18","modified_gmt":"2025-11-22T22:30:18","slug":"ca-osasuna-1-3-real-sociedad-resumen-resultado-y-goles-del-partido-de-la-jornada-13-de-laliga-futbol","status":"publish","type":"post","link":"https:\/\/www.europesays.com\/es\/250460\/","title":{"rendered":"CA Osasuna 1-3 Real Sociedad: resumen, resultado y goles del partido de la jornada 13 de LaLiga | F\u00fatbol"},"content":{"rendered":"<p>Tard\u00f3 en entrar en calor El Sadar en una tarde en la que la pizarra comenz\u00f3 decantando el resultado a favor del conjunto local. No estuvo acertada la zaga txuri-urdin en un saque de esquina cuando ya se avistaba a la vuelta de la esquina el tiempo de descanso y, sin necesidad de saltar, Catena estableci\u00f3 el 1-0 con un remate de cabeza demasiado liberado. El jarro de agua fr\u00eda, sin embargo, sirvi\u00f3 para alentar a una Real Sociedad que volvi\u00f3 a ver el abismo de la zona de descenso muy cerca.<\/p>\n<p>Los vascos apretaron a la vuelta de vestuarios y, sacando provecho de un Osasuna que recul\u00f3 demasiado en campo propio, dio la vuelta al marcador en 6 minutos locos. Primero igual\u00f3 Brais M\u00e9ndez con algo de fortuna, puesto que su golpeo roz\u00f3 ligeramente en Juan Cruz, y Gon\u00e7alo Guedes termin\u00f3 de poner patas arriba el encuentro con un buen gol. Los problemas cambiaron de bando en un abrir y cerrar de ojos y, cuando el conjunto osasunista busc\u00f3 rebelarse de nuevo, su paso al frente acab\u00f3 siendo su peor condena. Con todo el equipo volcado, una obra de arte de Barrenetxea desde el medio campo finiquit\u00f3 la remontada. Los tres puntos se van a San Sebasti\u00e1n con el 1-3 y las urgencias se abren paso en Pamplona, donde adem\u00e1s a \u00faltima hora lamentaron la expulsi\u00f3n de Arguibide tras una dura entrada.<\/p>\n","protected":false},"excerpt":{"rendered":"Tard\u00f3 en entrar en calor El Sadar en una tarde en la que la pizarra comenz\u00f3 decantando el&hellip;\n","protected":false},"author":2,"featured_media":250461,"comment_status":"","ping_status":"","sticky":false,"template":"","format":"standard","meta":{"footnotes":""},"categories":[93],"tags":[1765,168,25,24,23,167,1766],"class_list":{"0":"post-250460","1":"post","2":"type-post","3":"status-publish","4":"format-standard","5":"has-post-thumbnail","7":"category-deportes","8":"tag-bestof","9":"tag-deportes","10":"tag-es","11":"tag-espana","12":"tag-spain","13":"tag-sports","14":"tag-topix"},"share_on_mastodon":{"url":"https:\/\/pubeurope.com\/@es\/115595721089613129","error":""},"_links":{"self":[{"href":"https:\/\/www.europesays.com\/es\/wp-json\/wp\/v2\/posts\/250460","targetHints":{"allow":["GET"]}}],"collection":[{"href":"https:\/\/www.europesays.com\/es\/wp-json\/wp\/v2\/posts"}],"about":[{"href":"https:\/\/www.europesays.com\/es\/wp-json\/wp\/v2\/types\/post"}],"author":[{"embeddable":true,"href":"https:\/\/www.europesays.com\/es\/wp-json\/wp\/v2\/users\/2"}],"replies":[{"embeddable":true,"href":"https:\/\/www.europesays.com\/es\/wp-json\/wp\/v2\/comments?post=250460"}],"version-history":[{"count":0,"href":"https:\/\/www.europesays.com\/es\/wp-json\/wp\/v2\/posts\/250460\/revisions"}],"wp:featuredmedia":[{"embeddable":true,"href":"https:\/\/www.europesays.com\/es\/wp-json\/wp\/v2\/media\/250461"}],"wp:attachment":[{"href":"https:\/\/www.europesays.com\/es\/wp-json\/wp\/v2\/media?parent=250460"}],"wp:term":[{"taxonomy":"category","embeddable":true,"href":"https:\/\/www.europesays.com\/es\/wp-json\/wp\/v2\/categories?post=250460"},{"taxonomy":"post_tag","embeddable":true,"href":"https:\/\/www.europesays.com\/es\/wp-json\/wp\/v2\/tags?post=250460"}],"curies":[{"name":"wp","href":"https:\/\/api.w.org\/{rel}","templated":true}]}}