{"id":250464,"date":"2025-11-22T22:32:10","date_gmt":"2025-11-22T22:32:10","guid":{"rendered":"https:\/\/www.europesays.com\/es\/250464\/"},"modified":"2025-11-22T22:32:10","modified_gmt":"2025-11-22T22:32:10","slug":"todos-los-cambios-y-conexiones-con-el-mago-de-oz","status":"publish","type":"post","link":"https:\/\/www.europesays.com\/es\/250464\/","title":{"rendered":"todos los cambios y conexiones con &#8216;El Mago de Oz&#8217;"},"content":{"rendered":"<p class=\"c-paragraph\"><b>[ESTE ART\u00cdCULO CONTIENE SPOILERS DE WICKED: PARTE II]<\/b><\/p>\n<p class=\"c-paragraph\">En noviembre del a\u00f1o pasado, <b><a href=\"https:\/\/www.20minutos.es\/cinemania\/criticas\/wicked-parte-2-perfecto-critica-musical-ariana-grande-cynthia-erivo_6513163_0.html\" title=\"He visto &#039;Wicked: Parte 2&#039; y es un fin de fiesta perfecto: cr\u00edtica del fen\u00f3meno musical de Ariana Grande y Cynthia Erivo\" rel=\"nofollow noopener\" target=\"_blank\">Wicked<\/a><\/b><b><a href=\"\"> <\/a><\/b>lleg\u00f3 a los cines con las mismas posibilidades de triunfar que de fracasar. La avalaban dos d\u00e9cadas de exitoso recorrido en Broadway, pero la obra musical de\u00a0\u00a0Stephen Schwartz, basada en el libro de Gregory Maguire que reinterpretaba el origen de la Bruja Mala del Oeste de El Mago de Oz,\u00a0ni siquiera se hab\u00eda representado en pa\u00edses como Espa\u00f1a y el g\u00e9nero no siempre convenc\u00eda en su salto a la gran pantalla.\u00a0<\/p>\n<p class=\"c-paragraph\">Los rimbombantes nombres propios de su reparto, capitaneado por la \u2018ex-ni\u00f1a Nickelodeon\u2019 y estrella del pop <b>Ariana Grande,<\/b> una <b>Cynthia <\/b><b>Erivo<\/b> casi desconocida entre el p\u00fablico cin\u00e9filo o el guaperas de Los Bridgerton Jonathan Bailey, despertaban entusiasmo y recelo a partes iguales. Por suerte, Wicked se aisl\u00f3 del ruido suspicaz y acall\u00f3 las notas discordantes bajo una voz atronadora que fue conquistando terrero al son de Defying Gravity.\u00a0<\/p>\n<p class=\"c-paragraph\">La victoria fue absoluta para el filme dirigido por <b>Jon M. Chu:<\/b> la cr\u00edtica la situ\u00f3 entre las mejores producciones del a\u00f1o, el p\u00fablico la secund\u00f3 en cartelera y hasta la temporada de premios sucumbi\u00f3, nominando a Erivo y Grande al Oscar, entre otros reconocimientos.\u00a0Un a\u00f1o despu\u00e9s,\u00a0<b>Wicked: Parte II<\/b> <b><a href=\"https:\/\/www.20minutos.es\/cinemania\/criticas\/wicked-parte-2-perfecto-critica-musical-ariana-grande-cynthia-erivo_6513163_0.html\" title=\"He visto &#039;Wicked: Parte 2&#039; y es un fin de fiesta perfecto: cr\u00edtica del fen\u00f3meno musical de Ariana Grande y Cynthia Erivo\" rel=\"nofollow noopener\" target=\"_blank\">(aqu\u00ed<\/a><\/b> puedes leer nuestra cr\u00edtica) se sacude el matiz universitario y juvenil de su predecesora para volverse m\u00e1s adulta, oscura y trepidante, mientras conecta por fin con los acontecimientos de El Mago de Oz.\u00a0<\/p>\n<p class=\"c-paragraph\">El cierre cinematogr\u00e1fico, rodado simult\u00e1neamente con la primera entrega, expande el final del musical de Broadway, mucho m\u00e1s corto y acelerado. Esto es todo lo que pasa en la segunda y \u00faltima entrega de la adaptaci\u00f3n.\u00a0<\/p>\n<p>&#8216;Wicked: Parte II&#8217;: qu\u00e9 pasa en la pel\u00edcula<\/p>\n<p class=\"c-paragraph\">Ciudadanos de Oz, las cosas han cambiado desde el final de Wicked, cuando despedimos a <b>Elphaba <\/b>(Erivo) desatando toda su magia por los cielos de la Ciudad Esmeralda tras descubrir y rechazar las artima\u00f1as del <b>Mago (Jeff <\/b><b>Goldblum<\/b><b>). <\/b>La segunda producci\u00f3n arranca con la protagonista, rebautizada convenientemente como la Bruja Mala del Oeste, exiliada y escondida en el bosque, desde donde lidera la lucha por la libertad de los animales, que empiezan a huir de Oz, y trata de desenmascarar al Mago.\u00a0<\/p>\n<p class=\"c-paragraph\"><b>Glinda <\/b>(Grande), ahora la Bruja Buena que forma parte del c\u00edrculo de confianza del Mago y<b> Madame <\/b><b>Morrible (Michelle Yeoh<\/b><b>), <\/b>se dedica a reconfortar a los ozianos y preparar su boda con <b>Fiyero<\/b><b> (Jonathan Bailey)<\/b> mientras trata de reconciliar a su amiga con el hechicero.\u00a0Fiyero, por su parte, lidera las fuerzas que buscan a Elphaba, pero solo para poder encontrar a la mujer que ha despertado sus sentimientos y evitar que la capturen.<\/p>\n<p class=\"c-paragraph\">La tensi\u00f3n latente se desmorona cuando un tornado procedente de Kansas arrastra a una ni\u00f1a llamada Dorothy Gale a las vidas de los protagonistas, desencadenando una sucesi\u00f3n de transformaciones en ellos. Es as\u00ed como la pel\u00edcula conecta con El Mago de Oz, aunque mantenga el viaje de la ni\u00f1a en la sombra.\u00a0<\/p>\n<p class=\"c-paragraph\">Uno de los giros m\u00e1s inesperados llega con la transformaci\u00f3n de\u00a0<b><b><b><b>Nessarose (Marissa Bode),<\/b><\/b><\/b><\/b>\u00a0la hermana de Elphaba, en la Bruja Mala del Este, la cruel gobernante del Pa\u00eds Munchkin. Su obsesi\u00f3n por mantener cerca a <b>Boq (Ethan Slater)<\/b> provoca que est\u00e9 a punto de matarlo con el grimorio de su hermana, y Elphaba, para evitarlo,<b> lo convierte en el Hombre de Hojalata,<\/b> un ser sin coraz\u00f3n que quiere vengarse de la bruja verde. <b>Nessarose termina siendo es arrollada y asesinada por la casa de\u00a0Dorothy.<\/b><\/p>\n<p class=\"c-paragraph\">La boda entre Fiyero y Glinda se tuerce cuando \u00e9l se reencuentra con Elphaba, que trata de rescatar a varios animales encerrados en el palacio, y deja a la rubia plantada en el altar. Tras declararse su amor, la pareja vuelve a separarse cuando el pr\u00edncipe se deja atrapar por las fuerzas del Mago para evitar que atrapen a su amada.\u00a0<\/p>\n<p class=\"c-paragraph\">Esta, <b>para salvarlo de la tortura y la muerte, lo convierte sin saberlo en el Espantap\u00e1jaros.<\/b> Previamente, la pel\u00edcula nos ha ense\u00f1ado al Le\u00f3n Cobarde (con voz de Colman Domingo), ese mismo que conocimos en la primera pel\u00edcula siendo tan solo un cachorro, rescatado por Fyiero y Elphaba. De este modo, ya tenemos a los tres acompa\u00f1antes de Dorothy en su traves\u00eda por el camino de baldosas amarillas.\u00a0<\/p>\n<p>&#8216;Wicked: Parte II&#8217;: final explicado<\/p>\n<p class=\"c-paragraph\">La Ciudad Esmeralda se prepara para acabar de una vez por todas con la Bruja Mala del Oeste. Dorothy ha conseguido llegar hasta el Mago y este pide que mate a su enemiga antes de enviarla de vuelta a casa. As\u00ed, la peque\u00f1a se dispone a llevar a cabo la misi\u00f3n de acabar con la que le han hecho creer que es la gran villana de la historia, junto a un Hombre de Hojalata aguerrido, el Le\u00f3n y el Espantap\u00e1jaros.\u00a0<\/p>\n<p class=\"c-paragraph\">Glinda se adelanta al grupo y consigue llegar a tiempo para avisar a su amiga de que vienen a cazarla, pero ella, tras la p\u00e9rdida de Fiyero, se da por vencida. Entrega a Glinda el grimorio y le dice que deje que la gente la considere mala, que as\u00ed ella podr\u00e1 ser la buena y cambiar las cosas en Oz. Justo despu\u00e9s, la encierra en un cuarto desde el que\u00a0<b>la rubia escucha c\u00f3mo Dorothy arroja un cubo de agua mort\u00edfero a su amiga y acaba con ella.<\/b>\u00a0<\/p>\n<p class=\"c-paragraph\">A su regreso a una Ciudad Esmeralda de celebraci\u00f3n por la victoria de Dorothy y su regreso a casa, Glinda muestra al Mago un tarro que llevaba Elphana y este se da cuenta de que le pertenece: Elphaba era su hija, fruto de un escarceo que tuvo con su madre hace a\u00f1os. Glinda ordena al hechicero, conmocionado por el descubrimiento, que abandone Oz, encarcela a Madame\u00a0Morrible y se hace con el control para gobernar con bondad.\u00a0<\/p>\n<p class=\"c-paragraph\">En la siguiente escena, nos reencontramos con Glinda en Munchkinland, justo donde la dejamos al principio de la primera pel\u00edcula, cuando anunci\u00f3 la muerte de la Bruja Mala del Oeste. Suma a los animales a la conversaci\u00f3n, haci\u00e9ndolos part\u00edcipes y demostrando que empieza una nueva era en Oz y de que intentar\u00e1 ser Glinda la Buena.\u00a0<\/p>\n<p class=\"c-paragraph\">La pel\u00edcula nos guarda una \u00faltima sorpresa, un giro que cambia una vez m\u00e1s lo que cre\u00edamos saber de El Mago de Oz. <b>Volvemos al castillo en ruinas donde ha muerto Elphaba y vemos una trampilla a la que se asoma el Espantap\u00e1jaros. La abre y Elphaba,<\/b> que ha sobrevivido al ataque de Dorothy, sale del compartimento secreto. Todo ha sido un enga\u00f1o para fingir su muerte.\u00a0<\/p>\n<p class=\"c-paragraph\">En ese momento, la protagonista descubre que Fiyero no ha muerto, que es el Espantap\u00e1jaros. Ambos emprenden el viaje al vac\u00edo, un p\u00e1ramo des\u00e9rtico y misterioso al que se accede tras abandonar Oz, dejando a Glinda gobernar, sin saber que est\u00e1n vivos. La pel\u00edcula nos despide con las amigas entonando For Good por \u00faltima vez, a kil\u00f3metros de distancia.\u00a0<\/p>\n<p class=\"c-paragraph\">Wicked: Parte II ha seguido as\u00ed el relato del musical, pero ampliando el viaje de las protagonistas (Stephen Schwartz ha incluido dos canciones in\u00e9ditas,\u00a0No Place\u00a0Like\u00a0Home para Erivo y The\u00a0Girl\u00a0in\u00a0the\u00a0Bubble para Grande)\u00a0y dando m\u00e1s espacio a la alegor\u00eda pol\u00edtica. Si bien la obra Wicked tiene, de principio a fin, mucho de ello, es su segunda entrega la que plantea abierta y deliberadamente un debate sobre la discriminaci\u00f3n, la desinformaci\u00f3n o el mal uso de la propaganda.<\/p>\n<p class=\"c-paragraph\">Por suerte, no se ha optado por alargar el filme dando m\u00e1s protagonismo a la trama de El Mago de Oz y ha respetado que esta tome un segundo plano, que solo se intuya, que ni siquiera veamos la cara de Dorothy, igual que en la obra de Broadway. Porque esta es la historia de Elphaba y Glinda, de su autodescubrimiento y crecimiento, de su b\u00fasqueda de una identidad y un hogar propios.\u00a0<\/p>\n<p class=\"c-paragraph\">Sin duda, Wicked: Parte II es la carta de amor de Chu a un musical que lo ha acompa\u00f1ado durante m\u00e1s de dos d\u00e9cadas, y en cuya adaptaci\u00f3n ha trabajado los \u00faltimos cinco a\u00f1os. Tiene todo lo que encumbr\u00f3 al musical y a su primera parte en pantalla, pero vuelve a sacar provecho al medio cinematogr\u00e1fico para hacerse m\u00e1s profunda y relevante.\u00a0<\/p>\n","protected":false},"excerpt":{"rendered":"[ESTE ART\u00cdCULO CONTIENE SPOILERS DE WICKED: PARTE II] En noviembre del a\u00f1o pasado, Wicked lleg\u00f3 a los cines&hellip;\n","protected":false},"author":2,"featured_media":250465,"comment_status":"","ping_status":"","sticky":false,"template":"","format":"standard","meta":{"footnotes":""},"categories":[91],"tags":[146,147,25,24,21041,1058,5256,863,23,48409],"class_list":{"0":"post-250464","1":"post","2":"type-post","3":"status-publish","4":"format-standard","5":"has-post-thumbnail","7":"category-entretenimiento","8":"tag-entertainment","9":"tag-entretenimiento","10":"tag-es","11":"tag-espana","12":"tag-explicado","13":"tag-final","14":"tag-ii","15":"tag-parte","16":"tag-spain","17":"tag-wicked"},"share_on_mastodon":{"url":"https:\/\/pubeurope.com\/@es\/115595728822895758","error":""},"_links":{"self":[{"href":"https:\/\/www.europesays.com\/es\/wp-json\/wp\/v2\/posts\/250464","targetHints":{"allow":["GET"]}}],"collection":[{"href":"https:\/\/www.europesays.com\/es\/wp-json\/wp\/v2\/posts"}],"about":[{"href":"https:\/\/www.europesays.com\/es\/wp-json\/wp\/v2\/types\/post"}],"author":[{"embeddable":true,"href":"https:\/\/www.europesays.com\/es\/wp-json\/wp\/v2\/users\/2"}],"replies":[{"embeddable":true,"href":"https:\/\/www.europesays.com\/es\/wp-json\/wp\/v2\/comments?post=250464"}],"version-history":[{"count":0,"href":"https:\/\/www.europesays.com\/es\/wp-json\/wp\/v2\/posts\/250464\/revisions"}],"wp:featuredmedia":[{"embeddable":true,"href":"https:\/\/www.europesays.com\/es\/wp-json\/wp\/v2\/media\/250465"}],"wp:attachment":[{"href":"https:\/\/www.europesays.com\/es\/wp-json\/wp\/v2\/media?parent=250464"}],"wp:term":[{"taxonomy":"category","embeddable":true,"href":"https:\/\/www.europesays.com\/es\/wp-json\/wp\/v2\/categories?post=250464"},{"taxonomy":"post_tag","embeddable":true,"href":"https:\/\/www.europesays.com\/es\/wp-json\/wp\/v2\/tags?post=250464"}],"curies":[{"name":"wp","href":"https:\/\/api.w.org\/{rel}","templated":true}]}}