{"id":250466,"date":"2025-11-22T22:34:10","date_gmt":"2025-11-22T22:34:10","guid":{"rendered":"https:\/\/www.europesays.com\/es\/250466\/"},"modified":"2025-11-22T22:34:10","modified_gmt":"2025-11-22T22:34:10","slug":"el-ceeic-investigara-la-forma-de-introducir-la-inteligencia-artificial-en-los-nuevos-submarinos","status":"publish","type":"post","link":"https:\/\/www.europesays.com\/es\/250466\/","title":{"rendered":"El Ceeic investigar\u00e1 la forma de introducir la inteligencia artificial en los nuevos submarinos"},"content":{"rendered":"<p>El Ceeic se convertir\u00e1 en todo un centro de investigaci\u00f3n volcado en la b\u00fasqueda de nuevas tecnolog\u00edas. La sede de la instituci\u00f3n en Cabezo Beaza  &#8230; albergar\u00e1 una aceleradora de proyectos relacionados con la investigaci\u00f3n en inteligencia artificial aplicada a la industria naval y de la defensa. Dentro del programa regional Caetra, la entidad dirigida por Nuria Castillo ha sido seleccionada para atraer a esas empresas que, con algo de orientaci\u00f3n, formaci\u00f3n y medios econ\u00f3micos, podr\u00edan ser esa pata de confianza que la Armada necesita y busca para innovar e introducir en sus submarinos, en su Serie S-80, nuevos elementos &#8216;made in Spain&#8217; que aminoren la dependencia tecnol\u00f3gica del pa\u00eds respecto de proveedores extranjeros. Todo ello al mismo tiempo que se impulsa la industria y el talento local.<\/p>\n<p class=\"v-p\">De esta filosof\u00eda y metodolog\u00eda de trabajo hicieron part\u00edcipes a un reducido grupo de empresarios durante un &#8216;briefing&#8217; en la sede del Ceeic que sirvi\u00f3 de presentaci\u00f3n de este nuevo reto que se han marcado tanto la Armada como el Gobierno regional. Al encuentro asistieron tanto la alcaldesa, Noelia Arroyo, como la consejera de Empresa, Marisa L\u00f3pez. Ambas ejercieron de anfitrionas de una jornada que tambi\u00e9n cont\u00f3 con la presencia, entre otros, del presidente de la C\u00e1mara de Comercio, Miguel Mart\u00ednez, o el rector de la UPCT, Mathieu Kessler. Tambi\u00e9n acudieron el primer teniente de alcalde, Diego Salinas, y el edil \u00c1lvaro Vald\u00e9s.<\/p>\n<p>\nLa cifra\n<\/p>\n<p>5 millones de euros destina el Gobierno regional a la denominada l\u00ednea de ayudas Caetra Arsenal, la cual est\u00e1 orientada a aquellas empresas de Cartagena con inter\u00e9s en dar un salto cualitativo en su madurez y orientaci\u00f3n hacia el sector de la defensa<\/p>\n<p class=\"v-p\">En representaci\u00f3n de la Armada, el capit\u00e1n de nav\u00edo Juan Manuel Torrijos explic\u00f3, a preguntas de los medios de comunicaci\u00f3n que, actualmente, los submarinos S-80 no incorporan ning\u00fan elemento que use la inteligencia artificial y comparti\u00f3 el especial inter\u00e9s del estamento militar en modernizar los sumergibles a trav\u00e9s de esta v\u00eda. Explic\u00f3 que la IA abre una ventana inexplorada al desarrollo de herramientas que, ejemplific\u00f3, puedan interpretar las se\u00f1ales de un s\u00f3nar e indicar a la dotaci\u00f3n del submarino el tipo de objeto ante el que se encuentran. O incluso tambi\u00e9n estudiar, evaluar y diagnosticar la reparaci\u00f3n y piezas que se necesitan para solventar una aver\u00eda.<\/p>\n<p class=\"v-p\">Para la implantaci\u00f3n de esta nueva aceleradora en el Ceeic, el Gobierno regional ha invertido de entrada 100.000 euros en el acondicionamiento de una de las salas de la sede de Cabezo Beaza, que ha sido equipada con el mobiliario y tecnolog\u00eda necesaria. Una inversi\u00f3n de escasa entidad que, no obstante, se suma a los cinco millones con los que cuenta el programa Caetra Arsenal que est\u00e1 dirigido a empresas de Cartagena con inter\u00e9s en dar un salto cualitativo en su madurez hacia el sector de la defensa.<\/p>\n<p class=\"v-p\">\u00abLa Regi\u00f3n de Murcia vuelve a situarse en la vanguardia, porque este programa no solo anticipa el futuro, lo construye desde Cartagena\u00bb, subray\u00f3 la consejera, quien destac\u00f3 que \u00abbajo el paraguas de Caetra, damos un paso m\u00e1s en nuestro objetivo estrat\u00e9gico de convertirnos en referente nacional y europeo en tecnolog\u00edas duales, \u00fatiles tanto para la defensa como para la seguridad civil, que generan empleo cualificado, atraen inversi\u00f3n y protegen nuestras libertades\u00bb.<\/p>\n<p class=\"v-p\">La alcaldesa quiso aprovechar esta ocasi\u00f3n para, en la misma l\u00ednea que L\u00f3pez, presumir de la raigambre cartagenera de Caetra. Una valoraci\u00f3n no casual teniendo en cuenta la gran pol\u00e9mica que suscit\u00f3 el anuncio del presidente regional, Fernando L\u00f3pez Miras, de la instalaci\u00f3n en Murcia del Centro de Innovaci\u00f3n Tecnol\u00f3gica en Espacio Cognitivo y Ciberdefensa. \u00abEs una iniciativa pionera y novedosa en Cartagena, tan original como lo fue la primera aceleradora comercial de la defensa que tambi\u00e9n naci\u00f3 aqu\u00ed\u00bb.<\/p>\n<p class=\"v-p\">La regidora situ\u00f3 como \u00abun paso m\u00e1s en la consolidaci\u00f3n de un ecosistema de defensa y tecnolog\u00eda que ya es una realidad en la ciudad\u00bb. La alcaldesa subray\u00f3 que el programa nace para que nuevas empresas tecnol\u00f3gicas trabajen sobre retos reales del submarino S-80 y puedan integrarse en la cadena de suministro del sector defensa. Algo a lo que, resalt\u00f3, el Ayuntamiento no asiste como mero espectador, sino como otro brazo impulsor.<\/p>\n","protected":false},"excerpt":{"rendered":"El Ceeic se convertir\u00e1 en todo un centro de investigaci\u00f3n volcado en la b\u00fasqueda de nuevas tecnolog\u00edas. La&hellip;\n","protected":false},"author":2,"featured_media":250467,"comment_status":"","ping_status":"","sticky":false,"template":"","format":"standard","meta":{"footnotes":""},"categories":[80],"tags":[5099,82,63504,95,94,25,24,1142,7446,63506,63505,5024,23,29209],"class_list":{"0":"post-250466","1":"post","2":"type-post","3":"status-publish","4":"format-standard","5":"has-post-thumbnail","7":"category-economia","8":"tag-artificial","9":"tag-business","10":"tag-ceeic","11":"tag-economia","12":"tag-economy","13":"tag-es","14":"tag-espana","15":"tag-forma","16":"tag-inteligencia","17":"tag-introducir","18":"tag-investigara","19":"tag-nuevos","20":"tag-spain","21":"tag-submarinos"},"share_on_mastodon":{"url":"https:\/\/pubeurope.com\/@es\/115595737161777286","error":""},"_links":{"self":[{"href":"https:\/\/www.europesays.com\/es\/wp-json\/wp\/v2\/posts\/250466","targetHints":{"allow":["GET"]}}],"collection":[{"href":"https:\/\/www.europesays.com\/es\/wp-json\/wp\/v2\/posts"}],"about":[{"href":"https:\/\/www.europesays.com\/es\/wp-json\/wp\/v2\/types\/post"}],"author":[{"embeddable":true,"href":"https:\/\/www.europesays.com\/es\/wp-json\/wp\/v2\/users\/2"}],"replies":[{"embeddable":true,"href":"https:\/\/www.europesays.com\/es\/wp-json\/wp\/v2\/comments?post=250466"}],"version-history":[{"count":0,"href":"https:\/\/www.europesays.com\/es\/wp-json\/wp\/v2\/posts\/250466\/revisions"}],"wp:featuredmedia":[{"embeddable":true,"href":"https:\/\/www.europesays.com\/es\/wp-json\/wp\/v2\/media\/250467"}],"wp:attachment":[{"href":"https:\/\/www.europesays.com\/es\/wp-json\/wp\/v2\/media?parent=250466"}],"wp:term":[{"taxonomy":"category","embeddable":true,"href":"https:\/\/www.europesays.com\/es\/wp-json\/wp\/v2\/categories?post=250466"},{"taxonomy":"post_tag","embeddable":true,"href":"https:\/\/www.europesays.com\/es\/wp-json\/wp\/v2\/tags?post=250466"}],"curies":[{"name":"wp","href":"https:\/\/api.w.org\/{rel}","templated":true}]}}