{"id":250468,"date":"2025-11-22T22:35:15","date_gmt":"2025-11-22T22:35:15","guid":{"rendered":"https:\/\/www.europesays.com\/es\/250468\/"},"modified":"2025-11-22T22:35:15","modified_gmt":"2025-11-22T22:35:15","slug":"un-incendio-en-un-buque-de-carga-provoca-una-grave-emergencia-en-el-puerto-de-los-angeles-el-mas-activo-de-america-del-norte","status":"publish","type":"post","link":"https:\/\/www.europesays.com\/es\/250468\/","title":{"rendered":"Un incendio en un buque de carga provoca una grave emergencia en el puerto de Los \u00c1ngeles, el m\u00e1s activo de Am\u00e9rica del Norte"},"content":{"rendered":"<p>      CNN<br \/>\n        \u00a0\u2014\u00a0<\/p>\n<p class=\"paragraph inline-placeholder vossi-paragraph\" data-uri=\"es.cms.cnn.com\/_components\/paragraph\/instances\/cmia4t2ap001t26qj7p9rhnh1@published\" data-editable=\"text\" data-component-name=\"paragraph\" data-article-gutter=\"true\">\n            M\u00e1s de <a href=\"https:\/\/lafd.org\/alert\/update-major-emergency-ship-fire-11212025-inc1555-0\" target=\"_blank\" rel=\"nofollow noopener\">180 bomberos<\/a> lucharon contra un incendio que se desat\u00f3 este viernes por la noche en un buque de carga atracado en el Puerto de Los \u00c1ngeles, autodenominado como el m\u00e1s activo de Am\u00e9rica del Norte.\n    <\/p>\n<p class=\"paragraph inline-placeholder vossi-paragraph\" data-uri=\"es.cms.cnn.com\/_components\/paragraph\/instances\/cmia4v0wj0005356n7py3oufr@published\" data-editable=\"text\" data-component-name=\"paragraph\" data-article-gutter=\"true\">\n            La causa habr\u00eda sido un incendio el\u00e9ctrico en la cubierta inferior del carguero One Henry Hudson, que se desat\u00f3 a las 18:38, hora local, seg\u00fan el Departamento de Bomberos de Los \u00c1ngeles (LAFD).\n    <\/p>\n<p class=\"paragraph inline-placeholder vossi-paragraph\" data-uri=\"es.cms.cnn.com\/_components\/paragraph\/instances\/cmia4zgwk000g356nwlx0wi9c@published\" data-editable=\"text\" data-component-name=\"paragraph\" data-article-gutter=\"true\">\n            Una explosi\u00f3n sacudi\u00f3 el buque poco antes de las 20:00, dejando sin electricidad a las luces y las gr\u00faas, inform\u00f3 el <a href=\"https:\/\/lafd.org\/alert\/update-major-emergency-status-ship-fire-11212025-inc1555-0\" target=\"_blank\" rel=\"nofollow noopener\">(LAFD) .<\/a>\n    <\/p>\n<p class=\"paragraph inline-placeholder vossi-paragraph\" data-uri=\"es.cms.cnn.com\/_components\/paragraph\/instances\/cmiaaafwp0002356nr1ff12v0@published\" data-editable=\"text\" data-component-name=\"paragraph\" data-article-gutter=\"true\">\n            No se reportaron heridos y los 23 miembros de la tripulaci\u00f3n fueron evacuados del barco, <a href=\"https:\/\/lafd.org\/alert\/structure-fire-now-out-11212025-inc1781\" target=\"_blank\" rel=\"nofollow noopener\">dijeron<\/a> las autoridades.\n    <\/p>\n<p class=\"paragraph inline-placeholder vossi-paragraph\" data-uri=\"es.cms.cnn.com\/_components\/paragraph\/instances\/cmiaaafwp0003356ny144lswo@published\" data-editable=\"text\" data-component-name=\"paragraph\" data-article-gutter=\"true\">\n            El <a href=\"https:\/\/www.portoflosangeles.org\/references\/2025-news-releases\/news_112125_ship_fire\" target=\"_blank\" rel=\"nofollow noopener\">Puerto de Los \u00c1ngeles<\/a> dijo que cuatro de sus siete terminales de contenedores han suspendido sus operaciones y se ha establecido una zona de seguridad alrededor del barco.\n    <\/p>\n<p class=\"paragraph inline-placeholder vossi-paragraph\" data-uri=\"es.cms.cnn.com\/_components\/paragraph\/instances\/cmiaa9ke00000356nzguf7yh9@published\" data-editable=\"text\" data-component-name=\"paragraph\" data-article-gutter=\"true\">\n            \u201cMuchos de nuestros barcos de bomberos est\u00e1n ah\u00ed. Est\u00e1n intentando enfriar esta embarcaci\u00f3n\u201d, declar\u00f3 el capit\u00e1n del departamento de bomberos, Adam Van Gerpen, en una conferencia de prensa.\n    <\/p>\n<p>       <img decoding=\"async\" src=\"https:\/\/www.europesays.com\/es\/wp-content\/uploads\/2025\/11\/ap25326185213969-20251122102602845.jpg\" alt=\"Esta imagen tomada de un video proporcionado por ABC7 muestra a los socorristas luchando contra un incendio en un barco portacontenedores atracado en el Puerto de Los \u00c1ngeles, el viernes.\" class=\"image__dam-img image__dam-img--loading\" onload=\"this.classList.remove('image__dam-img--loading')\" onerror=\"imageLoadError(this)\" height=\"573\" width=\"860\" loading=\"lazy\"\/><\/p>\n<p class=\"paragraph inline-placeholder vossi-paragraph\" data-uri=\"es.cms.cnn.com\/_components\/paragraph\/instances\/cmia4v0wj000a356nlne5mxyt@published\" data-editable=\"text\" data-component-name=\"paragraph\" data-article-gutter=\"true\">\n            Varios contenedores de carga implicados en el incendio transportaban materiales peligrosos, por lo que los bomberos deb\u00edan usar trajes de protecci\u00f3n y m\u00e1scaras de ox\u00edgeno, explic\u00f3 Van Gerpen.\n    <\/p>\n<p class=\"paragraph inline-placeholder vossi-paragraph\" data-uri=\"es.cms.cnn.com\/_components\/paragraph\/instances\/cmiaaidgh000m356nhd4q7qqz@published\" data-editable=\"text\" data-component-name=\"paragraph\" data-article-gutter=\"true\">\n            Se est\u00e1 monitoreando la calidad del aire mientras las cuadrillas trabajan durante la noche para extinguir el incendio en los niveles inferiores del barco.\n    <\/p>\n<p class=\"paragraph inline-placeholder vossi-paragraph\" data-uri=\"es.cms.cnn.com\/_components\/paragraph\/instances\/cmiaagjxg000h356n7m6v7xqe@published\" data-editable=\"text\" data-component-name=\"paragraph\" data-article-gutter=\"true\">\n            A las 11 p.m., el Departamento de Bomberos <a href=\"https:\/\/lafd.org\/alert\/update-major-emergency-ship-fire-11212025-inc1555-2\" target=\"_blank\" rel=\"nofollow noopener\">de Los \u00c1ngeles (LAFD)<\/a> orden\u00f3 a todos los bomberos que abandonaran la cubierta.\n    <\/p>\n<p class=\"paragraph inline-placeholder vossi-paragraph\" data-uri=\"es.cms.cnn.com\/_components\/paragraph\/instances\/cmiaaizjb000o356npkuqaqct@published\" data-editable=\"text\" data-component-name=\"paragraph\" data-article-gutter=\"true\">\n            A medianoche, <a href=\"https:\/\/lafd.org\/alert\/shelterinplace-order-issued-san-pedro-and-wilmington-11222025\" target=\"_blank\" rel=\"noopener noreferrer nofollow\">las autoridades<\/a> recomendaron a los residentes de San Pedro y Wilmington que se refugiaran en sus hogares.\n    <\/p>\n<p class=\"paragraph inline-placeholder vossi-paragraph\" data-uri=\"es.cms.cnn.com\/_components\/paragraph\/instances\/cmia4v0wj0007356nsxgaih7o@published\" data-editable=\"text\" data-component-name=\"paragraph\" data-article-gutter=\"true\">\n            \u201cEntren INMEDIATAMENTE y cierren todas las ventanas y puertas. Apaguen el aire acondicionado y la calefacci\u00f3n. Lleven a todas las personas y mascotas a una habitaci\u00f3n interior hasta recibir m\u00e1s instrucciones\u201d, avis\u00f3 el departamento de bomberos, citando materiales peligrosos relacionados con el incendio en el barco.\n    <\/p>\n<p class=\"paragraph inline-placeholder vossi-paragraph\" data-uri=\"es.cms.cnn.com\/_components\/paragraph\/instances\/cmiaakeus000t356nbdl8w4ch@published\" data-editable=\"text\" data-component-name=\"paragraph\" data-article-gutter=\"true\">\n            El Departamento de Bomberos de Long Beach, la Polic\u00eda del Puerto de Los \u00c1ngeles y la Guardia Costera de Estados Unidos tambi\u00e9n est\u00e1n respondiendo al incidente.\n    <\/p>\n<p class=\"paragraph inline-placeholder vossi-paragraph\" data-uri=\"es.cms.cnn.com\/_components\/paragraph\/instances\/cmia4v0wj000b356nr1s3fhs9@published\" data-editable=\"text\" data-component-name=\"paragraph\" data-article-gutter=\"true\">\n            La alcaldesa de Los \u00c1ngeles, Karen Bass, declar\u00f3 en un comunicado en <a href=\"https:\/\/x.com\/MayorOfLA\/status\/1992091590140284945\" target=\"_blank\" rel=\"nofollow\">X<\/a> que la ciudad est\u00e1 monitoreando de cerca la situaci\u00f3n. El gobernador de California, Gavin Newsom, ha sido informado sobre el incidente, seg\u00fan su <a href=\"https:\/\/x.com\/GovPressOffice\/status\/1992105886521942382\" target=\"_blank\" rel=\"nofollow\">oficina<\/a>.\n    <\/p>\n<p class=\"paragraph inline-placeholder vossi-paragraph\" data-uri=\"es.cms.cnn.com\/_components\/paragraph\/instances\/cmia4v0wj000c356nwor3akv2@published\" data-editable=\"text\" data-component-name=\"paragraph\" data-article-gutter=\"true\">\n            El carguero con bandera de Panam\u00e1, construido en 2008, hab\u00eda llegado recientemente de Tokio, seg\u00fan el rastreador en l\u00ednea <a href=\"https:\/\/www.vesselfinder.com\/vessels\/details\/9302176\" target=\"_blank\" rel=\"nofollow noopener\">Vessel Finder<\/a>.\n    <\/p>\n<p class=\"paragraph inline-placeholder vossi-paragraph\" data-uri=\"es.cms.cnn.com\/_components\/paragraph\/instances\/cmia4v0wj000d356nzutkhwg1@published\" data-editable=\"text\" data-component-name=\"paragraph\" data-article-gutter=\"true\">\n            CNN se comunic\u00f3 con la empresa administradora del barco, <a href=\"https:\/\/www.classnk.or.jp\/register\/regships\/one_dsp.aspx?imo=9302176\" target=\"_blank\" rel=\"nofollow noopener\">Fukujin Kisen<\/a>, para solicitar comentarios.\n    <\/p>\n","protected":false},"excerpt":{"rendered":"CNN \u00a0\u2014\u00a0 M\u00e1s de 180 bomberos lucharon contra un incendio que se desat\u00f3 este viernes por la noche&hellip;\n","protected":false},"author":2,"featured_media":250469,"comment_status":"","ping_status":"","sticky":false,"template":"","format":"standard","meta":{"footnotes":""},"categories":[42],"tags":[17,18,13,14,11,63507,61,62,63,64,19,20,9,10,15,16,63508,12,21,22,65,66,67],"class_list":{"0":"post-250468","1":"post","2":"type-post","3":"status-publish","4":"format-standard","5":"has-post-thumbnail","7":"category-internacional","8":"tag-breaking-news","9":"tag-breakingnews","10":"tag-featured-news","11":"tag-featurednews","12":"tag-headlines","13":"tag-incendio-buque","14":"tag-internacional","15":"tag-international","16":"tag-international-news","17":"tag-internationalnews","18":"tag-latest-news","19":"tag-latestnews","20":"tag-news","21":"tag-noticias","22":"tag-noticias-destacadas","23":"tag-noticiasdestacadas","24":"tag-puerto-los-angeles","25":"tag-titulares","26":"tag-ultimas-noticias","27":"tag-ultimasnoticias","28":"tag-world","29":"tag-world-news","30":"tag-worldnews"},"share_on_mastodon":{"url":"https:\/\/pubeurope.com\/@es\/115595741087769770","error":""},"_links":{"self":[{"href":"https:\/\/www.europesays.com\/es\/wp-json\/wp\/v2\/posts\/250468","targetHints":{"allow":["GET"]}}],"collection":[{"href":"https:\/\/www.europesays.com\/es\/wp-json\/wp\/v2\/posts"}],"about":[{"href":"https:\/\/www.europesays.com\/es\/wp-json\/wp\/v2\/types\/post"}],"author":[{"embeddable":true,"href":"https:\/\/www.europesays.com\/es\/wp-json\/wp\/v2\/users\/2"}],"replies":[{"embeddable":true,"href":"https:\/\/www.europesays.com\/es\/wp-json\/wp\/v2\/comments?post=250468"}],"version-history":[{"count":0,"href":"https:\/\/www.europesays.com\/es\/wp-json\/wp\/v2\/posts\/250468\/revisions"}],"wp:featuredmedia":[{"embeddable":true,"href":"https:\/\/www.europesays.com\/es\/wp-json\/wp\/v2\/media\/250469"}],"wp:attachment":[{"href":"https:\/\/www.europesays.com\/es\/wp-json\/wp\/v2\/media?parent=250468"}],"wp:term":[{"taxonomy":"category","embeddable":true,"href":"https:\/\/www.europesays.com\/es\/wp-json\/wp\/v2\/categories?post=250468"},{"taxonomy":"post_tag","embeddable":true,"href":"https:\/\/www.europesays.com\/es\/wp-json\/wp\/v2\/tags?post=250468"}],"curies":[{"name":"wp","href":"https:\/\/api.w.org\/{rel}","templated":true}]}}