{"id":250470,"date":"2025-11-22T22:36:11","date_gmt":"2025-11-22T22:36:11","guid":{"rendered":"https:\/\/www.europesays.com\/es\/250470\/"},"modified":"2025-11-22T22:36:11","modified_gmt":"2025-11-22T22:36:11","slug":"la-policia-dispara-a-un-joven-tras-abalanzarse-contra-los-agentes-armado-con-un-cuchillo-en-vallecas","status":"publish","type":"post","link":"https:\/\/www.europesays.com\/es\/250470\/","title":{"rendered":"La Polic\u00eda dispara a un joven tras abalanzarse contra los agentes armado con un cuchillo en Vallecas"},"content":{"rendered":"<p style=\"\">La Polic\u00eda Nacional se ha visto obligada esta tarde a disparar contra un joven de 18 a\u00f1os tras abalanzarse sobre varios agentes armado con un cuchillo. Los hechos, que han tenido lugar en el n\u00famero 69 de la calle Pe\u00f1a de Atalaya (en el distrito  &#8230; de Puente de Vallecas), se han desatado tras la llamada de alerta del propio hermano del herido. A eso de las 16.45 horas, los servicios de emergencia eran requeridos ante la presencia de este sujeto en el interior del domicilio familiar, con un arma blanca entre las manos y con las facultades mentales totalmente alteradas fruto de la posible ingesta de drogas.<\/p>\n<p class=\"voc-p\" style=\"\">As\u00ed, agentes del Cuerpo Nacional y Municipal se han desplazado de inmediato hasta la vivienda para tratar de controlar la situaci\u00f3n. A su llegada, ning\u00fan familiar se encontraba ya dentro, a excepci\u00f3n de este individuo, de origen magreb\u00ed, quien manten\u00eda una actitud totalmente agresiva. Tal era la gravedad, que al abrir la puerta, un agente municipal y otro nacional han hecho uso de sus pistolas t\u00e1ser para intentar reducirlo. Pero el impacto de las descargas sobre su cuerpo ha sido en balde, seguramente por los efectos de las sustancias consumidas.<\/p>\n<p class=\"voc-p\" style=\"\">Tras ello, el sujeto ha cerrado la puerta de nuevo, por lo que los funcionarios presentes han solicitado refuerzo de las Unidades de Intervenci\u00f3n Policial (UIP), los cuales al personarse han llamado en reiteradas ocasiones para tratar de que saliera de la casa y se entregara. La respuesta en cualquier caso ha sido negativa, por lo que al percatarse de que la violenta escalada iba a mayores, han tomado la determinaci\u00f3n de entrar.<\/p>\n<p class=\"voc-p\" style=\"\">Los miembros de la UIP han reventado la puerta y al acceder se han visto sorprendidos por el joven, que se ha tirado sobre los agentes cuchillo en mano con la intenci\u00f3n de clav\u00e1rselo. Una acci\u00f3n que ha provocado la reacci\u00f3n de los intervinientes, los cu\u00e1les han disparado contra el agresor ante la imposibilidad de frenarlo por otros medios. Ha recibido tres impactos de bala, uno en la zona renal, otro en el t\u00f3rax y un \u00faltimo en la cadera.<\/p>\n<p class=\"voc-p\" style=\"\">R\u00e1pidamente, los efectivos policiales han taponado las heridas y han dado aviso a los facultativos de Samur-Protecci\u00f3n Civil. Los m\u00e9dicos le han logrado estabilizar, antes de trasladarlo en estado grave al hospital Gregorio Mara\u00f1\u00f3n. La zona ha sido acordonada, mientras buena parte del vecindario se preguntaba lo que hab\u00eda pasado, en un enclave del barrio de San Diego azotado desde hace a\u00f1os por los narcopisos y el trapicheo de droga.<\/p>\n","protected":false},"excerpt":{"rendered":"La Polic\u00eda Nacional se ha visto obligada esta tarde a disparar contra un joven de 18 a\u00f1os tras&hellip;\n","protected":false},"author":2,"featured_media":250471,"comment_status":"","ping_status":"","sticky":false,"template":"","format":"standard","meta":{"footnotes":""},"categories":[8],"tags":[63509,20523,3986,17,18,18177,5658,25,24,13,14,11,1928,19,20,9,10,15,16,586,23,12,575,21,22],"class_list":{"0":"post-250470","1":"post","2":"type-post","3":"status-publish","4":"format-standard","5":"has-post-thumbnail","7":"category-espana","8":"tag-abalanzarse","9":"tag-agentes","10":"tag-armado","11":"tag-breaking-news","12":"tag-breakingnews","13":"tag-cuchillo","14":"tag-dispara","15":"tag-es","16":"tag-espana","17":"tag-featured-news","18":"tag-featurednews","19":"tag-headlines","20":"tag-joven","21":"tag-latest-news","22":"tag-latestnews","23":"tag-news","24":"tag-noticias","25":"tag-noticias-destacadas","26":"tag-noticiasdestacadas","27":"tag-policia","28":"tag-spain","29":"tag-titulares","30":"tag-tras","31":"tag-ultimas-noticias","32":"tag-ultimasnoticias"},"share_on_mastodon":{"url":"https:\/\/pubeurope.com\/@es\/115595744742212189","error":""},"_links":{"self":[{"href":"https:\/\/www.europesays.com\/es\/wp-json\/wp\/v2\/posts\/250470","targetHints":{"allow":["GET"]}}],"collection":[{"href":"https:\/\/www.europesays.com\/es\/wp-json\/wp\/v2\/posts"}],"about":[{"href":"https:\/\/www.europesays.com\/es\/wp-json\/wp\/v2\/types\/post"}],"author":[{"embeddable":true,"href":"https:\/\/www.europesays.com\/es\/wp-json\/wp\/v2\/users\/2"}],"replies":[{"embeddable":true,"href":"https:\/\/www.europesays.com\/es\/wp-json\/wp\/v2\/comments?post=250470"}],"version-history":[{"count":0,"href":"https:\/\/www.europesays.com\/es\/wp-json\/wp\/v2\/posts\/250470\/revisions"}],"wp:featuredmedia":[{"embeddable":true,"href":"https:\/\/www.europesays.com\/es\/wp-json\/wp\/v2\/media\/250471"}],"wp:attachment":[{"href":"https:\/\/www.europesays.com\/es\/wp-json\/wp\/v2\/media?parent=250470"}],"wp:term":[{"taxonomy":"category","embeddable":true,"href":"https:\/\/www.europesays.com\/es\/wp-json\/wp\/v2\/categories?post=250470"},{"taxonomy":"post_tag","embeddable":true,"href":"https:\/\/www.europesays.com\/es\/wp-json\/wp\/v2\/tags?post=250470"}],"curies":[{"name":"wp","href":"https:\/\/api.w.org\/{rel}","templated":true}]}}