{"id":250474,"date":"2025-11-22T22:42:15","date_gmt":"2025-11-22T22:42:15","guid":{"rendered":"https:\/\/www.europesays.com\/es\/250474\/"},"modified":"2025-11-22T22:42:15","modified_gmt":"2025-11-22T22:42:15","slug":"italia-vs-espana-horario-y-como-ver-la-final-de-la-copa-davis-2025","status":"publish","type":"post","link":"https:\/\/www.europesays.com\/es\/250474\/","title":{"rendered":"Italia vs. Espa\u00f1a: horario y c\u00f3mo ver la final de la Copa Davis 2025"},"content":{"rendered":"<p>22  de  nov, 2025, 13:02 ET<\/p>\n<p><strong>Se define la m\u00edtica <a href=\"https:\/\/espndeportes.espn.com\/tenis\/nota\/_\/id\/15989759\/sorteo-de-la-copa-davis-2026-a-quien-podria-enfrentar-argentina\" rel=\"nofollow noopener\" target=\"_blank\">Copa Davis<\/a> en este 2025<\/strong> y en la final estar\u00e1n dos selecciones que no cuentan con sus m\u00e1ximas figuras. De un lado,<strong> Italia, sin Jannik Sinner (2\u00b0 del ranking mundial) ni Lorenzo Musetti (8\u00b0)<\/strong>, del otro, <strong>Espa\u00f1a sin Carlos Alcaraz (1\u00b0) ni Alejandro Davidovich Fokina (14\u00b0).<\/strong><\/p>\n<p>Para llegar a esta instancia, Italia no perdi\u00f3 puntos: derrot\u00f3 en los dos singles a Austria en cuartos de final y posteriormente a B\u00e9lgica en semifinales, con Matteo Berrettini y Flavio Cobolli como grandes figuras.<\/p>\n<p>Selecciones Editoriales<\/p>\n<ul>\n<li><a name=\"&amp;lpos=story:editorspicks:inline:1\" href=\"https:\/\/espndeportes.espn.com\/tenis\/nota\/_\/id\/15987219\/el-admirable-gesto-de-cobolli-con-bergs-tras-clasificar-a-la-final-de-la-copa-davis-italia-belgica\" class=\"img-link\" rel=\"nofollow noopener\" target=\"_blank\"><img loading=\"lazy\" decoding=\"async\" src=\"https:\/\/www.europesays.com\/es\/wp-content\/uploads\/2025\/11\/r1578792_1296x1296_1-1.jpg&#038;w=130&#038;h=130&#038;scale=crop&#038;location=center.jpeg\" width=\"65\" height=\"65\"\/><\/a><\/li>\n<li><a name=\"&amp;lpos=story:editorspicks:inline:2\" href=\"https:\/\/espndeportes.espn.com\/tenis\/nota\/_\/id\/15982805\/copa-davis-argentina-alemania-cuartos-de-final-cerundolo-zverev-etcheverry-struff\" class=\"img-link\" rel=\"nofollow noopener\" target=\"_blank\"><img loading=\"lazy\" decoding=\"async\" src=\"https:\/\/www.europesays.com\/es\/wp-content\/uploads\/2025\/11\/r1578459_1296x1296_1-1.jpg&#038;w=130&#038;h=130&#038;scale=crop&#038;location=center.jpeg\" width=\"65\" height=\"65\"\/><\/a><\/li>\n<\/ul>\n<p>1 Relacionado<\/p>\n<p>Espa\u00f1a, por su parte, tuvo que transpirar y trabajar mucho m\u00e1s que su pr\u00f3ximo rival. Su debut en el Final 8 fue remontando ante la Rep\u00fablica Checa de Jiri Lehecka y Jakub Mensik por 2-1. Mismo resultado ante la Alemania de Alexander Zverev. En ambas instancias, el dobles compuesto por Marcel Granollers y Pedro Mart\u00ednez le dio el punto decisivo.<\/p>\n<p>Horario y c\u00f3mo ver Italia vs. Espa\u00f1a en la final de Copa Davis 2025:<\/p>\n<p>La serie entre Italia y Espa\u00f1a, que definir\u00e1 al gran campe\u00f3n, se disputar\u00e1 este <strong>domingo, 23 de noviembre, desde las 12hs (Argentina y Chile), 10hs (Per\u00fa y Colombia) y 09hs (M\u00e9xico)<\/strong>. Los tres partidos ser\u00e1n transmitidos, en vivo y en directo, por la pantalla de <strong>DirecTV Sports<\/strong>.<\/p>\n<p>Italia, de la mano de Filippo Volandri, intentar\u00e1 alcanzar su tercera corona consecutiva y la cuarta en toda su historia. Espa\u00f1a, por su parte, buscar\u00e1 su s\u00e9ptima corona: en el 2000, 2004, 2008, 2009, 2011 y 2019 se logr\u00f3 consagrar (fue subcampe\u00f3n en 1965, 1967, 2003 y 2012).<\/p>\n","protected":false},"excerpt":{"rendered":"22 de nov, 2025, 13:02 ET Se define la m\u00edtica Copa Davis en este 2025 y en la&hellip;\n","protected":false},"author":2,"featured_media":250475,"comment_status":"","ping_status":"","sticky":false,"template":"","format":"standard","meta":{"footnotes":""},"categories":[274],"tags":[168,25,24,23,167,327,326],"class_list":{"0":"post-250474","1":"post","2":"type-post","3":"status-publish","4":"format-standard","5":"has-post-thumbnail","7":"category-tenis","8":"tag-deportes","9":"tag-es","10":"tag-espana","11":"tag-spain","12":"tag-sports","13":"tag-tenis","14":"tag-tennis"},"share_on_mastodon":{"url":"https:\/\/pubeurope.com\/@es\/115595768890081686","error":""},"_links":{"self":[{"href":"https:\/\/www.europesays.com\/es\/wp-json\/wp\/v2\/posts\/250474","targetHints":{"allow":["GET"]}}],"collection":[{"href":"https:\/\/www.europesays.com\/es\/wp-json\/wp\/v2\/posts"}],"about":[{"href":"https:\/\/www.europesays.com\/es\/wp-json\/wp\/v2\/types\/post"}],"author":[{"embeddable":true,"href":"https:\/\/www.europesays.com\/es\/wp-json\/wp\/v2\/users\/2"}],"replies":[{"embeddable":true,"href":"https:\/\/www.europesays.com\/es\/wp-json\/wp\/v2\/comments?post=250474"}],"version-history":[{"count":0,"href":"https:\/\/www.europesays.com\/es\/wp-json\/wp\/v2\/posts\/250474\/revisions"}],"wp:featuredmedia":[{"embeddable":true,"href":"https:\/\/www.europesays.com\/es\/wp-json\/wp\/v2\/media\/250475"}],"wp:attachment":[{"href":"https:\/\/www.europesays.com\/es\/wp-json\/wp\/v2\/media?parent=250474"}],"wp:term":[{"taxonomy":"category","embeddable":true,"href":"https:\/\/www.europesays.com\/es\/wp-json\/wp\/v2\/categories?post=250474"},{"taxonomy":"post_tag","embeddable":true,"href":"https:\/\/www.europesays.com\/es\/wp-json\/wp\/v2\/tags?post=250474"}],"curies":[{"name":"wp","href":"https:\/\/api.w.org\/{rel}","templated":true}]}}