{"id":250478,"date":"2025-11-22T22:46:08","date_gmt":"2025-11-22T22:46:08","guid":{"rendered":"https:\/\/www.europesays.com\/es\/250478\/"},"modified":"2025-11-22T22:46:08","modified_gmt":"2025-11-22T22:46:08","slug":"la-sorprendente-llegada-de-un-exgobernador-de-jalisco-al-banquillo-del-valladolid-tras-realizar-un-master-en-el-real-madrid-cope","status":"publish","type":"post","link":"https:\/\/www.europesays.com\/es\/250478\/","title":{"rendered":"La sorprendente llegada de un exgobernador de Jalisco al banquillo del Valladolid tras realizar un m\u00e1ster en el Real Madrid &#8211; COPE"},"content":{"rendered":"<ol>\n<li><a href=\"https:\/\/news.google.com\/rss\/articles\/CBMi-wFBVV95cUxQeXlDNU9yUUQxd1AxLTlOdzNsTk9xeHNrV182d2pCS3FlRWgxZjRGbE1CekNZRmF2QlRxcFJhY2gzT0daU0pSemZBVTl3U0szZkxNWXFlNW43YWtmbWU4a2p0eW4yZUc3WHM1MTBaSmRVaUpndzBsUVZHWnVtRUE0SUZ0RDdoZUpQQXV4NFhZenVpa1lyX1duOTY4Nm9FMXZ5RTdYOXlzaFZjanNqMllGc1FCcENoWE5yNVRBaWYwelJrU2Zka0JxV2IyNVJsbW43S2FrY3lzV3JNd2RZbXJuQmZEZmIwd0Q0VVgyUElQNzdQUEVBV1YzVlQwWdIBgAJBVV95cUxOQ1JjUUFZT0pBd3Z5NEZ3ZDBwWC1MajE3R1REQWp1dkxUNnNiZ1ZNY1Z4eHhxNDBHeGw2RmxVakYtRmNfSXVQWW00VGotWGhVYUJHV1A2bUdaQ0ppYkZPcHd0bEJkaUlsRHF5YzkzSVFnZFdING1pNEZ1U3lGU0NJWXcteURuV2lqdzBxWWszRDBuTzNyRDFxVV92V19xUTBDWXlqRTdESE1nUGtfMkltSWxacTVnVUExMkpFaEdUMlR0UDVSb0J0cDlHcXhON1lFUkFYajVYdDY2VTQ5OEtDd1o3bWRHbFZNSk13S1lRTUJoTnU0ZGhVTFZlZjloSUxW?oc=5\" target=\"_blank\" rel=\"nofollow noopener\">La sorprendente llegada de un exgobernador de Jalisco al banquillo del Valladolid tras realizar un m\u00e1ster en el Real Madrid<\/a>&nbsp;&nbsp;COPE<\/li>\n<li><a href=\"https:\/\/news.google.com\/rss\/articles\/CBMiuAFBVV95cUxORUx0eGJXQWpNb1MwV3RtZkR1THlVM2FGV1BlM0xleHVpMzVRaTFKTkJQeWdseFE2TElicE9HYjFMS3pxeEl1cW1uYWdsWUpVSnVvcmZieGlxd1VOYVVjXzYyVkF1R1pmYXlVY0dUSlgtbVFDc0c2aGZsYTRaa1RqbHhQMkIwRFR2MVJXckxHeGxMZWRfdlZkMHJkVXNWUTVCVE0wNlRuSE1ZNHJNZ0I1NEFZdGFSNkpl0gHMAUFVX3lxTE5YdkRjSW10dHVHdk9oM3dONWsxZEFoWFRqWXVrNUd3aXBDazlfZlMybzMtUEZhem1mU0J5YnplZFk3R09vSEJnNzlFdmUtanFITDMwSEU0cTVTN2Y1eXhPelVpWkNvalNlLUZKeVVHQzlwTnVmdWtIYnMyZXVjbEJqUWoyazRuZUkxclNzOE5qa19wMzNyaEh6TUswNkJRSDNkX0tfVjBDVTVUM3FRczNlVUdyV0RGRklVVXY1TllXQ3gyMTJOTGFKTkpnaA?oc=5\" target=\"_blank\" rel=\"nofollow noopener\">Almada: \u201cLa incorporaci\u00f3n de Alfaro Ram\u00edrez es una inquietud de la instituci\u00f3n\u201d<\/a>&nbsp;&nbsp;Diario AS<\/li>\n<li><a href=\"https:\/\/news.google.com\/rss\/articles\/CBMi0gFBVV95cUxPRHdwdUx3OE5nc2ZqLU81MENsUDBLT3BkamNwSGwwUmZ5T1BkbjI5SkxLV2pJUFZLTFpHU3JacXpNR0xJSkhEVW44Q05SYjd1VklrUlVKNFh2YldRTmJ3emNmbWJ0YkhqVTk4VkhLWGdwZjlERTcxTENHVTZZUTdWRmZZSExZTTFkc0hpbnVfMVEyZWxYaXU1LXAwdnZ5LW9aQVprLUtuWmZGbWJpRVlnaXAzRUVQY2VXV1U3Y2FpLWRzZjc1UTR3NlBkdmY0cU1oZ0E?oc=5\" target=\"_blank\" rel=\"nofollow noopener\">El Real Valladolid incorpora al anterior gobernador de Jalisco como ayudante de Guillermo Almada<\/a>&nbsp;&nbsp;El Norte de Castilla<\/li>\n<li><a href=\"https:\/\/news.google.com\/rss\/articles\/CBMikgFBVV95cUxOTFZ2RWViYU1HdkxTdVpyaHZ4TFFLZkNobklrRjJ3MmE1SHBHc0lmXzR0NnRybW5RaVZWc1ZTNmFpSXN1elBmaEVucVNCOVlBaWFzLXdGRVc5YkVIc21uOUdydFRmR0NTM1dmR1RYTEtjSjZlc0I0OVlMVHgzbEhKUkxIYXZuNTdVZFBkbUNBU3RuUdIBkgFBVV95cUxPcnNFa1dvNlhwRmhfVkdGQzlvT0phUFJfUkRrQy1tMTNVSGR3Y2RxVHFxRmlZVHo0M0ZoZVJYQ3diSE9lUWpjLUVFMXdIR1ZQVzh4bjR3UnBMOGFpYUFZejZXb0Fnei1yS0hFdS1Mc1lvdHNpQXJrMUg4S2RDdlY4amgza2xGanNTV183ekVVWW5EQQ?oc=5\" target=\"_blank\" rel=\"nofollow noopener\">Enrique Alfaro es trolleado en su aventura en Valladolid: As\u00ed responde a saludo a &#8216;El Mencho&#8217;<\/a>&nbsp;&nbsp;MARCA<\/li>\n<li><a href=\"https:\/\/news.google.com\/rss\/articles\/CBMiwAFBVV95cUxNMkkwZDNjd1lkclBWX3BUa0tmSEE0RV9qSTdwLS0wRFR3Y0lkYTNGYnVUVkpXYy1mdU9kUzJuWllVb015WERXc3UtNlo4ZXVjZnJGZk9vazBXbmpKb3l2QmVSTlFZOWs0NlM3dTZGZnEtdkpoWVNRWjRzTDB3QkwyV0o4MFUxbFRndTl2VHJVTkZYZURkb3J0N01OSmFqdExaZ2R4TVNYUkFpcU9PR0FWeTlLdHJod195NjUxY1RrVUY?oc=5\" target=\"_blank\" rel=\"nofollow noopener\">Un exgobernador mexicano se integra al cuerpo t\u00e9cnico del Real Valladolid<\/a>&nbsp;&nbsp;Noticias Valladolid &#8211; Tribuna<\/li>\n<\/ol>\n","protected":false},"excerpt":{"rendered":"La sorprendente llegada de un exgobernador de Jalisco al banquillo del Valladolid tras realizar un m\u00e1ster en el&hellip;\n","protected":false},"author":2,"featured_media":248356,"comment_status":"","ping_status":"","sticky":false,"template":"","format":"standard","meta":{"footnotes":""},"categories":[268],"tags":[168,25,24,280,282,281,23,167],"class_list":{"0":"post-250478","1":"post","2":"type-post","3":"status-publish","4":"format-standard","5":"has-post-thumbnail","7":"category-futbol","8":"tag-deportes","9":"tag-es","10":"tag-espana","11":"tag-football","12":"tag-futbol","13":"tag-soccer","14":"tag-spain","15":"tag-sports"},"share_on_mastodon":{"url":"https:\/\/pubeurope.com\/@es\/115595784108386572","error":""},"_links":{"self":[{"href":"https:\/\/www.europesays.com\/es\/wp-json\/wp\/v2\/posts\/250478","targetHints":{"allow":["GET"]}}],"collection":[{"href":"https:\/\/www.europesays.com\/es\/wp-json\/wp\/v2\/posts"}],"about":[{"href":"https:\/\/www.europesays.com\/es\/wp-json\/wp\/v2\/types\/post"}],"author":[{"embeddable":true,"href":"https:\/\/www.europesays.com\/es\/wp-json\/wp\/v2\/users\/2"}],"replies":[{"embeddable":true,"href":"https:\/\/www.europesays.com\/es\/wp-json\/wp\/v2\/comments?post=250478"}],"version-history":[{"count":0,"href":"https:\/\/www.europesays.com\/es\/wp-json\/wp\/v2\/posts\/250478\/revisions"}],"wp:featuredmedia":[{"embeddable":true,"href":"https:\/\/www.europesays.com\/es\/wp-json\/wp\/v2\/media\/248356"}],"wp:attachment":[{"href":"https:\/\/www.europesays.com\/es\/wp-json\/wp\/v2\/media?parent=250478"}],"wp:term":[{"taxonomy":"category","embeddable":true,"href":"https:\/\/www.europesays.com\/es\/wp-json\/wp\/v2\/categories?post=250478"},{"taxonomy":"post_tag","embeddable":true,"href":"https:\/\/www.europesays.com\/es\/wp-json\/wp\/v2\/tags?post=250478"}],"curies":[{"name":"wp","href":"https:\/\/api.w.org\/{rel}","templated":true}]}}