{"id":250481,"date":"2025-11-22T22:50:13","date_gmt":"2025-11-22T22:50:13","guid":{"rendered":"https:\/\/www.europesays.com\/es\/250481\/"},"modified":"2025-11-22T22:50:13","modified_gmt":"2025-11-22T22:50:13","slug":"el-consejo-de-informativos-de-tve-se-pronuncia-tras-las-acusaciones-de-enchufismo-al-hijo-de-xabier-fortes","status":"publish","type":"post","link":"https:\/\/www.europesays.com\/es\/250481\/","title":{"rendered":"El Consejo de Informativos de TVE se pronuncia tras las acusaciones de &#8216;enchufismo&#8217; al hijo de Xabier Fortes"},"content":{"rendered":"<p class=\"c-paragraph\">La pol\u00e9mica ha vuelto a girar en torno a RTVE despu\u00e9s de que <b>Carmen Sastre<\/b>, exconsejera de RTVE <b>acusara a Xabier Fortes de enchufar en la cadena p\u00fablica a su hijo<\/b>, Daniel Fortes. El periodista ha reaccionado, negando las acusaciones, y tambi\u00e9n lo ha hecho el Consejo de Informativos de TVE.\u00a0<\/p>\n<p class=\"c-paragraph\"><b>\u00abEl hijo de Xabier Fortes ya est\u00e1 colocado en TVE<\/b>. Aqu\u00ed en un directo en el canal 24 horas. Me dicen que est\u00e1 contratado hasta que salga la oposici\u00f3n (le da puntos). <b>Curioso que tenga colocado al hijo quien criticaba las familias en TVE<\/b>. Yo no coloqu\u00e9 a mi hija cuando era directiva\u00bb, escribi\u00f3 Carmen Sastre en su cuenta de X hace unos d\u00edas.\u00a0<\/p>\n<p class=\"c-paragraph\">El <b>Consejo\u00a0de Informativos de TVE<\/b> se ha pronunciado tras la pol\u00e9mica. \u00abCondenamos los insultos hacia trabajadores de TVE. Recordamos que <b>cada persona merece ser valorada<\/b> por su propio esfuerzo, m\u00e9ritos y conducta, sin importar su entorno personal o circunstancias. Los ataques masivos en redes sociales solo fomentan <b>la injusticia y el acoso\u00bb,<\/b> ha expresado el consejo de la cadena p\u00fablica a trav\u00e9s de su perfil de X.\u00a0<\/p>\n<p>La respuesta de\u00a0<b>Xabier Fortes<\/b><\/p>\n<p class=\"c-paragraph\">Antes de que se pronunciara el Consejo\u00a0de Informativos de TVE, <a href=\"https:\/\/www.20minutos.es\/television\/periodista-xabier-fortes-niega-enchufismo-su-hijo-tve-hizo-practicas-no-pagadas-opto-un-contrato-formacion-que-termina_6901012_0.html\" title=\"El periodista Xabier Fortes niega &#039;enchufismo&#039; a su hijo en TVE: &quot;Hizo pr\u00e1cticas no pagadas y opt\u00f3 a un contrato de formaci\u00f3n que termina&quot;\" rel=\"nofollow noopener\" target=\"_blank\">ya lo hab\u00eda hecho el propio Xabier Fortes<\/a>. \u00abMi hijo, como cientos de alumnos que acaban sus estudios de periodismo (en su caso en la Complutense),\u00a0ha hecho sus pr\u00e1cticas no remuneradas en verano\u00a0y luego <b>opt\u00f3 a un contrato de formaci\u00f3n de un a\u00f1o que acaba&#8230;\u00bb,<\/b> ha comenzado expresando el periodista.\u00a0<\/p>\n<p class=\"c-paragraph\">Previamente, Fortes ha cargado duramente contra la que fue consejera de RTVE con el PP y directora de contenidos de informativos. \u00ab<b>Hay gente mala, ruin, miserable<\/b>,&#8230;y luego est\u00e1 @Carmensastre12&#8243;, ha escrito en la red social el comunicador.\u00a0<\/p>\n","protected":false},"excerpt":{"rendered":"La pol\u00e9mica ha vuelto a girar en torno a RTVE despu\u00e9s de que Carmen Sastre, exconsejera de RTVE&hellip;\n","protected":false},"author":2,"featured_media":250482,"comment_status":"","ping_status":"","sticky":false,"template":"","format":"standard","meta":{"footnotes":""},"categories":[171],"tags":[1576,146,147,25,24,10848,10596,7745,23,214,3156],"class_list":{"0":"post-250481","1":"post","2":"type-post","3":"status-publish","4":"format-standard","5":"has-post-thumbnail","7":"category-tv","8":"tag-consejo","9":"tag-entertainment","10":"tag-entretenimiento","11":"tag-es","12":"tag-espana","13":"tag-informativos","14":"tag-pronuncia","15":"tag-se","16":"tag-spain","17":"tag-tv","18":"tag-tve"},"share_on_mastodon":{"url":"https:\/\/pubeurope.com\/@es\/115595799631982137","error":""},"_links":{"self":[{"href":"https:\/\/www.europesays.com\/es\/wp-json\/wp\/v2\/posts\/250481","targetHints":{"allow":["GET"]}}],"collection":[{"href":"https:\/\/www.europesays.com\/es\/wp-json\/wp\/v2\/posts"}],"about":[{"href":"https:\/\/www.europesays.com\/es\/wp-json\/wp\/v2\/types\/post"}],"author":[{"embeddable":true,"href":"https:\/\/www.europesays.com\/es\/wp-json\/wp\/v2\/users\/2"}],"replies":[{"embeddable":true,"href":"https:\/\/www.europesays.com\/es\/wp-json\/wp\/v2\/comments?post=250481"}],"version-history":[{"count":0,"href":"https:\/\/www.europesays.com\/es\/wp-json\/wp\/v2\/posts\/250481\/revisions"}],"wp:featuredmedia":[{"embeddable":true,"href":"https:\/\/www.europesays.com\/es\/wp-json\/wp\/v2\/media\/250482"}],"wp:attachment":[{"href":"https:\/\/www.europesays.com\/es\/wp-json\/wp\/v2\/media?parent=250481"}],"wp:term":[{"taxonomy":"category","embeddable":true,"href":"https:\/\/www.europesays.com\/es\/wp-json\/wp\/v2\/categories?post=250481"},{"taxonomy":"post_tag","embeddable":true,"href":"https:\/\/www.europesays.com\/es\/wp-json\/wp\/v2\/tags?post=250481"}],"curies":[{"name":"wp","href":"https:\/\/api.w.org\/{rel}","templated":true}]}}