{"id":250485,"date":"2025-11-22T22:53:14","date_gmt":"2025-11-22T22:53:14","guid":{"rendered":"https:\/\/www.europesays.com\/es\/250485\/"},"modified":"2025-11-22T22:53:14","modified_gmt":"2025-11-22T22:53:14","slug":"alessio-lisci-empatizo-con-la-aficion-y-les-prometo-que-nos-vamos-a-matar-para-que-esto-cambie","status":"publish","type":"post","link":"https:\/\/www.europesays.com\/es\/250485\/","title":{"rendered":"Alessio Lisci: \u201cEmpatizo con la afici\u00f3n y les prometo que nos vamos a matar para que esto cambie\u201d"},"content":{"rendered":"<p>El entrenador de Osasuna, Alessio Lisci, ha comparecido en rueda de prensa tras la derrota ante la Real Sociedad (1-3) en El Sadar. \u201cEmpatizo mucho con la afici\u00f3n y si hace falta les pido disculpas, pero les prometo que si ahora estoy echando 20 horas al d\u00eda le voy a echar 24 y dormir\u00e9 en Tajonar, m\u00e1s no puedo hacer, pero que est\u00e9n tranquilos aunque ahora no es f\u00e1cil porque tanto yo como la plantilla somos los primeros que no queremos esto y nos vamos a matar para que esto cambie\u201d, ha sentenciado.<\/p>\n<p>En este sentido, el entrenador rojillo ha explicado que \u201cen el vestuario est\u00e1n jodidos porque sienten los colores y sienten que la afici\u00f3n se merece m\u00e1s, como yo. Al final el estado an\u00edmico del vestuario es el mismo que el m\u00edo, es la intranquilidad porque no estamos haciendo las cosas tan mal como la din\u00e1mica o la clasificaci\u00f3n que tenemos y esto te genera malestar\u201d. \u201cLuego, por otro lado, quieres hacer m\u00e1s, yo quiero hacer m\u00e1s, el equipo quiere hacer m\u00e1s y no estamos siendo capaces para revertir la situaci\u00f3n. El vestuario es fant\u00e1stico, est\u00e1 super junto, el cuerpo t\u00e9cnico, \u2026 Hoy hab\u00eda jugadores que sent\u00edan de querer hacer por m\u00ed y por el cuerpo t\u00e9cnico, porque hemos generado un grupo que es incre\u00edble y eso es lo que m\u00e1s da\u00f1o me hace\u201d, ha a\u00f1adido para que se\u00f1alar que \u201cen este momento es una situaci\u00f3n que nos hace da\u00f1o porque el grupo es fant\u00e1stico, trabajan, curran, vivimos en Tajonar, la afici\u00f3n es fant\u00e1stica y nos apoya, entonces cuando termina el partido y pierdes lo que m\u00e1s da\u00f1o te hace es por todo lo que hay aqu\u00ed que debe de funcionar, y es muy triste que no est\u00e9 funcionando. Entonces, es una obligaci\u00f3n nuestra y primero m\u00eda que esto cambie, tiene que cambiar s\u00ed o s\u00ed y hay que hacerlo cambiar como sea\u201d.<\/p>\n<p>Sobre la derrota, Alessio Lisci ha comentado que \u201cla tenemos que explicar bien, diferenciar lo que es muy del campo con lo que es lo dem\u00e1s, quiero decir que si lo analizamos en fr\u00edo la primera parte es una primera parte donde tendr\u00edamos irnos 2-0 al descanso, tenemos tres ocasiones claras m\u00e1s el gol. La segunda parte lo estamos controlando bien, hemos ajustado una cosa por la presi\u00f3n de la Real Sociedad todos los acercamientos ven\u00edan cuando nos limpiaban la presi\u00f3n y viene el gol as\u00ed de rebote, que en estas din\u00e1micas negativas te meten con nada. Luego s\u00ed que los minutos despu\u00e9s del gol estamos mal, nos meten el segundo, y luego nos rehacemos con el cambio de Rub\u00e9n, tenemos una ocasi\u00f3n de Rub\u00e9n, otra de Aimar para volver al partido y luego viene un gol de locos y la expulsi\u00f3n y revienta el partido\u201d, ha comentado.<\/p>\n<p>Igualmente, el t\u00e9cnico ha se\u00f1alado que \u201cest\u00e1 claro que no podemos estar tranquilos, por eso el an\u00e1lisis hay que hacer en fr\u00edo de lo que ha pasado en el campo, pero tambi\u00e9n hay que hacer otro an\u00e1lisis con m\u00e1s cosas y con esto es la racha que llevamos, la clasificaci\u00f3n que llevamos, &#8230; Entonces hay que hacer m\u00e1s, yo el primero y entonces hay que trabajar, levantarse y cambiar la din\u00e1mica como sea y lo m\u00e1s pronto posible. Entonces, lo que ha pasado en el campo muy estrictamente no quita que estamos haciendo cosas mal y el primero soy yo\u201d.<\/p>\n","protected":false},"excerpt":{"rendered":"El entrenador de Osasuna, Alessio Lisci, ha comparecido en rueda de prensa tras la derrota ante la Real&hellip;\n","protected":false},"author":2,"featured_media":250486,"comment_status":"","ping_status":"","sticky":false,"template":"","format":"standard","meta":{"footnotes":""},"categories":[93],"tags":[168,25,24,23,167],"class_list":{"0":"post-250485","1":"post","2":"type-post","3":"status-publish","4":"format-standard","5":"has-post-thumbnail","7":"category-deportes","8":"tag-deportes","9":"tag-es","10":"tag-espana","11":"tag-spain","12":"tag-sports"},"share_on_mastodon":{"url":"https:\/\/pubeurope.com\/@es\/115595811546476687","error":""},"_links":{"self":[{"href":"https:\/\/www.europesays.com\/es\/wp-json\/wp\/v2\/posts\/250485","targetHints":{"allow":["GET"]}}],"collection":[{"href":"https:\/\/www.europesays.com\/es\/wp-json\/wp\/v2\/posts"}],"about":[{"href":"https:\/\/www.europesays.com\/es\/wp-json\/wp\/v2\/types\/post"}],"author":[{"embeddable":true,"href":"https:\/\/www.europesays.com\/es\/wp-json\/wp\/v2\/users\/2"}],"replies":[{"embeddable":true,"href":"https:\/\/www.europesays.com\/es\/wp-json\/wp\/v2\/comments?post=250485"}],"version-history":[{"count":0,"href":"https:\/\/www.europesays.com\/es\/wp-json\/wp\/v2\/posts\/250485\/revisions"}],"wp:featuredmedia":[{"embeddable":true,"href":"https:\/\/www.europesays.com\/es\/wp-json\/wp\/v2\/media\/250486"}],"wp:attachment":[{"href":"https:\/\/www.europesays.com\/es\/wp-json\/wp\/v2\/media?parent=250485"}],"wp:term":[{"taxonomy":"category","embeddable":true,"href":"https:\/\/www.europesays.com\/es\/wp-json\/wp\/v2\/categories?post=250485"},{"taxonomy":"post_tag","embeddable":true,"href":"https:\/\/www.europesays.com\/es\/wp-json\/wp\/v2\/tags?post=250485"}],"curies":[{"name":"wp","href":"https:\/\/api.w.org\/{rel}","templated":true}]}}