{"id":250487,"date":"2025-11-22T22:54:16","date_gmt":"2025-11-22T22:54:16","guid":{"rendered":"https:\/\/www.europesays.com\/es\/250487\/"},"modified":"2025-11-22T22:54:16","modified_gmt":"2025-11-22T22:54:16","slug":"una-mayor-densidad-mamografica-podria-estar-asociada-con-cancer-de-mama-mas-agresivo-segun-expertos","status":"publish","type":"post","link":"https:\/\/www.europesays.com\/es\/250487\/","title":{"rendered":"Una mayor densidad mamogr\u00e1fica podr\u00eda estar asociada con c\u00e1ncer de mama m\u00e1s agresivo, seg\u00fan expertos"},"content":{"rendered":"<p>                                    <img decoding=\"async\" loading=\"lazy\" src=\"https:\/\/www.europesays.com\/es\/wp-content\/uploads\/2025\/09\/67bee546d3754.jpeg\" alt=\"Llu\u00eds Serrano\" width=\"40\" height=\"40\" data-full-src=\"https:\/\/www.europesays.com\/es\/wp-content\/uploads\/2025\/09\/67bee546d3754.jpeg\"\/><\/p>\n<p class=\"paragraph\">Una alta densidad mamogr\u00e1fica podr\u00eda estar asociada con el desarrollo de tumores m\u00e1s agresivos, como los HER2+ y los triple negativo, que tienen peor pron\u00f3stico, seg\u00fan ha revelado un equipo del Instituto de Salud Carlos III (ISCIII) liderado por el Centro Nacional de Epidemiolog\u00eda (CNE), con participaci\u00f3n del Centro de Investigaci\u00f3n Biom\u00e9dica en Red (CIBER) y ocho hospitales espa\u00f1oles.<\/p>\n<p class=\"paragraph\">La investigaci\u00f3n, publicada en &#8216;Breast Cancer Research&#8217;, ha analizado la relaci\u00f3n entre la proporci\u00f3n de tejido fibroglandular frente al tejido graso en una mamograf\u00eda, conocida como densidad mamogr\u00e1fica, y los subtipos de c\u00e1ncer de mama a trav\u00e9s del estudio de 714 pacientes diagnosticadas entre 2014 y 2019 en ocho hospitales de Catalunya, Madrid, Comunidad Valenciana y Navarra. Tambi\u00e9n se ha estudiado la posible influencia del \u00edndice de masa corporal (IMC) y el estado menop\u00e1usico.<\/p>\n<p class=\"paragraph\">El c\u00e1ncer de mama es el tumor m\u00e1s frecuente en mujeres en Espa\u00f1a y representa cerca del 30 por ciento de todos los casos en esta poblaci\u00f3n. Seg\u00fan su perfil molecular, estos tumores se clasifican en distintos subtipos, que de mejor a peor pron\u00f3stico en general son: el HR+, con receptores hormonales positivos; el HER2+, con receptor del factor de crecimiento epid\u00e9rmico; y el subtipo triple negativo, que no tiene ninguno de estos receptores.<\/p>\n<p class=\"paragraph\">Para el estudio, los investigadores recopilaron informaci\u00f3n epidemiol\u00f3gica, cl\u00ednica y de anatom\u00eda patol\u00f3gica mediante cuestionarios a las participantes y revisi\u00f3n de sus historias cl\u00ednicas. El 69 por ciento de las participantes present\u00f3 tumores HR+, un 19 por ciento el subtipo HER2+ y un 12 por ciento el triple negativo. La densidad mamogr\u00e1fica media fue del 26 por ciento.<\/p>\n<p class=\"paragraph\">Seg\u00fan los resultados, las mujeres con densidad mamogr\u00e1fica superior al 50 por ciento presentaron un menor porcentaje de tumores con mejor pron\u00f3stico (HR+). Mientras, la presencia de tumores HER2+ y triple negativo en aquellas con densidad mamogr\u00e1fica elevada fue un 36 y un 23 por ciento mayor, respectivamente, en comparaci\u00f3n con las mujeres del grupo de menor densidad.<\/p>\n<p class=\"paragraph\">La investigadora l\u00edder del trabajo, Virginia Lope, ha detallado que estos patrones se observaron principalmente en mujeres premenop\u00e1usicas y perimenop\u00e1usicas, as\u00ed como en aquellas con sobrepeso u obesidad.<\/p>\n<p class=\"paragraph\">El estudio recoge que los resultados deben interpretarse con cautela, ya que son exploratorios y presentan limitaciones, por lo que apunta que se necesitan trabajos adicionales que permitan investigar los posibles mecanismos biol\u00f3gicos que podr\u00edan vincular una mayor densidad mamaria con subtipos tumorales espec\u00edficos.<\/p>\n<p class=\"paragraph\">\u00abAunque los hallazgos son preliminares y requieren confirmaci\u00f3n, apuntan a que la densidad mamogr\u00e1fica alta podr\u00eda ser un marcador relevante para identificar a mujeres con mayor riesgo de desarrollar formas m\u00e1s agresivas de c\u00e1ncer de mama\u00bb, ha concluido Lope.<\/p>\n","protected":false},"excerpt":{"rendered":"Una alta densidad mamogr\u00e1fica podr\u00eda estar asociada con el desarrollo de tumores m\u00e1s agresivos, como los HER2+ y&hellip;\n","protected":false},"author":2,"featured_media":250488,"comment_status":"","ping_status":"","sticky":false,"template":"","format":"standard","meta":{"footnotes":""},"categories":[92],"tags":[25,24,165,166,23],"class_list":{"0":"post-250487","1":"post","2":"type-post","3":"status-publish","4":"format-standard","5":"has-post-thumbnail","7":"category-salud","8":"tag-es","9":"tag-espana","10":"tag-health","11":"tag-salud","12":"tag-spain"},"share_on_mastodon":{"url":"https:\/\/pubeurope.com\/@es\/115595815813750942","error":""},"_links":{"self":[{"href":"https:\/\/www.europesays.com\/es\/wp-json\/wp\/v2\/posts\/250487","targetHints":{"allow":["GET"]}}],"collection":[{"href":"https:\/\/www.europesays.com\/es\/wp-json\/wp\/v2\/posts"}],"about":[{"href":"https:\/\/www.europesays.com\/es\/wp-json\/wp\/v2\/types\/post"}],"author":[{"embeddable":true,"href":"https:\/\/www.europesays.com\/es\/wp-json\/wp\/v2\/users\/2"}],"replies":[{"embeddable":true,"href":"https:\/\/www.europesays.com\/es\/wp-json\/wp\/v2\/comments?post=250487"}],"version-history":[{"count":0,"href":"https:\/\/www.europesays.com\/es\/wp-json\/wp\/v2\/posts\/250487\/revisions"}],"wp:featuredmedia":[{"embeddable":true,"href":"https:\/\/www.europesays.com\/es\/wp-json\/wp\/v2\/media\/250488"}],"wp:attachment":[{"href":"https:\/\/www.europesays.com\/es\/wp-json\/wp\/v2\/media?parent=250487"}],"wp:term":[{"taxonomy":"category","embeddable":true,"href":"https:\/\/www.europesays.com\/es\/wp-json\/wp\/v2\/categories?post=250487"},{"taxonomy":"post_tag","embeddable":true,"href":"https:\/\/www.europesays.com\/es\/wp-json\/wp\/v2\/tags?post=250487"}],"curies":[{"name":"wp","href":"https:\/\/api.w.org\/{rel}","templated":true}]}}