{"id":250489,"date":"2025-11-22T22:55:15","date_gmt":"2025-11-22T22:55:15","guid":{"rendered":"https:\/\/www.europesays.com\/es\/250489\/"},"modified":"2025-11-22T22:55:15","modified_gmt":"2025-11-22T22:55:15","slug":"rtve-suspende-futuro-imperfecto-y-sigue-con-sus-campanadas","status":"publish","type":"post","link":"https:\/\/www.europesays.com\/es\/250489\/","title":{"rendered":"RTVE suspende &#8216;Futuro imperfecto&#8217;, y sigue con sus Campanadas"},"content":{"rendered":"<p class=\"article-text\">\n        <strong>Andreu Buenafuente<\/strong> detiene por motivos m\u00e9dicos derivados de su carga de trabajo su agenda profesional. La determinaci\u00f3n se ha conocido a trav\u00e9s de <a href=\"https:\/\/elterrat.com\/noticia\/andreu-buenafuente-atura-agenda\/\" target=\"_blank\" data-mrf-recirculation=\"links-noticia\" class=\"link\" rel=\"nofollow noopener\">un comunicado<\/a> de su productora <strong>El Terrat<\/strong>: \u201cPor motivos de exceso de carga laboral y por prescripci\u00f3n m\u00e9dica,\u00a0Andreu Buenafuente\u00a0se ve obligado a hacer un <strong>par\u00f3n temporal en su agenda profesional<\/strong> para descansar y recuperarse\u201d.\n    <\/p>\n<p>    <a href=\"https:\/\/www.eldiario.es\/vertele\/noticias\/andreu-buenafuente-silvia-abril-daran-campanadas-2025-2026-rtve_1_12776790.html\" data-mrf-recirculation=\"saber-mas\" data-dl-event=\"saber-mas\" rel=\"nofollow noopener\" target=\"_blank\"><\/p>\n<p class=\"know-more__title\">Andreu Buenafuente y Silvia Abril dar\u00e1n las Campanadas 2025-2026 en RTVE<\/p>\n<p>            <img decoding=\"async\" class=\"lazy\" loading=\"lazy\" data-src=\"https:\/\/static.eldiario.es\/clip\/7d9f98de-7a91-40f9-b119-04caa67f82d7_16-9-aspect-ratio_default_0.jpg\" src=\"data:image\/svg+xml,%3Csvg xmlns=\" http:=\"\" viewbox=\"0 0 880 495\" alt=\"Andreu Buenafuente y Silvia Abril dar\u00e1n las Campanadas 2025-2026 en RTVE\"\/><\/p>\n<p>                        <\/a><\/p>\n<p class=\"article-text\">\n        El mismo texto incluye unas palabras de Buenafuente: <strong>\u201cTengo que parar un poco para recuperarme y volver<\/strong> con la energ\u00eda que se merece todo lo que hago. Gracias por la comprensi\u00f3n, el apoyo y el cari\u00f1o\u201d.\n    <\/p>\n<p class=\"article-text\">\n        Fuentes de <strong>RTVE <\/strong>consultadas por <a href=\"https:\/\/www.eldiario.es\/vertele\" target=\"_blank\" data-mrf-recirculation=\"links-noticia\" class=\"link\" rel=\"nofollow noopener\"><strong>verTele<\/strong><\/a><strong> <\/strong>explican que la necesaria pausa del showman catal\u00e1n har\u00e1 <strong>suspender <\/strong><strong>Futuro imperfecto<\/strong>, que ser\u00e1 sustituido en la noche del jueves en <strong>La 1<\/strong> por otra oferta a\u00fan no confirmada. Sin embargo, <strong>se sigue adelante con sus Campanadas<\/strong> de fin de a\u00f1o, que dar\u00e1 junto a su pareja Silvia Abril para los canales de la corporaci\u00f3n p\u00fablica.\n    <\/p>\n<p class=\"article-text\">\n        Este mismo <a href=\"https:\/\/www.eldiario.es\/vertele\/noticias\/andreu-buenafuente-silvia-abril-daran-campanadas-2025-2026-rtve_1_12776790.html\" data-mrf-recirculation=\"links-noticia\" class=\"link\" rel=\"nofollow noopener\" target=\"_blank\">martes 18 de noviembre<\/a>, la corporaci\u00f3n p\u00fablica anunci\u00f3 que Buenafuente y Silvia Abril presentar\u00edan sus Campanadas 2025-2026. Y este mismo <a href=\"https:\/\/www.eldiario.es\/vertele\/noticias\/buenafuente-emulo-no-do-futuro-imperfecto-presentadorisimo-generoso-sea-catalan_1_12785449.html\" data-mrf-recirculation=\"links-noticia\" class=\"link\" rel=\"nofollow noopener\" target=\"_blank\">jueves 20<\/a>, el c\u00f3mico present\u00f3 su programa Futuro imperfecto, incluyendo incluso un <a href=\"https:\/\/www.eldiario.es\/vertele\/noticias\/buenafuente-desvela-mayor-miedo-hora-dar-campanadas-rtve-no-hare-silvia_1_12786282.html\" data-mrf-recirculation=\"links-noticia\" class=\"link\" rel=\"nofollow noopener\" target=\"_blank\">sketch junto a Silvia Abril<\/a> por sus temores de cara a las Campanadas.\n    <\/p>\n<p>    <a href=\"https:\/\/www.eldiario.es\/vertele\/noticias\/tenso-choque-silvia-intxaurrondo-miguel-tellado-rtve-acuso-periodista-manipulacion-machismo_1_12786013.html\" data-mrf-recirculation=\"saber-mas-abajo\" data-dl-event=\"saber-mas-abajo\" rel=\"nofollow noopener\" target=\"_blank\"><\/p>\n<p class=\"know-more__title\">Tenso choque de Intxaurrondo y Miguel Tellado, que acus\u00f3 a la periodista de RTVE de \u201cmanipulaci\u00f3n\u201d y \u201cmachismo\u201d<\/p>\n<p>            <img decoding=\"async\" class=\"lazy\" loading=\"lazy\" data-src=\"https:\/\/static.eldiario.es\/clip\/e2ac44f3-026b-43cc-aa44-7c0a194500ab_16-9-aspect-ratio_default_0.jpg\" src=\"data:image\/svg+xml,%3Csvg xmlns=\" http:=\"\" viewbox=\"0 0 880 495\" alt=\"Tenso choque de Intxaurrondo y Miguel Tellado, que acus\u00f3 a la periodista de RTVE de &quot;manipulaci\u00f3n&quot; y &quot;machismo&quot;\"\/><\/p>\n<p>                        <\/a><\/p>\n<p class=\"article-text\">\n        Adem\u00e1s, su productora El Terrat tambi\u00e9n se ha encargado para RTVE del fugaz <strong>Cu\u00e1nto, cu\u00e1nto, cu\u00e1nto<\/strong> de Eva Soriano, se ocupa de la producci\u00f3n de la plataforma <strong>Open Play<\/strong>, y participa en la producci\u00f3n de Malas Lenguas. Simult\u00e1neamente, en teatro tiene <strong>El tenoriu <\/strong>junto a Silvia Abril, y en la radio mantiene su cl\u00e1sico <strong>Nadie sabe nada<\/strong>\u00a0con Berto Romero.\n    <\/p>\n<blockquote class=\"twitter-tweet\" data-lang=\"es\"><p><a href=\"https:\/\/twitter.com\/X\/status\/1991879461986607465?ref_src=twsrc%5Etfw\" rel=\"nofollow noopener\" target=\"_blank\"><\/p><\/blockquote>\n<p>                                <script async src=\"https:\/\/platform.twitter.com\/widgets.js\" charset=\"utf-8\"><\/script><\/p>\n","protected":false},"excerpt":{"rendered":"Andreu Buenafuente detiene por motivos m\u00e9dicos derivados de su carga de trabajo su agenda profesional. La determinaci\u00f3n se&hellip;\n","protected":false},"author":2,"featured_media":250490,"comment_status":"","ping_status":"","sticky":false,"template":"","format":"standard","meta":{"footnotes":""},"categories":[91],"tags":[4071,1270,48603,18476,146,147,25,24,2848,2849,11119,8788,518,1262,23,9986],"class_list":{"0":"post-250489","1":"post","2":"type-post","3":"status-publish","4":"format-standard","5":"has-post-thumbnail","7":"category-entretenimiento","8":"tag-agenda","9":"tag-buenafuente","10":"tag-campanadas","11":"tag-detiene","12":"tag-entertainment","13":"tag-entretenimiento","14":"tag-es","15":"tag-espana","16":"tag-futuro","17":"tag-imperfecto","18":"tag-medica","19":"tag-prescripcion","20":"tag-rtve","21":"tag-sigue","22":"tag-spain","23":"tag-suspende"},"share_on_mastodon":{"url":"https:\/\/pubeurope.com\/@es\/115595819292492657","error":""},"_links":{"self":[{"href":"https:\/\/www.europesays.com\/es\/wp-json\/wp\/v2\/posts\/250489","targetHints":{"allow":["GET"]}}],"collection":[{"href":"https:\/\/www.europesays.com\/es\/wp-json\/wp\/v2\/posts"}],"about":[{"href":"https:\/\/www.europesays.com\/es\/wp-json\/wp\/v2\/types\/post"}],"author":[{"embeddable":true,"href":"https:\/\/www.europesays.com\/es\/wp-json\/wp\/v2\/users\/2"}],"replies":[{"embeddable":true,"href":"https:\/\/www.europesays.com\/es\/wp-json\/wp\/v2\/comments?post=250489"}],"version-history":[{"count":0,"href":"https:\/\/www.europesays.com\/es\/wp-json\/wp\/v2\/posts\/250489\/revisions"}],"wp:featuredmedia":[{"embeddable":true,"href":"https:\/\/www.europesays.com\/es\/wp-json\/wp\/v2\/media\/250490"}],"wp:attachment":[{"href":"https:\/\/www.europesays.com\/es\/wp-json\/wp\/v2\/media?parent=250489"}],"wp:term":[{"taxonomy":"category","embeddable":true,"href":"https:\/\/www.europesays.com\/es\/wp-json\/wp\/v2\/categories?post=250489"},{"taxonomy":"post_tag","embeddable":true,"href":"https:\/\/www.europesays.com\/es\/wp-json\/wp\/v2\/tags?post=250489"}],"curies":[{"name":"wp","href":"https:\/\/api.w.org\/{rel}","templated":true}]}}