{"id":250513,"date":"2025-11-22T23:17:08","date_gmt":"2025-11-22T23:17:08","guid":{"rendered":"https:\/\/www.europesays.com\/es\/250513\/"},"modified":"2025-11-22T23:17:08","modified_gmt":"2025-11-22T23:17:08","slug":"un-hallazgo-mundial-revela-como-un-coronavirus-porcino-puede-entrar-en-celulas-humanas","status":"publish","type":"post","link":"https:\/\/www.europesays.com\/es\/250513\/","title":{"rendered":"Un hallazgo mundial revela c\u00f3mo un coronavirus porcino puede entrar en c\u00e9lulas humanas"},"content":{"rendered":"<p>Un equipo internacional liderado por el Instituto de Biolog\u00eda Integrativa de Sistemas (I\u00b2SysBio), centro mixto de la Universitat de Val\u00e8ncia (UV) y el Consejo Superior de Investigaciones Cient\u00edficas (CSIC), junto al Institut Pasteur de Par\u00eds, ha identificado por primera vez un <strong>receptor funcional<\/strong> para el virus de la encefalomielitis hemaglutinante porcina, conocido como <strong>coronavirus porcino PHEV<\/strong>. El hallazgo, publicado en Nature Microbiology, supone un avance decisivo para comprender c\u00f3mo estos pat\u00f3genos entran en las c\u00e9lulas y c\u00f3mo evolucionan los coronavirus, incluido el que provoc\u00f3 la COVID-19.<\/p>\n<p>El coronavirus porcino PHEV forma parte de los embecovirus, un subgrupo que incluye virus humanos, bovinos y porcinos dentro de la amplia familia de coronavirus, donde tambi\u00e9n se encuentra el SARS-CoV-2. Est\u00e1 estrechamente relacionado con dos virus humanos que causan resfriados comunes, <strong>OC43<\/strong> y <strong>HKU1<\/strong>. Hasta ahora se cre\u00eda que estos virus depend\u00edan de az\u00facares como el \u00e1cido si\u00e1lico para infectar c\u00e9lulas, pero el nuevo estudio demuestra que PHEV puede entrar sin necesidad de ellos. En su lugar, utiliza la prote\u00edna <strong>DPEP1<\/strong>, presente en la membrana celular, como receptor para facilitar su entrada.<\/p>\n<p>Un encaje molecular que revela gran capacidad de adaptaci\u00f3n<\/p>\n<p>Gracias a t\u00e9cnicas avanzadas de microscop\u00eda electr\u00f3nica y cristalograf\u00eda de rayos X, los investigadores han podido visualizar c\u00f3mo la <strong>prote\u00edna spike<\/strong> del virus \u2014la misma \u201cllave\u201d que utilizan coronavirus como el SARS-CoV-2\u2014 se une directamente a la prote\u00edna DPEP1. Este an\u00e1lisis ha permitido observar el encaje molecular con un nivel de precisi\u00f3n sin precedentes, revelando que la regi\u00f3n de uni\u00f3n del virus es <strong>altamente variable<\/strong>, lo que apunta a una notable capacidad evolutiva.<\/p>\n<p>Antivirales y posibles implicaciones para la transmisi\u00f3n a humanos<\/p>\n<p>\u201cLa zona de la prote\u00edna spike que permite al coronavirus porcino PHEV unirse al receptor DPEP1 es muy variable y no aparece en las spikes de otros coronavirus similares, como el coronavirus humano OC43\u201d, explica J\u00e9r\u00e9my Dufloo, investigador del I\u00b2SysBio y autor principal del art\u00edculo. \u201cEsto sugiere que el uso de DPEP1 como receptor es propio del coronavirus porcino PHEV, y que otros virus de la misma familia usan receptores distintos que a\u00fan no se han identificado\u201d.<\/p>\n<p>El estudio tambi\u00e9n demuestra que esta interacci\u00f3n puede <strong>bloquearse<\/strong> aplicando la prote\u00edna DPEP1 en forma soluble, lo que abre la puerta al desarrollo de inhibidores de entrada viral como estrategia antiviral. Adem\u00e1s, los experimentos confirman que la versi\u00f3n humana de DPEP1 tambi\u00e9n permite la entrada del coronavirus PHEV en las c\u00e9lulas, un descubrimiento que plantea interrogantes sobre la posible transmisi\u00f3n del virus porcino a humanos.<\/p>\n<p>Un paso clave para prevenir futuras pandemias<\/p>\n<p>El trabajo no solo identifica un nuevo receptor viral, sino que tambi\u00e9n aporta informaci\u00f3n esencial sobre la evoluci\u00f3n de los coronavirus y sus mecanismos de entrada, un conocimiento crucial para anticipar amenazas sanitarias futuras. Seg\u00fan Rafael Sanju\u00e1n, investigador principal del I\u00b2SysBio y profesor del Departamento de Gen\u00e9tica de la Universitat de Val\u00e8ncia, \u201cpermitir\u00e1 estudiar con mayor detalle el papel de DPEP1 en la infecci\u00f3n por PHEV in vivo y proporciona una base para desarrollar f\u00e1rmacos o anticuerpos capaces de bloquear la interacci\u00f3n entre el virus y este receptor\u201d.<\/p>\n<p>Sanju\u00e1n a\u00f1ade que este avance abre un nuevo reto cient\u00edfico: \u201cidentificar los receptores que utilizan otros coronavirus relacionados con PHEV, que a\u00fan permanecen desconocidos\u201d.<\/p>\n","protected":false},"excerpt":{"rendered":"Un equipo internacional liderado por el Instituto de Biolog\u00eda Integrativa de Sistemas (I\u00b2SysBio), centro mixto de la Universitat&hellip;\n","protected":false},"author":2,"featured_media":250514,"comment_status":"","ping_status":"","sticky":false,"template":"","format":"standard","meta":{"footnotes":""},"categories":[92],"tags":[25,24,165,166,23],"class_list":{"0":"post-250513","1":"post","2":"type-post","3":"status-publish","4":"format-standard","5":"has-post-thumbnail","7":"category-salud","8":"tag-es","9":"tag-espana","10":"tag-health","11":"tag-salud","12":"tag-spain"},"share_on_mastodon":{"url":"https:\/\/pubeurope.com\/@es\/115595905966072912","error":""},"_links":{"self":[{"href":"https:\/\/www.europesays.com\/es\/wp-json\/wp\/v2\/posts\/250513","targetHints":{"allow":["GET"]}}],"collection":[{"href":"https:\/\/www.europesays.com\/es\/wp-json\/wp\/v2\/posts"}],"about":[{"href":"https:\/\/www.europesays.com\/es\/wp-json\/wp\/v2\/types\/post"}],"author":[{"embeddable":true,"href":"https:\/\/www.europesays.com\/es\/wp-json\/wp\/v2\/users\/2"}],"replies":[{"embeddable":true,"href":"https:\/\/www.europesays.com\/es\/wp-json\/wp\/v2\/comments?post=250513"}],"version-history":[{"count":0,"href":"https:\/\/www.europesays.com\/es\/wp-json\/wp\/v2\/posts\/250513\/revisions"}],"wp:featuredmedia":[{"embeddable":true,"href":"https:\/\/www.europesays.com\/es\/wp-json\/wp\/v2\/media\/250514"}],"wp:attachment":[{"href":"https:\/\/www.europesays.com\/es\/wp-json\/wp\/v2\/media?parent=250513"}],"wp:term":[{"taxonomy":"category","embeddable":true,"href":"https:\/\/www.europesays.com\/es\/wp-json\/wp\/v2\/categories?post=250513"},{"taxonomy":"post_tag","embeddable":true,"href":"https:\/\/www.europesays.com\/es\/wp-json\/wp\/v2\/tags?post=250513"}],"curies":[{"name":"wp","href":"https:\/\/api.w.org\/{rel}","templated":true}]}}