{"id":250515,"date":"2025-11-22T23:18:08","date_gmt":"2025-11-22T23:18:08","guid":{"rendered":"https:\/\/www.europesays.com\/es\/250515\/"},"modified":"2025-11-22T23:18:08","modified_gmt":"2025-11-22T23:18:08","slug":"los-leggings-termicos-vuelven-a-ser-tendencia-de-invierno-2026-y-estos-de-9e-estilizan-de-la-talla-s-a-la-4xl","status":"publish","type":"post","link":"https:\/\/www.europesays.com\/es\/250515\/","title":{"rendered":"Los leggings t\u00e9rmicos vuelven a ser tendencia de invierno 2026 y estos de 9\u20ac estilizan de la talla S a la 4XL"},"content":{"rendered":"<p data-journey-content=\"true\" data-node-id=\"1\" class=\"css-6wxqfj emevuu60\">Es oficial, el fr\u00edo real ya est\u00e1 aqu\u00ed y nosotras tenemos una noticia: los &#8216;leggings&#8217; t\u00e9rmicos vuelven a coronarse como prenda importante del invierno 2026. Y s\u00ed, regresan estos pantalones deportivos que hab\u00edamos relegado s\u00f3lo a la funci\u00f3n de lucirlos para ir a por el pan o sacar al perro. <strong data-node-id=\"1.1\">Los &#8216;leggings&#8217; poco a poco recuperan su espacio en el &#8216;prime time&#8217; de tu armario. C\u00f3modos, calentitos y con ese efecto segunda piel, son el comod\u00edn que te salva cualquier ma\u00f1ana fr\u00eda en la que solo quieres estar a gusto.<\/strong><\/p>\n<p><strong data-node-id=\"3.0\">C\u00f3mo llevar los &#8216;leggings&#8217; en 2026<br data-node-id=\"3.0.1\"\/><\/strong><\/p>\n<p data-journey-content=\"true\" data-node-id=\"5\" class=\"css-6wxqfj emevuu60\">A esta prenda le podemos dar dos funciones, ahora que est\u00e1n de moda los pantalones anchos, puedes aprovechar y llevarlos debajo, como una especie de media para ir doblemente abrigada. Otra opci\u00f3n es lucirlos como una \u00fanica prenda: se ajustan, abrigan y combinan con absolutamente todo. Puedes combinarlos con un abrigo largo y botas altas para un &#8216;look&#8217; elegante o con sudadera &#8216;oversize&#8217; y zapatillas para un estilismo m\u00e1s casual. En cualquier caso, la noticia que te har\u00e1 sonreir viene ahora: <strong data-node-id=\"5.1\">Amazon tiene unos por solo 9 euros, son t\u00e9rmicos y est\u00e1n arrasando porque sientan bien a todas, s\u00ed, a TODAS<\/strong>, gracias a su tejido suave, el\u00e1stico y con efecto moldeador. Adem\u00e1s es que est\u00e1n <strong data-node-id=\"5.3\">disponibles desde <a href=\"https:\/\/www.amazon.es\/TNNZEET-Leggings-cintura-el\u00e1sticos-gimnasio\/dp\/B0CLLLVRYB?th=1&amp;psc=1&amp;tag=ellespain-21\" target=\"_blank\" data-vars-ga-outbound-link=\"https:\/\/www.amazon.es\/TNNZEET-Leggings-cintura-el\u00e1sticos-gimnasio\/dp\/B0CLLLVRYB?th=1&amp;psc=1\" data-vars-ga-ux-element=\"Hyperlink\" data-vars-ga-call-to-action=\"la talla XS hasta la 4XL\" data-vars-ga-product-id=\"639c838f-c097-4065-99b7-480ca206c296\" rel=\"nofollow noopener\" data-node-id=\"5.3.1\" data-href=\"https:\/\/www.amazon.es\/TNNZEET-Leggings-cintura-el\u00e1sticos-gimnasio\/dp\/B0CLLLVRYB?th=1&amp;psc=1\" data-product-url=\"https:\/\/www.amazon.es\/TNNZEET-Leggings-cintura-el\u00e1sticos-gimnasio\/dp\/B0CLLLVRYB?th=1&amp;psc=1\" data-affiliate=\"true\" data-affiliate-url=\"https:\/\/www.amazon.es\/TNNZEET-Leggings-cintura-el\u00e1sticos-gimnasio\/dp\/B0CLLLVRYB?th=1&amp;psc=1&amp;tag=ellespain-21\" data-affiliate-network=\"{&quot;site_id&quot;:&quot;5545cc0d-2c00-4ffe-8b27-aa070fd2db3c&quot;,&quot;metadata&quot;:{&quot;links&quot;:{&quot;default&quot;:&quot;https:\/\/www.amazon.es\/TNNZEET-Leggings-cintura-el\u00e1sticos-gimnasio\/dp\/B0CLLLVRYB?th=1&amp;psc=1&amp;tag=ellespain-21&quot;}},&quot;network&quot;:{&quot;name&quot;:&quot;Amazon&quot;},&quot;product_metadata&quot;:null,&quot;afflink_redirect&quot;:&quot;\/_p\/afflink\/zu47\/amazon-placeholder&quot;}\" data-vars-ga-product-brand=\"TNNZEET\" data-vars-ga-product-price=\"0,00\u00a0$\" data-vars-ga-product-retailer-id=\"10ca7850-8a17-42b2-9372-aea9bdf82251\" data-vars-ga-product-sem3-brand=\"TNNZEET\" data-vars-ga-link-treatment=\"(not set) | (not set)\" class=\"body-link product-links css-103hk4r e1aq0z090\">la talla XS hasta la 4XL<\/a>.<\/strong><\/p>\n<p><strong data-node-id=\"7.0\">Los leggings t\u00e9rmicos vuelven a ser tendencia del invierno 2026 y estos de 9\u20ac estilizan a todas<br data-node-id=\"7.0.1\"\/><\/strong><\/p>\n<p data-journey-content=\"true\" data-node-id=\"9\" class=\"css-6wxqfj emevuu60\"><strong data-node-id=\"9.0\">Si este invierno quieres ir calentita y c\u00f3moda sin renunciar al estilo, estos &#8216;leggings&#8217; t\u00e9rmicos de Amazon son una jugada ganadora.<\/strong> Y si encima tiene un precio &#8216;low cost&#8217; pues oye, a\u00f1adir al carrito es casi un acto de responsabilidad &#8216;fashionista&#8217;. Adem\u00e1s, <strong data-node-id=\"9.2\">est\u00e1n disponibles en varios colores neutros para las m\u00e1s discretas, y tambi\u00e9n en estampado de leopardo <\/strong>para las que quieren darle a las bajas temperaturas un toque m\u00e1s ca\u00f1ero.  <\/p>\n","protected":false},"excerpt":{"rendered":"Es oficial, el fr\u00edo real ya est\u00e1 aqu\u00ed y nosotras tenemos una noticia: los &#8216;leggings&#8217; t\u00e9rmicos vuelven a&hellip;\n","protected":false},"author":2,"featured_media":250516,"comment_status":"","ping_status":"","sticky":false,"template":"","format":"standard","meta":{"footnotes":""},"categories":[91],"tags":[1655,253,146,147,25,24,63471,23],"class_list":{"0":"post-250515","1":"post","2":"type-post","3":"status-publish","4":"format-standard","5":"has-post-thumbnail","7":"category-entretenimiento","8":"tag-afiliacion","9":"tag-discover","10":"tag-entertainment","11":"tag-entretenimiento","12":"tag-es","13":"tag-espana","14":"tag-nopiano","15":"tag-spain"},"share_on_mastodon":{"url":"https:\/\/pubeurope.com\/@es\/115595909709101145","error":""},"_links":{"self":[{"href":"https:\/\/www.europesays.com\/es\/wp-json\/wp\/v2\/posts\/250515","targetHints":{"allow":["GET"]}}],"collection":[{"href":"https:\/\/www.europesays.com\/es\/wp-json\/wp\/v2\/posts"}],"about":[{"href":"https:\/\/www.europesays.com\/es\/wp-json\/wp\/v2\/types\/post"}],"author":[{"embeddable":true,"href":"https:\/\/www.europesays.com\/es\/wp-json\/wp\/v2\/users\/2"}],"replies":[{"embeddable":true,"href":"https:\/\/www.europesays.com\/es\/wp-json\/wp\/v2\/comments?post=250515"}],"version-history":[{"count":0,"href":"https:\/\/www.europesays.com\/es\/wp-json\/wp\/v2\/posts\/250515\/revisions"}],"wp:featuredmedia":[{"embeddable":true,"href":"https:\/\/www.europesays.com\/es\/wp-json\/wp\/v2\/media\/250516"}],"wp:attachment":[{"href":"https:\/\/www.europesays.com\/es\/wp-json\/wp\/v2\/media?parent=250515"}],"wp:term":[{"taxonomy":"category","embeddable":true,"href":"https:\/\/www.europesays.com\/es\/wp-json\/wp\/v2\/categories?post=250515"},{"taxonomy":"post_tag","embeddable":true,"href":"https:\/\/www.europesays.com\/es\/wp-json\/wp\/v2\/tags?post=250515"}],"curies":[{"name":"wp","href":"https:\/\/api.w.org\/{rel}","templated":true}]}}