{"id":250518,"date":"2025-11-22T23:21:14","date_gmt":"2025-11-22T23:21:14","guid":{"rendered":"https:\/\/www.europesays.com\/es\/250518\/"},"modified":"2025-11-22T23:21:14","modified_gmt":"2025-11-22T23:21:14","slug":"marsella-se-levanta-contra-la-omerta-del-narcotrafico-hablamos-porque-sabemos-que-el-silencio-mata-internacional","status":"publish","type":"post","link":"https:\/\/www.europesays.com\/es\/250518\/","title":{"rendered":"Marsella se levanta contra la \u2018omert\u00e0\u2019 del narcotr\u00e1fico: \u201cHablamos porque sabemos que el silencio mata\u201d | Internacional"},"content":{"rendered":"<p class=\"\">La historia es larga y est\u00e1 llena de cap\u00edtulos sangrientos, nombres hist\u00f3ricos del crimen organizado, literatura y pel\u00edculas. Pero Marsella, segunda ciudad de Francia en poblaci\u00f3n (850.000 personas), capital en implantaci\u00f3n del crimen organizado, no puede m\u00e1s. Este s\u00e1bado unas 6.200 personas, seg\u00fan la polic\u00eda, salieron a la calle vestidas de blanco en la mayor protesta que se recuerda contra el narcotr\u00e1fico y denunciar el el asesinato de Mehdi Kessaci, hermano de un pol\u00edtico y activista contra el narco hace nueve d\u00edas. Un punto de inflexi\u00f3n que devuelve a la ciudad a los a\u00f1os ochenta, l<a href=\"https:\/\/elpais.com\/diario\/1981\/10\/22\/internacional\/372553214_850215.html\" target=\"_self\" rel=\"nofollow noopener\" title=\"https:\/\/elpais.com\/diario\/1981\/10\/22\/internacional\/372553214_850215.html\">os tiempos en los que la mafia de la ciudad desafi\u00f3 al estado asesinado al juez Pierre Michel.<\/a> \u201cHablamos porque sabemos que el silencio mata\u201d, lanz\u00f3 emocionado el hermano de la v\u00edctima.<\/p>\n<p class=\"\">La historia se repite ahora en su versi\u00f3n m\u00e1s salvaje. <a href=\"https:\/\/elpais.com\/internacional\/2025-11-18\/la-sombra-de-la-mafia-vuelve-a-marsella.html\" target=\"_self\" rel=\"nofollow noopener\" title=\"https:\/\/elpais.com\/internacional\/2025-11-18\/la-sombra-de-la-mafia-vuelve-a-marsella.html\">El jueves 13 de noviembre, dos sicarios a bordo de una motocicleta dispararon a Mehdi Kessaci, de 20 a\u00f1os<\/a>, cuando se encontraba aparcando su coche en el distrito cuarto, al norte de Marsella. Era el hermano de Amine Kessaci, conocido activista y vecino de unos de los barrios del norte de Marsella, los m\u00e1s conflictivos y gangrenados por el narcotr\u00e1fico. La polic\u00eda investiga todav\u00eda el caso y los asesinos siguen en libertad. Pero la principal hip\u00f3tesis es la de un asesinato encargado desde la c\u00e1rcel por uno de los l\u00edderes de la DZ Mafia. Un \u201ccrimen de intimidaci\u00f3n\u201d, como lo calific\u00f3 el ministro del Interior, Laurent Nu\u00f1ez. Un paso m\u00e1s hacia la consolidaci\u00f3n de un r\u00e9gimen hegem\u00f3nico y mafioso impuesto por las bandas.<\/p>\n<p><img decoding=\"auto\" class=\"_re lazyload a_m-h\" height=\"276\"  width=\"414\"  src=\"https:\/\/www.europesays.com\/es\/wp-content\/uploads\/2025\/11\/CG6AC73PPNJIZC6YE2EFQGDDL4.jpg\" loading=\"lazy\"\/>Movilizaci\u00f3n de protesta contra el narcotr\u00e1fico en Marsella. SEBASTIEN NOGIER (EFE)<\/p>\n<p class=\"\"><a href=\"https:\/\/elpais.com\/internacional\/2025-11-20\/el-narco-desafia-al-estado-frances.html\" target=\"_self\" rel=\"nofollow noopener\" title=\"https:\/\/elpais.com\/internacional\/2025-11-20\/el-narco-desafia-al-estado-frances.html\">Francia lo ha interpretado como un \u201cdesaf\u00edo al estado\u201d<\/a>, seg\u00fan el propio Nu\u00f1ez. Y en la manifestaci\u00f3n, justo donde Mehdi fue asesinado, estaba la presidenta de la Asamblea Nacional, Ya\u00ebl Braun-Pivet, \u201cpara afirmar la unidad nacional en la lucha contra el narcotr\u00e1fico\u201d. Pero tambi\u00e9n el alcalde la ciudad, Beno\u00eet Payan, y otros pol\u00edticos procedentes de la izquierda, como Olivier Faure y Boris Vallaud (PS), M<a href=\"https:\/\/elpais.com\/internacional\/2024-09-23\/marine-tondelier-lider-de-los-ecologistas-en-francia-macron-dimitira-antes-de-ser-destituido.html\" target=\"_self\" rel=\"nofollow noopener\" title=\"https:\/\/elpais.com\/internacional\/2024-09-23\/marine-tondelier-lider-de-los-ecologistas-en-francia-macron-dimitira-antes-de-ser-destituido.html\">arine Tondelier (Los Ecologistas)<\/a> o Fran\u00e7ois Ruffin, tambi\u00e9n viajaron a Marsella y participaron en la protesta entre gritos de \u201cjusticia para Mehdi\u201d. \u201cNecesitamos justicia social, compromiso por parte del Estado y de las administraciones locales, as\u00ed como apoyo a las asociaciones que hacen el trabajo cada d\u00eda con muy pocos recursos\u201d, afirm\u00f3 Amine Kessaci en su discurso.<\/p>\n<p class=\"\">La marcha pretend\u00eda, entre otras cosas, contrarrestar el efecto ya palpable del asesinato: el silencio, el miedo y la omert\u00e0. Muchos de los activistas que trabajan en los barrios conflictivos, como educadores, mediadores o abogados, han decidido no volver a aparecer en los medios por miedo a represalias. \u201cEste asesinato es el fracaso de nuestro estado y de Europa para asegurar la protecci\u00f3n de sus ciudadanos. Amine era un pol\u00edtico que combat\u00eda el narcotr\u00e1fico. Y atacar a un pol\u00edtico y a su familia en Francia es atacar al estado. Vamos a dar un paso atr\u00e1s, no se podr\u00e1 hablar en p\u00fablico. Si la lucha contin\u00faa, tendr\u00e1 que ser desde el anonimato y discretamente para no buscarse problemas\u201d, explica esta letrada que pide anonimato.<\/p>\n<p><img decoding=\"auto\" class=\"_re lazyload a_m-h\" height=\"311\"  width=\"414\"  src=\"https:\/\/www.europesays.com\/es\/wp-content\/uploads\/2025\/11\/MNAYSBBQ4VEXBL5HVDINIMU3LM.jpg\" loading=\"lazy\"\/>Un hombre pasa por delante de una pintada en el barrio de Malpass\u00e9, en el norte de Marsella. <\/p>\n<p class=\"\">Los asesinos de Mehdi no han sido detenidos. La motocicleta apareci\u00f3 calcinada lejos del lugar del homicidio. No hay demasiadas pistas. Pero las primera investigaciones apuntan Amine O., conocido como Mamine o Jalisco, uno de los l\u00edderes de la DZ Mafia. El delincuente se encuentra en una prisi\u00f3n de alta seguridad, pero se sospecha que pudo organizar el crimen desde la c\u00e1rcel, tal y como ocurre habitualmente. <\/p>\n<p class=\"\">La situaci\u00f3n es \u201cgrave\u201d, reconoce el vicealcalde de Marsella, Pierre Huguet en conversaci\u00f3n con El PA\u00cdS. \u201cEs un punto de inflexi\u00f3n in\u00e9dito en Marsella que recuerda los a\u00f1os 80 con el asesinato del juez Michel. La situaci\u00f3n es muy preocupante. El alcalde, desde el principio de su mandato, ha pedido instrumentos suplementarios de justicia y polic\u00eda para lucha eficazmente contra el narcotr\u00e1fico\u201d, se\u00f1ala antes de expandir el problema a toda Francia. \u201cHoy la cuesti\u00f3n del narcotr\u00e1fico es nacional, no solo marsellesa. Pero la seguridad y la lucha contra el narcotr\u00e1fico es una competencia del estado\u201d, matiza apuntando a ciudades como Grenoble, N\u00eemes o Toulousse, profundamente afectadas por el fen\u00f3meno.<\/p>\n<p class=\"\">La Castellane (el barrio donde naci\u00f3 <a href=\"https:\/\/elpais.com\/deportes\/2020-07-27\/zidane-mas-que-un-tutor.html\" rel=\"nofollow noopener\" title=\"https:\/\/elpais.com\/deportes\/2020-07-27\/zidane-mas-que-un-tutor.html\" target=\"_blank\">Zinedine Zidane<\/a>), La Paternelle, La Savine, Les Rosiers o Frais Vallone, el barrio donde crecieron los hermanos Kessaci, a solo unos minutos del lugar donde fue asesinado Medhi. Durante un tiempo han sido territorios inexpugnables para la polic\u00eda o para quien no fuera a comprar droga. En los \u00faltimos a\u00f1os, dos bandas rivales libraron una sangrienta guerra que dej\u00f3 casi un centenar de muertos:<a href=\"https:\/\/elpais.com\/internacional\/2025-05-02\/francia-imputa-a-21-personas-por-la-ola-de-ataques-contra-prisiones-y-apunta-al-narcotrafico.html\" rel=\"nofollow noopener\" title=\"https:\/\/elpais.com\/internacional\/2025-05-02\/francia-imputa-a-21-personas-por-la-ola-de-ataques-contra-prisiones-y-apunta-al-narcotrafico.html\" target=\"_blank\">la DZ Mafia<\/a>(DZ se refiere a la palabra Argelia en \u00e1rabe y en lenguas bereberes) y Yoda. El resultado fue la desaparici\u00f3n de los segundos y una cierta pacificaci\u00f3n de sus viejos cuarteles generales. \u201cHan bajado los asesinatos, pero ha crecido la sensaci\u00f3n de impunidad de esta organizaci\u00f3n\u201d, opinan fuentes policiales.<\/p>\n<p><img decoding=\"auto\" class=\"_re lazyload a_m-h\" height=\"311\"  width=\"414\"  src=\"https:\/\/www.europesays.com\/es\/wp-content\/uploads\/2025\/11\/EPF7GX3DF5C57OEM3VGGX6ALNE.jpg\" loading=\"lazy\"\/>Momo Benmedoour, activista y trabajador social en el barrio de Malpass\u00e9.Samuel Aranda<\/p>\n<p class=\"\">Marsella, segunda urbe m\u00e1s poblada del pa\u00eds con 850.000 habitantes, es hoy <a href=\"https:\/\/elpais.com\/internacional\/2021-09-26\/marsella-herida-y-orgullosa.html\" rel=\"nofollow noopener\" title=\"https:\/\/elpais.com\/internacional\/2021-09-26\/marsella-herida-y-orgullosa.html\" target=\"_blank\">una ciudad partida por la mitad<\/a>: un norte pobre, los llamados quartiers nord, y un sur, relativamente rico. La mitad de los habitantes de 41 barrios puede considerarse pobres. M\u00e1s all\u00e1 de la seguridad, el Ayuntamiento tiene competencias para trabajar socialmente en ah\u00ed, como lo hacen incansablemente asociaciones como APIS, del mediador Momo Benmedoour. Activista desde hace 13 a\u00f1os, recorre los barrios, habla con los j\u00f3venes, les ofrece alternativas al narcotr\u00e1fico y supervisa su estancia en la c\u00e1rcel si terminan cometiendo un delito. El s\u00e1bado estaba en primera fila de la protesta. \u201cSe habla demasiado de ellos. Son j\u00f3venes que hemos visto crecer a todos. Algunos han cometido actos muy graves, pero la mayor\u00eda est\u00e1 muertos o en prisi\u00f3n. Existen, claro. Pero es una organizaci\u00f3n que tiene dos a\u00f1os de existencia y no sabemos el poder que tiene. El problema es que entran en esas delincuencia porque son chicos desorientados, que viven en condiciones lamentables, insalubres, y muchos sin un padre en casa. La madre limpia otras casas o vive con las ayudas, y cuando el peque\u00f1o crece ah\u00ed y ve el tr\u00e1fico desde que crece piensa que es el \u00fanico medio que tiene para prosperar\u201d, apunta.<\/p>\n<p class=\"\">Momo, que asegura no tener miedo, subraya tambi\u00e9n la gravedad del momento. \u201cEs una amenaza para todos y todo el mundo est\u00e1 nervioso. Es el m\u00e9todo de Cosa Nostra en los a\u00f1os 80, cuando se atacaba periodistas, pol\u00edticos, jueces\u2026 Y se hac\u00eda para que no se hablase, para que no hubiera arrepentidos\u201d. De momento, Marsella sigue levant\u00e1ndose y levantando la voz para evitar normalizar a la mafia.<\/p>\n<p><img decoding=\"auto\" class=\"_re lazyload a_m-h\" height=\"311\"  width=\"414\"  src=\"https:\/\/www.europesays.com\/es\/wp-content\/uploads\/2025\/11\/S7QWYLCBY5GJNFI2HN2ZBHARJM.jpg\" loading=\"lazy\"\/>Vecinos de Frais Vallon, el barrio d\u00f3nde naci\u00f3 y creci\u00f3 Mehdi Kessaci y su hermano Amine.Samuel Aranda<\/p>\n","protected":false},"excerpt":{"rendered":"La historia es larga y est\u00e1 llena de cap\u00edtulos sangrientos, nombres hist\u00f3ricos del crimen organizado, literatura y pel\u00edculas.&hellip;\n","protected":false},"author":2,"featured_media":250519,"comment_status":"","ping_status":"","sticky":false,"template":"","format":"standard","meta":{"footnotes":""},"categories":[42],"tags":[20626,1154,17,18,27522,794,730,13,14,317,11,61,62,63,64,19,20,6521,63512,17922,7337,9,10,15,16,18264,12,21,22,65,66,67],"class_list":{"0":"post-250518","1":"post","2":"type-post","3":"status-publish","4":"format-standard","5":"has-post-thumbnail","7":"category-internacional","8":"tag-activismo","9":"tag-asesinatos","10":"tag-breaking-news","11":"tag-breakingnews","12":"tag-crimen-organizado","13":"tag-drogas","14":"tag-emmanuel-macron","15":"tag-featured-news","16":"tag-featurednews","17":"tag-francia","18":"tag-headlines","19":"tag-internacional","20":"tag-international","21":"tag-international-news","22":"tag-internationalnews","23":"tag-latest-news","24":"tag-latestnews","25":"tag-marsella","26":"tag-movilizaciones-civiles","27":"tag-narcotraficantes","28":"tag-narcotrafico","29":"tag-news","30":"tag-noticias","31":"tag-noticias-destacadas","32":"tag-noticiasdestacadas","33":"tag-protestas-sociales","34":"tag-titulares","35":"tag-ultimas-noticias","36":"tag-ultimasnoticias","37":"tag-world","38":"tag-world-news","39":"tag-worldnews"},"share_on_mastodon":{"url":"","error":"Validation failed: Text character limit of 500 exceeded"},"_links":{"self":[{"href":"https:\/\/www.europesays.com\/es\/wp-json\/wp\/v2\/posts\/250518","targetHints":{"allow":["GET"]}}],"collection":[{"href":"https:\/\/www.europesays.com\/es\/wp-json\/wp\/v2\/posts"}],"about":[{"href":"https:\/\/www.europesays.com\/es\/wp-json\/wp\/v2\/types\/post"}],"author":[{"embeddable":true,"href":"https:\/\/www.europesays.com\/es\/wp-json\/wp\/v2\/users\/2"}],"replies":[{"embeddable":true,"href":"https:\/\/www.europesays.com\/es\/wp-json\/wp\/v2\/comments?post=250518"}],"version-history":[{"count":0,"href":"https:\/\/www.europesays.com\/es\/wp-json\/wp\/v2\/posts\/250518\/revisions"}],"wp:featuredmedia":[{"embeddable":true,"href":"https:\/\/www.europesays.com\/es\/wp-json\/wp\/v2\/media\/250519"}],"wp:attachment":[{"href":"https:\/\/www.europesays.com\/es\/wp-json\/wp\/v2\/media?parent=250518"}],"wp:term":[{"taxonomy":"category","embeddable":true,"href":"https:\/\/www.europesays.com\/es\/wp-json\/wp\/v2\/categories?post=250518"},{"taxonomy":"post_tag","embeddable":true,"href":"https:\/\/www.europesays.com\/es\/wp-json\/wp\/v2\/tags?post=250518"}],"curies":[{"name":"wp","href":"https:\/\/api.w.org\/{rel}","templated":true}]}}