{"id":250520,"date":"2025-11-22T23:22:16","date_gmt":"2025-11-22T23:22:16","guid":{"rendered":"https:\/\/www.europesays.com\/es\/250520\/"},"modified":"2025-11-22T23:22:16","modified_gmt":"2025-11-22T23:22:16","slug":"movimiento-sumar-apuesta-por-avanzar-hacia-una-alianza-de-partidos-estable-mas-alla-de-lo-electoral-espana","status":"publish","type":"post","link":"https:\/\/www.europesays.com\/es\/250520\/","title":{"rendered":"Movimiento Sumar apuesta por avanzar hacia una alianza de partidos \u201cestable\u201d m\u00e1s all\u00e1 de lo electoral | Espa\u00f1a"},"content":{"rendered":"<p class=\"\">En una semana extremadamente complicada para el Gobierno, con la publicaci\u00f3n del \u00faltimo <a href=\"https:\/\/elpais.com\/espana\/2025-11-18\/el-supremo-cita-a-declarar-a-tres-nuevos-investigados-por-el-supuesto-amano-de-obras-tras-los-registros-en-varias-sedes-de-acciona.html\" target=\"_self\" rel=\"nofollow noopener\" title=\"https:\/\/elpais.com\/espana\/2025-11-18\/el-supremo-cita-a-declarar-a-tres-nuevos-investigados-por-el-supuesto-amano-de-obras-tras-los-registros-en-varias-sedes-de-acciona.html\">informe de la UCO<\/a> sobre el caso Cerd\u00e1n y la<a href=\"https:\/\/elpais.com\/espana\/2025-11-21\/un-tribunal-que-vuelve-a-fragmentarse-y-una-deliberacion-rapida-sobre-el-fiscal-general-del-estado.html\" target=\"_self\" rel=\"nofollow noopener\" title=\"https:\/\/elpais.com\/espana\/2025-11-21\/un-tribunal-que-vuelve-a-fragmentarse-y-una-deliberacion-rapida-sobre-el-fiscal-general-del-estado.html\"> condena al fiscal general del Estado<\/a>, Movimiento Sumar cambia el paso y activa la maquinaria para el <a href=\"https:\/\/elpais.com\/espana\/elecciones-extremadura\/\" target=\"_self\" rel=\"nofollow noopener\" title=\"https:\/\/elpais.com\/espana\/elecciones-extremadura\/\">ciclo electoral que se abre este diciembre<\/a> en Extremadura. El partido de los afines a la vicepresidenta Yolanda D\u00edaz, mayoritario en el grupo parlamentario de Sumar en el Congreso, ha dado luz verde este s\u00e1bado a su <a href=\"https:\/\/elpais.com\/espana\/2025-10-28\/podemos-si-concurrira-con-iu-en-extremadura-mientras-aleja-la-alianza-en-andalucia.html\" target=\"_self\" rel=\"nofollow noopener\" title=\"https:\/\/elpais.com\/espana\/2025-10-28\/podemos-si-concurrira-con-iu-en-extremadura-mientras-aleja-la-alianza-en-andalucia.html\">hoja de ruta para los pr\u00f3ximos comicios<\/a>. En una de las seis resoluciones aprobadas en la conferencia pol\u00edtica celebrada en Madrid, la formaci\u00f3n aboga por impulsar una coalici\u00f3n \u201cestable\u201d en la izquierda que vaya m\u00e1s all\u00e1 de la alianza meramente electoral y que desarrolle un trabajo y proyecto \u201ccomunes\u201d. La organizaci\u00f3n pone el foco en la juventud, llama a dar la batalla cultural en el mundo digital y los medios de comunicaci\u00f3n y propone medidas como una renta b\u00e1sica de 550 euros al mes entre los 18 y los 21 a\u00f1os. <\/p>\n<p class=\"\">Ante un espacio a la izquierda del PSOE hoy divido en dos en el panorama nacional tras la<a href=\"https:\/\/elpais.com\/espana\/2023-12-05\/podemos-oficializa-su-ruptura-con-sumar-y-pasa-al-grupo-mixto.html\" target=\"_self\" rel=\"nofollow noopener\" title=\"https:\/\/elpais.com\/espana\/2023-12-05\/podemos-oficializa-su-ruptura-con-sumar-y-pasa-al-grupo-mixto.html\"> ruptura de Podemos<\/a> al comienzo de la legislatura, la organizaci\u00f3n que coordina Lara Hern\u00e1ndez recupera las pretensiones del Sumar inicial y apuesta por \u201cconstruir\u201d un pryecto pol\u00edtico compartido compuesto por una izquierda \u201cplural, democr\u00e1tica y cooperativa\u201d. Entre los principios que deben articular ese espacio se \u201creconoce y garantiza\u201d la participaci\u00f3n de todas las sensibilidades pol\u00edticas, territoriales y sociales, eso s\u00ed, \u201carticuladas bajo reglas comunes\u201d. Tambi\u00e9n que cada organizaci\u00f3n mantenga \u201csu identidad\u201d, pero compartiendo \u201cobjetivos, principios y mecanismos\u201d de funcionamiento; que se construya desde el \u201crespeto a las realidades de cada naci\u00f3n y territorio, pero con una vocaci\u00f3n pol\u00edtica com\u00fan\u201d y el objetivo de \u201cconsolidar un sujeto pol\u00edtico estable\u201d.<\/p>\n<p class=\"\">Para ello, Movimiento Sumar contempla cuatro ejes, empezando por mantener y reforzar la Mesa de Partidos que ya funciona a d\u00eda de hoy en Sumar como \u201cprimera fase de un espacio confederal de decisi\u00f3n y coordinaci\u00f3n, donde est\u00e9n representadas todas las fuerzas integrantes y los espacios\u201d que deriven de ella. El partido aboga por dotar a esa mesa de un mandato para construir \u00e1mbitos de \u201creflexi\u00f3n y acci\u00f3n conjunta a todos los niveles\u201d y elaborar una propuesta de \u201ccandidatura com\u00fan\u201d con el objetivo de \u201cganar poder institucional y revalidar el Gobierno en 2027\u2033. En segundo lugar, la formaci\u00f3n menciona la consolidaci\u00f3n de un \u201ctrabajo cotidiano\u201d que prepare el terreno para una futura \u201cfase constituyente\u201d, a trav\u00e9s de \u201ccampa\u00f1as, conferencias pol\u00edticas, encuentros territoriales y foros abiertos que permitan la implicaci\u00f3n directa de la militancia y de las personas simpatizantes del conjunto de las organizaciones\u201d, seg\u00fan reza el texto aprobado. El objetivo es caminar hacia una \u201ccultura com\u00fan\u201d de todo el espacio. <\/p>\n<p class=\"\">Movimiento Sumar apuesta igualmente por asegurar que tanto en el plano estatal, como en el auton\u00f3mico y el local exista \u201cun solo sujeto pol\u00edtico compartido, evitando competencia electoral y garantizando tanto la representaci\u00f3n conjunta del espacio como la cooperaci\u00f3n con los procesos territoriales m\u00e1s asentados y con m\u00e1s hegemon\u00eda en su territorio\u201d. Por \u00faltimo, el texto refuerza la idea de la \u201cvocaci\u00f3n de permanencia\u201d en el tiempo de ese espacio \u201ccom\u00fan organizado\u201d. <\/p>\n<p class=\"\">Buena parte de los votantes de Sumar en las generales proviene del electorado de M\u00e1s Madrid, Comprom\u00eds, Comunes, M\u00e9s per Mallorca y Chunta Aragonesista, organizaciones asentadas desde hace a\u00f1os en cada una de sus comunidades. En 2024, cuando <a href=\"https:\/\/elpais.com\/espana\/2024-03-23\/la-lista-de-yolanda-diaz-se-impone-en-la-primera-asamblea-de-sumar-con-una-baja-participacion.html\" target=\"_self\" rel=\"nofollow noopener\" title=\"https:\/\/elpais.com\/espana\/2024-03-23\/la-lista-de-yolanda-diaz-se-impone-en-la-primera-asamblea-de-sumar-con-una-baja-participacion.html\">Sumar celebr\u00f3 su asamblea fundacional <\/a>con la participaci\u00f3n de varios partidos de la coalici\u00f3n izquierdista, la intenci\u00f3n era construir una organizaci\u00f3n con una direcci\u00f3n en la que se incluyesen actores de cada formaci\u00f3n. Pero la pretensi\u00f3n del grupo de D\u00edaz, elegida entonces coordinadora general, era controlarlo todo y absorber al resto bajo la marca com\u00fan, algo que rechazaron los partidos durante meses. Tras los <a href=\"https:\/\/elpais.com\/internacional\/elecciones\/europeas\/\" target=\"_self\" rel=\"nofollow noopener\" title=\"https:\/\/elpais.com\/internacional\/elecciones\/europeas\/\">malos resultados en las europeas, <\/a>que dieron lugar al paso atr\u00e1s de la vicepresidenta del Gobierno, estos acabaron plant\u00e1ndose y el proyecto qued\u00f3 aparcado. El pasado marzo, Movimiento Sumar eligi\u00f3 una nueva direcci\u00f3n <a href=\"https:\/\/elpais.com\/espana\/2025-03-30\/la-metamorfosis-de-sumar.html\" target=\"_self\" rel=\"nofollow noopener\" title=\"https:\/\/elpais.com\/espana\/2025-03-30\/la-metamorfosis-de-sumar.html\">asumiendo ya su papel como organizaci\u00f3n modesta <\/a>y una m\u00e1s dentro de la coalici\u00f3n. <\/p>\n<p>Derechos contra la desigualdad<\/p>\n<p class=\"\">En otra de las resoluciones aprobadas, Movimiento Sumar defiende la conquista de \u201cnuevos derechos\u201d como mejor forma para combatir la desigualdad, que es, sostiene el partido, \u201cf\u00e1brica de votos de la antipol\u00edtica y el mejor aliado de las derechas\u201d.<\/p>\n<p class=\"\">Entre las prioridades, la formaci\u00f3n sit\u00faa el acceso a la vivienda \u2014principal problema de la ciudadan\u00eda\u2014, pero tambi\u00e9n la prestaci\u00f3n universal por crianza, la reducci\u00f3n de la jornada laboral a 32 horas \u2014el <a href=\"https:\/\/elpais.com\/espana\/2025-09-10\/el-congreso-tumba-la-reduccion-de-la-jornada-laboral-con-los-votos-de-pp-vox-y-junts.html\" target=\"_self\" rel=\"nofollow noopener\" title=\"https:\/\/elpais.com\/espana\/2025-09-10\/el-congreso-tumba-la-reduccion-de-la-jornada-laboral-con-los-votos-de-pp-vox-y-junts.html\">Congreso tumb\u00f3 en septiembre la propuesta del Ministerio de Trabajo<\/a>\u2014, derechos laborales contra la explotaci\u00f3n de la Inteligencia Artificial y una reforma fiscal. <\/p>\n<p class=\"\">Para los m\u00e1s j\u00f3venes, promueve el voto desde los 16 a\u00f1os, el transporte p\u00fablico gratuito y una Renta B\u00e1sica Juvenil de 550 euros al mes durante tres a\u00f1os desde los 18 a los 21 \u201ccomo punto de partida\u201d para la creaci\u00f3n de una \u201crenta b\u00e1sica de ciudadan\u00eda para el conjunto de la sociedad\u201d.<\/p>\n<p class=\"\">En un momento en que las encuestas se\u00f1alan una preferencia de los m\u00e1s j\u00f3venes hacia Vox, la participaci\u00f3n de este colectivo es para Movimiento Sumar una \u201cprioridad pol\u00edtica y social\u201d. El <a href=\"https:\/\/elpais.com\/espana\/2025-11-10\/movimiento-sumar-busca-disputar-el-voto-joven-a-vox-para-afrontar-el-nuevo-ciclo-electoral.html\" target=\"_self\" rel=\"nofollow noopener\" title=\"https:\/\/elpais.com\/espana\/2025-11-10\/movimiento-sumar-busca-disputar-el-voto-joven-a-vox-para-afrontar-el-nuevo-ciclo-electoral.html\">partido llama a dar la batalla cultural<\/a> en el mundo digital, en los medios y en las redes para combatir \u201cel discurso del odio\u201d; \u201creivindicar\u201d espacios como las universidades, los centros de estudio y las calles; y \u201creocupar el espacio p\u00fablico con organizaci\u00f3n, acci\u00f3n y responsabilidad\u201d.<\/p>\n<p>La inc\u00f3gnita de la unidad<\/p>\n<p class=\"\">La inc\u00f3gnita principal, en todo caso, sigue siendo <a href=\"https:\/\/elpais.com\/espana\/2025-11-07\/iu-apuesta-por-acelerar-el-proceso-de-unidad-para-las-generales-sin-esperar-a-podemos.html\" target=\"_self\" rel=\"nofollow noopener\" title=\"https:\/\/elpais.com\/espana\/2025-11-07\/iu-apuesta-por-acelerar-el-proceso-de-unidad-para-las-generales-sin-esperar-a-podemos.html\">qu\u00e9 partidos est\u00e1n dispuestos <\/a>a entrar en la alianza. Podemos, que s\u00ed concurrir\u00e1 con IU en Extremadura, ha redoblado su apuesta al postular a Irene Montero para las generales, y a\u00fan no se ha definido sobre Andaluc\u00eda. La coalici\u00f3n de izquierdas en la comunidad<a href=\"https:\/\/elpais.com\/espana\/2025-11-20\/antonio-maillo-sera-el-candidato-de-por-andalucia-a-la-junta.html\" target=\"_self\" rel=\"nofollow noopener\" title=\"https:\/\/elpais.com\/espana\/2025-11-20\/antonio-maillo-sera-el-candidato-de-por-andalucia-a-la-junta.html\"> oficializ\u00f3 este viernes la candidatura <\/a>a la presidencia de la Junta del coordinador federal de IU, Antonio Ma\u00edllo, que no particip\u00f3 en las primarias, pero fue designado por un acuerdo de todos los partidos. Su elecci\u00f3n es una apuesta fuerte y vaticina que todo el espacio se volcar\u00e1 en los comicios previstos en junio, donde tras la crisis de los cribados, Juan Manuel Moreno puede enfrentar dificultades para revalidar su mayor\u00eda absoluta.<\/p>\n","protected":false},"excerpt":{"rendered":"En una semana extremadamente complicada para el Gobierno, con la publicaci\u00f3n del \u00faltimo informe de la UCO sobre&hellip;\n","protected":false},"author":2,"featured_media":250521,"comment_status":"","ping_status":"","sticky":false,"template":"","format":"standard","meta":{"footnotes":""},"categories":[8],"tags":[17,18,45690,54253,47005,63513,25,24,13,14,11,433,19,20,9,10,15,16,957,6067,952,23,4453,12,21,22],"class_list":{"0":"post-250520","1":"post","2":"type-post","3":"status-publish","4":"format-standard","5":"has-post-thumbnail","7":"category-espana","8":"tag-breaking-news","9":"tag-breakingnews","10":"tag-elecciones-andaluzas","11":"tag-elecciones-autonomicas","12":"tag-elecciones-castilla-y-leon","13":"tag-elecciones-extremenas","14":"tag-es","15":"tag-espana","16":"tag-featured-news","17":"tag-featurednews","18":"tag-headlines","19":"tag-jovenes","20":"tag-latest-news","21":"tag-latestnews","22":"tag-news","23":"tag-noticias","24":"tag-noticias-destacadas","25":"tag-noticiasdestacadas","26":"tag-partidos-politicos","27":"tag-podemos","28":"tag-politica","29":"tag-spain","30":"tag-sumar","31":"tag-titulares","32":"tag-ultimas-noticias","33":"tag-ultimasnoticias"},"share_on_mastodon":{"url":"https:\/\/pubeurope.com\/@es\/115595926091286005","error":""},"_links":{"self":[{"href":"https:\/\/www.europesays.com\/es\/wp-json\/wp\/v2\/posts\/250520","targetHints":{"allow":["GET"]}}],"collection":[{"href":"https:\/\/www.europesays.com\/es\/wp-json\/wp\/v2\/posts"}],"about":[{"href":"https:\/\/www.europesays.com\/es\/wp-json\/wp\/v2\/types\/post"}],"author":[{"embeddable":true,"href":"https:\/\/www.europesays.com\/es\/wp-json\/wp\/v2\/users\/2"}],"replies":[{"embeddable":true,"href":"https:\/\/www.europesays.com\/es\/wp-json\/wp\/v2\/comments?post=250520"}],"version-history":[{"count":0,"href":"https:\/\/www.europesays.com\/es\/wp-json\/wp\/v2\/posts\/250520\/revisions"}],"wp:featuredmedia":[{"embeddable":true,"href":"https:\/\/www.europesays.com\/es\/wp-json\/wp\/v2\/media\/250521"}],"wp:attachment":[{"href":"https:\/\/www.europesays.com\/es\/wp-json\/wp\/v2\/media?parent=250520"}],"wp:term":[{"taxonomy":"category","embeddable":true,"href":"https:\/\/www.europesays.com\/es\/wp-json\/wp\/v2\/categories?post=250520"},{"taxonomy":"post_tag","embeddable":true,"href":"https:\/\/www.europesays.com\/es\/wp-json\/wp\/v2\/tags?post=250520"}],"curies":[{"name":"wp","href":"https:\/\/api.w.org\/{rel}","templated":true}]}}