{"id":250522,"date":"2025-11-22T23:23:17","date_gmt":"2025-11-22T23:23:17","guid":{"rendered":"https:\/\/www.europesays.com\/es\/250522\/"},"modified":"2025-11-22T23:23:17","modified_gmt":"2025-11-22T23:23:17","slug":"las-primeras-veces-de-la-primera-vez-en-el-spotify-camp-nou","status":"publish","type":"post","link":"https:\/\/www.europesays.com\/es\/250522\/","title":{"rendered":"Las primeras veces de la primera vez en el Spotify Camp Nou"},"content":{"rendered":"<p>Las <strong>primeras veces<\/strong> dif\u00edcilmente se olvidan, y la primera del nuevo <strong>Spotify Camp Nou<\/strong> no ser\u00e1, ni de lejos, una excepci\u00f3n. El primer partido, la primera victoria y la primera celebraci\u00f3n son la gran imagen de un encuentro que ha tenido much\u00edsimas primeras veces que vale la pena repasar.<\/p>\n<p>Todas las primeras veces de la previa<\/p>\n<p>Ha sido, por ejemplo, <strong>la primera vez en el nuevo estadio para los 45.157 culers <\/strong>que han podido disfrutar del Bar\u00e7a-Athletic en primera persona. Todos ellos han dedicado la <strong>primera ovaci\u00f3n a los porteros<\/strong> \u2014Joan Garcia, Szczesny y Kochen\u2014, los primeros en salir a calentar antes que sus compa\u00f1eros, los jugadores de campo. Tambi\u00e9n antes de que el bal\u00f3n empezara a rodar, el <strong>primer himno lo ha interpretado el Orfe\u00f3 Catal\u00e0<\/strong>, y el <strong>primer saque de honor<\/strong> ha sido uno de los momentos m\u00e1s especiales.<\/p>\n<p>                <img decoding=\"async\" src=\"https:\/\/www.europesays.com\/es\/wp-content\/uploads\/2025\/11\/DAG-033-0M1A0372.JPG\" alt=\"DAG 033 0M1A0372\" class=\"embeddable-photo__image\"\/><\/p>\n<p>Han tenido el honor de hacerlo dos de los<strong> socios con m\u00e1s antig\u00fcedad<\/strong>, Juan Canela Salamero y Jordi Penas i Iberri, que tambi\u00e9n estuvieron presentes en la inauguraci\u00f3n del estadio en 1957. Toda una vida de compromiso barcelonista que se ha llevado una ovaci\u00f3n de pie de todos los culers. Esto ha dado paso al <strong>primer minuto de silencio<\/strong>, con motivo del D\u00eda Internacional para la Eliminaci\u00f3n de la Violencia contra las Mujeres.<\/p>\n<p>Del primer toque al primer gol, obra del primer capit\u00e1n<\/p>\n<p>Y, despu\u00e9s de toda la previa, momento para el f\u00fatbol. El <strong>primer once<\/strong> de Flick lo han formado Joan Garcia bajo los palos; Kounde, Cubars\u00ed, Gerard Mart\u00edn y Balde en defensa; con Eric, Ferm\u00edn y Olmo en la sala de m\u00e1quinas; y Ferran, Lamine Yamal y Lewandowski \u2014como <strong>primer capit\u00e1n<\/strong>\u2014 en ataque. El <strong>primer toque <\/strong>lo ha hecho Ferm\u00edn, con el saque inicial, celebrando su centenario con el primer equipo.<\/p>\n<p>                <img decoding=\"async\" src=\"https:\/\/www.europesays.com\/es\/wp-content\/uploads\/2025\/11\/JUCA8751.jpg\" alt=\"JUCA8751\" class=\"embeddable-photo__image\"\/><\/p>\n<p>Con el silbato inicial se ha vivido el <strong>primer c\u00e1ntico,<\/strong> el cl\u00e1sico \u00abOh le le, oh la la, ser del Bar\u00e7a \u00e9s el millor que hi ha\u00bb, que ha dado inicio a lo que acabar\u00eda siendo una fiesta completa, y desde muy pronto. Porque, aunque el <strong>primer saque de banda<\/strong> lo ha hecho Gorosabel, el p<strong>rimer fuera de juego<\/strong> se lo han se\u00f1alado a Nico Williams y el<strong> primer c\u00f3rner <\/strong>lo ha ejecutado Olmo, en el minuto dos, un par de minutos m\u00e1s tarde ha llegado el <strong>primer gol<\/strong>, obra de Lewandowski e inventado por el propio polaco.<\/p>\n<p>La primera asistencia, con el sello de Lamine Yamal<\/p>\n<p>Otras cositas, como la<strong> primera falta<\/strong>, cometida por Berenguer, o el <strong>primer gol anulado<\/strong>, protagonizado por Ferran Torres en el minuto 24. La <strong>primera parada<\/strong> de Joan Garcia lleg\u00f3 en el minuto 33, a un disparo de Unai G\u00f3mez, y la <strong>primera tarjeta amarilla<\/strong> ha sido para De Galarreta. Y, ya al final de la primera mitad, la <strong>primera asistencia<\/strong>, marca de la casa, de Lamine Yamal, con el exterior, para el 2-0 de Ferran.<\/p>\n<p>                <img decoding=\"async\" src=\"https:\/\/www.europesays.com\/es\/wp-content\/uploads\/2025\/11\/_MGA4049.jpg\" alt=\"Lamine Athletic\" class=\"embeddable-photo__image\"\/><\/p>\n<p>En el descanso, el <strong>primer cambio<\/strong>, con Araujo entrando por Balde, y poco despu\u00e9s del 2-0 de Ferm\u00edn, Sancet le ha propinado una patada sin sentido al mismo \u201816\u2019 blaugrana, para poner su nombre junto a la <strong>primera expulsi\u00f3n<\/strong> del nuevo Spotify Camp Nou.<\/p>\n<p>Que todas las primeras veces sean como esta<\/p>\n<p>Con 11 contra 10 y 3-0, el ritmo ha bajado, y el p\u00fablico se ha sumado a la fiesta con los <strong>primeros \u00abOl\u00e9, Ol\u00e9\u00bb<\/strong>, despu\u00e9s de un rondo a campo completo en el minuto 72. Y, cuando ya parec\u00eda que no habr\u00eda gran cosa m\u00e1s, con suspense tras revisarlo con el VAR, Ferran Torres ha marcado el<strong> primer doblete<\/strong>, en el minuto 90, para sellar la <strong>primera goleada.<\/strong> Final de fiesta perfecto. Ojal\u00e1 todas las primeras veces sean como esta.<\/p>\n","protected":false},"excerpt":{"rendered":"Las primeras veces dif\u00edcilmente se olvidan, y la primera del nuevo Spotify Camp Nou no ser\u00e1, ni de&hellip;\n","protected":false},"author":2,"featured_media":250523,"comment_status":"","ping_status":"","sticky":false,"template":"","format":"standard","meta":{"footnotes":""},"categories":[5],"tags":[17,18,25,24,13,14,11,19,20,9,10,15,16,23,2288,12,21,22],"class_list":{"0":"post-250522","1":"post","2":"type-post","3":"status-publish","4":"format-standard","5":"has-post-thumbnail","7":"category-titulares","8":"tag-breaking-news","9":"tag-breakingnews","10":"tag-es","11":"tag-espana","12":"tag-featured-news","13":"tag-featurednews","14":"tag-headlines","15":"tag-latest-news","16":"tag-latestnews","17":"tag-news","18":"tag-noticias","19":"tag-noticias-destacadas","20":"tag-noticiasdestacadas","21":"tag-spain","22":"tag-text","23":"tag-titulares","24":"tag-ultimas-noticias","25":"tag-ultimasnoticias"},"share_on_mastodon":{"url":"https:\/\/pubeurope.com\/@es\/115595929717560641","error":""},"_links":{"self":[{"href":"https:\/\/www.europesays.com\/es\/wp-json\/wp\/v2\/posts\/250522","targetHints":{"allow":["GET"]}}],"collection":[{"href":"https:\/\/www.europesays.com\/es\/wp-json\/wp\/v2\/posts"}],"about":[{"href":"https:\/\/www.europesays.com\/es\/wp-json\/wp\/v2\/types\/post"}],"author":[{"embeddable":true,"href":"https:\/\/www.europesays.com\/es\/wp-json\/wp\/v2\/users\/2"}],"replies":[{"embeddable":true,"href":"https:\/\/www.europesays.com\/es\/wp-json\/wp\/v2\/comments?post=250522"}],"version-history":[{"count":0,"href":"https:\/\/www.europesays.com\/es\/wp-json\/wp\/v2\/posts\/250522\/revisions"}],"wp:featuredmedia":[{"embeddable":true,"href":"https:\/\/www.europesays.com\/es\/wp-json\/wp\/v2\/media\/250523"}],"wp:attachment":[{"href":"https:\/\/www.europesays.com\/es\/wp-json\/wp\/v2\/media?parent=250522"}],"wp:term":[{"taxonomy":"category","embeddable":true,"href":"https:\/\/www.europesays.com\/es\/wp-json\/wp\/v2\/categories?post=250522"},{"taxonomy":"post_tag","embeddable":true,"href":"https:\/\/www.europesays.com\/es\/wp-json\/wp\/v2\/tags?post=250522"}],"curies":[{"name":"wp","href":"https:\/\/api.w.org\/{rel}","templated":true}]}}