{"id":250528,"date":"2025-11-22T23:32:09","date_gmt":"2025-11-22T23:32:09","guid":{"rendered":"https:\/\/www.europesays.com\/es\/250528\/"},"modified":"2025-11-22T23:32:09","modified_gmt":"2025-11-22T23:32:09","slug":"pogba-reaparece-mas-de-dos-anos-despues-en-la-debacle-del-monaco-con-ansu-fati-de-vuelta-al-once","status":"publish","type":"post","link":"https:\/\/www.europesays.com\/es\/250528\/","title":{"rendered":"Pogba reaparece m\u00e1s de dos a\u00f1os despu\u00e9s en la debacle del M\u00f3naco, con Ansu Fati de vuelta al once"},"content":{"rendered":"<p data-gtm-element-container=\"modulo-texto-link\" class=\"paragraph\">El <strong>M\u00f3naco<\/strong> sigue en ca\u00edda libre tras caer goleado (4-1) ante el<strong> Stade Rennais<\/strong>. Tercera derrota consecutiva en <strong>Ligue 1 <\/strong>que le hace bajar a la octava plaza, ya muy lejos de las primeras posiciones y de la disputa por el t\u00edtulo. La \u00fanica buena noticia del partido para ellos fue que <strong>Paul Pogba <\/strong>volvi\u00f3 a sentirse futbolista m\u00e1s de dos a\u00f1os despu\u00e9s por su sanci\u00f3n por dopaje.\u00a0<\/p>\n<p data-gtm-element-container=\"modulo-texto-link\" class=\"paragraph\">La primera parte fue bastante igualada, con ocasiones para los dos equipos. Incluso el M\u00f3naco tuvo alguna m\u00e1s. <strong>Ansu Fati,<\/strong> de vuelta a la titularidad despu\u00e9s de dejar atr\u00e1s la infecci\u00f3n tras la extracci\u00f3n de la muela de juicio, lo intent\u00f3 de todas las maneras posibles. Esta vez sus chutes no acabaron en gol, pero sigue con el colmillo afilado para volver a convertir pronto ahora que ha acumulado siete partidos consecutivos sin anotar. Una racha en la que por unas u otras razones no ha tenido tanto protagonismo.\u00a0<\/p>\n<p data-gtm-element-container=\"modulo-texto-link\" class=\"paragraph\">Rompi\u00f3 la igualdad en el minuto 20<strong> Ait Boudlal<\/strong>, de apenas 19 a\u00f1os y uno de los centrales m\u00e1s prometedores del planeta f\u00fatbol. Arranc\u00f3 la jugada en su \u00e1rea, tir\u00f3 una pared y avanz\u00f3 hasta tres cuartos. La abri\u00f3 a un costado y entr\u00f3 al \u00e1rea aprovechando el centro de Mahdi C\u00e1mara para meterla a gol con un remate poco ortodoxo con el muslo.\u00a0<\/p>\n<p data-gtm-element-container=\"modulo-texto-link\" class=\"paragraph\">Tras el descanso toda la charla del t\u00e9cnico se fue al traste con el gol de <strong>Mahdi C\u00e1mara<\/strong>, quien ya hab\u00eda dado la asistencia del primer tanto (48&#8242;). Pensando tambi\u00e9n en el duelo clave de Champions entre semana contra el Pafos fue sustituido Ansu y poco despu\u00e9s lleg\u00f3 la debacle.\u00a0<\/p>\n<p data-gtm-element-container=\"modulo-texto-link\" class=\"paragraph\">El suizo Denis Zakaria vio la cartulina roja directa y las opciones de su equipo murieron al 99%. El poco porcentaje que hab\u00eda para la esperanza se acab\u00f3 en el 73&#8242; con la diana de Embolo haciendo buena la ley del ex. Y redonde\u00f3 la fiesta para los locales Blas desde los once metros.\u00a0<\/p>\n<p>    Lee tambi\u00e9n<\/p>\n<p>La vuelta de Paul Pogba<\/p>\n<p data-gtm-element-container=\"modulo-texto-link\" class=\"paragraph\">De este partido el M\u00f3naco tiene la obligaci\u00f3n de hacer borr\u00f3n y cuenta nueva de todo, excepto de una cosa: Pogba, otra vez en el verde. El centrocampista franc\u00e9s fichado en verano por fin pudo debutar. Estuvo un tiempo sin ser convocado para alcanzar un estado de forma \u00f3ptimo. Y luego, cada vez que parec\u00eda que iba a volver alg\u00fan percance ocurr\u00eda. Entr\u00f3 en el 85&#8242; y volvi\u00f3 a disputar un partido oficial, algo que no hac\u00eda el campe\u00f3n del mundo en 2018 desde el pasado 3 de septiembre de 2023. Entr\u00f3 visiblemente emocionado, con una ovaci\u00f3n atronadora y dejando detalles de futbolista diferente. Biereth maquill\u00f3 el marcador en el 90+5&#8242;.\u00a0<\/p>\n","protected":false},"excerpt":{"rendered":"El M\u00f3naco sigue en ca\u00edda libre tras caer goleado (4-1) ante el Stade Rennais. Tercera derrota consecutiva en&hellip;\n","protected":false},"author":2,"featured_media":250529,"comment_status":"","ping_status":"","sticky":false,"template":"","format":"standard","meta":{"footnotes":""},"categories":[268],"tags":[168,25,24,280,282,281,23,167],"class_list":{"0":"post-250528","1":"post","2":"type-post","3":"status-publish","4":"format-standard","5":"has-post-thumbnail","7":"category-futbol","8":"tag-deportes","9":"tag-es","10":"tag-espana","11":"tag-football","12":"tag-futbol","13":"tag-soccer","14":"tag-spain","15":"tag-sports"},"share_on_mastodon":{"url":"https:\/\/pubeurope.com\/@es\/115595964864573222","error":""},"_links":{"self":[{"href":"https:\/\/www.europesays.com\/es\/wp-json\/wp\/v2\/posts\/250528","targetHints":{"allow":["GET"]}}],"collection":[{"href":"https:\/\/www.europesays.com\/es\/wp-json\/wp\/v2\/posts"}],"about":[{"href":"https:\/\/www.europesays.com\/es\/wp-json\/wp\/v2\/types\/post"}],"author":[{"embeddable":true,"href":"https:\/\/www.europesays.com\/es\/wp-json\/wp\/v2\/users\/2"}],"replies":[{"embeddable":true,"href":"https:\/\/www.europesays.com\/es\/wp-json\/wp\/v2\/comments?post=250528"}],"version-history":[{"count":0,"href":"https:\/\/www.europesays.com\/es\/wp-json\/wp\/v2\/posts\/250528\/revisions"}],"wp:featuredmedia":[{"embeddable":true,"href":"https:\/\/www.europesays.com\/es\/wp-json\/wp\/v2\/media\/250529"}],"wp:attachment":[{"href":"https:\/\/www.europesays.com\/es\/wp-json\/wp\/v2\/media?parent=250528"}],"wp:term":[{"taxonomy":"category","embeddable":true,"href":"https:\/\/www.europesays.com\/es\/wp-json\/wp\/v2\/categories?post=250528"},{"taxonomy":"post_tag","embeddable":true,"href":"https:\/\/www.europesays.com\/es\/wp-json\/wp\/v2\/tags?post=250528"}],"curies":[{"name":"wp","href":"https:\/\/api.w.org\/{rel}","templated":true}]}}