{"id":250532,"date":"2025-11-22T23:36:19","date_gmt":"2025-11-22T23:36:19","guid":{"rendered":"https:\/\/www.europesays.com\/es\/250532\/"},"modified":"2025-11-22T23:36:19","modified_gmt":"2025-11-22T23:36:19","slug":"los-creadores-de-stranger-things-ofrecen-los-primeros-detalles-sobre-su-nuevo-spin-off-sucedera-pronto","status":"publish","type":"post","link":"https:\/\/www.europesays.com\/es\/250532\/","title":{"rendered":"Los creadores de Stranger Things ofrecen los primeros detalles sobre su nuevo spin-off: \u201cSuceder\u00e1 pronto\u201d"},"content":{"rendered":"<p class=\"c-paragraph\">A menos de una semana para que <b>Stranger Things <\/b>regrese a Netflix con el arranque de su temporada final, los creadores de la serie, <b>Matt y Ross Duffer<\/b>, ofrecen un peque\u00f1o adelanto sobre su futuro spin-off, y no nos referimos a la serie de animaci\u00f3n <a href=\"https:\/\/www.hobbyconsolas.com\/hobbycine\/netflix-deja-claro-rumbo-que-va-tomar-con-stranger-things-traves-su-spin-off_6897469_0.html\" title=\"Netflix deja claro el rumbo que va a tomar con Stranger Things a trav\u00e9s de su spin-off\" rel=\"nofollow noopener\" target=\"_blank\">Stranger Things: Relatos del 85<\/a>.<\/p>\n<p class=\"c-paragraph\">El pasado mes de agosto, surgieron los primeros rumores sobre este spin-off, que ser\u00eda una suerte de <b>Twin Peaks <\/b>antol\u00f3gica y relacionada con <b>el universo de Stranger Things<\/b>. En octubre, <a href=\"https:\/\/www.hobbyconsolas.com\/hobbycine\/stranger-things-no-seguira-los-pasos-final-juego-tronos-dara-todas-las-respuestas-aseguran-sus-protagonistas_6896992_0.html\" title=\"Stranger Things no seguir\u00e1 los pasos del final de Juego de Tronos y dar\u00e1 todas las respuestas, aseguran sus protagonistas\" rel=\"nofollow noopener\" target=\"_blank\">los hermanos Duffer<\/a> compartieron que hab\u00edan empezado de cero a trabajar en esta serie, con \u201c<b>nuevos personajes<\/b>\u201d.<\/p>\n<p class=\"c-paragraph\">Ahora, a trav\u00e9s con una entrevista con el medio <a href=\"https:\/\/deadline.com\/2025\/11\/stranger-things-spin-off-duffer-brothers-netflix-paramount-1236623973\/\" rel=\"nofollow noreferrer noopener\" title=\"fuente: deadline\" target=\"_blank\">Deadline<\/a>, <b>los creadores de Stranger Things<\/b> han confirmado que siguen adelante con el proyecto: \u201cEstamos avanzando con ello. <b>Netflix<\/b>, por fin saben lo que es. Lo mantuvimos en secreto. Se frustraron mucho. Simplemente no se lo dijimos. Finn [Wolfhard] adivin\u00f3 lo que era. As\u00ed que \u00e9l era el \u00fanico que lo sab\u00eda\u201d.<\/p>\n<p class=\"c-paragraph\">Sin embargo, se\u00f1alan que los rumores que han surgido en este tiempo podr\u00edan no corresponderse con la realidad del proyecto actual, que sigue evolucionando.<\/p>\n<p>Pronto sabremos m\u00e1s sobre el spin-off de Stranger Things<\/p>\n<p class=\"c-paragraph\"><b>Los hermanos Duffer <\/b>a\u00f1adieron que tanto ellos como\u00a0<a href=\"https:\/\/www.hobbyconsolas.com\/hobbycine\/los-creadores-stranger-things-confirman-que-muerte-mas-violenta-serie-llegara-temporada-final_6901328_0.html\" title=\"Los creadores de Stranger Things confirman que la muerte m\u00e1s violenta de la serie llegar\u00e1 en la temporada final\" rel=\"nofollow noopener\" target=\"_blank\">Netflix<\/a>\u00a0ten\u00edan mucho entusiasmo por<b> el proyecto derivado de Stranger Things<\/b>, por lo tanto: \u201c<b>Pronto daremos m\u00e1s informaci\u00f3n<\/b>. Estamos intentando que se ponga en marcha cuanto antes. As\u00ed que, con suerte, suceder\u00e1 pronto\u201d.<\/p>\n<p class=\"c-paragraph\">\u201cLa idea del spin-off es algo que Ross y yo ideamos y que nos entusiasma much\u00edsimo\u201d, explic\u00f3 Matt Duffer. \u201c<b>Es bastante diferente<\/b> a <a href=\"https:\/\/www.hobbyconsolas.com\/reviews\/critica-stranger-things-4-volumen-1-regresa-buque-insignia-netflix-1065019\" title=\"Cr\u00edtica de Stranger Things 4 Volumen 1 - La serie de cabecera de Netflix ha pegado el estir\u00f3n\" rel=\"nofollow noopener\" target=\"_blank\">Stranger Things<\/a>. Creo que la clave es que nace de la pasi\u00f3n, ya sea nuestra o de otra persona. No es un encargo. No es algo forzado\u201d.<\/p>\n<p class=\"c-paragraph\">\u201c<b>Queremos que el estreno sea especial<\/b>. Si algo lleva el t\u00edtulo de Stranger Things, quiero que sea bueno, de calidad. As\u00ed que Ross y yo seguiremos muy involucrados\u201d, confirm\u00f3 creador de la serie que triunfa en Netflix.<\/p>\n","protected":false},"excerpt":{"rendered":"A menos de una semana para que Stranger Things regrese a Netflix con el arranque de su temporada&hellip;\n","protected":false},"author":2,"featured_media":250533,"comment_status":"","ping_status":"","sticky":false,"template":"","format":"standard","meta":{"footnotes":""},"categories":[171],"tags":[10750,146,147,25,24,4417,32058,23,52336,17646,214],"class_list":{"0":"post-250532","1":"post","2":"type-post","3":"status-publish","4":"format-standard","5":"has-post-thumbnail","7":"category-tv","8":"tag-creadores","9":"tag-entertainment","10":"tag-entretenimiento","11":"tag-es","12":"tag-espana","13":"tag-los","14":"tag-ofrecen","15":"tag-spain","16":"tag-stranger","17":"tag-things","18":"tag-tv"},"share_on_mastodon":{"url":"https:\/\/pubeurope.com\/@es\/115595980823408042","error":""},"_links":{"self":[{"href":"https:\/\/www.europesays.com\/es\/wp-json\/wp\/v2\/posts\/250532","targetHints":{"allow":["GET"]}}],"collection":[{"href":"https:\/\/www.europesays.com\/es\/wp-json\/wp\/v2\/posts"}],"about":[{"href":"https:\/\/www.europesays.com\/es\/wp-json\/wp\/v2\/types\/post"}],"author":[{"embeddable":true,"href":"https:\/\/www.europesays.com\/es\/wp-json\/wp\/v2\/users\/2"}],"replies":[{"embeddable":true,"href":"https:\/\/www.europesays.com\/es\/wp-json\/wp\/v2\/comments?post=250532"}],"version-history":[{"count":0,"href":"https:\/\/www.europesays.com\/es\/wp-json\/wp\/v2\/posts\/250532\/revisions"}],"wp:featuredmedia":[{"embeddable":true,"href":"https:\/\/www.europesays.com\/es\/wp-json\/wp\/v2\/media\/250533"}],"wp:attachment":[{"href":"https:\/\/www.europesays.com\/es\/wp-json\/wp\/v2\/media?parent=250532"}],"wp:term":[{"taxonomy":"category","embeddable":true,"href":"https:\/\/www.europesays.com\/es\/wp-json\/wp\/v2\/categories?post=250532"},{"taxonomy":"post_tag","embeddable":true,"href":"https:\/\/www.europesays.com\/es\/wp-json\/wp\/v2\/tags?post=250532"}],"curies":[{"name":"wp","href":"https:\/\/api.w.org\/{rel}","templated":true}]}}