{"id":250534,"date":"2025-11-22T23:37:11","date_gmt":"2025-11-22T23:37:11","guid":{"rendered":"https:\/\/www.europesays.com\/es\/250534\/"},"modified":"2025-11-22T23:37:11","modified_gmt":"2025-11-22T23:37:11","slug":"soy-una-estrella-por-pipiolas","status":"publish","type":"post","link":"https:\/\/www.europesays.com\/es\/250534\/","title":{"rendered":"soy una estrella!!! por Pipiolas"},"content":{"rendered":"<p class=\"text-align-justify\">Con \u00abSoy una estrella!!!\u00bb <a href=\"https:\/\/www.metalocus.es\/es\/noticias\/mas-que-un-verano-narciso-por-pipiolas\" target=\"_blank\" rel=\"nofollow noopener\">Pipiolas<\/a> ironizan sobre el papel de los artistas en la industria del pop. Oficialmente es \u00abuna s\u00e1tira sobre aquello en lo que nos convierte el funcionamiento de la industria a las actrices que intentan cumplir sus sue\u00f1os. Soy buena, soy brillante, soy v\u00e1lida, pero si nadie nos escoge, entonces no somos nada\u00bb.<\/p>\n<p class=\"text-align-justify\">\u00abTanto talento, act\u00fao, canto y pinto, supero a mis maestros, s\u00e9 que est\u00e1 llegando mi momento\u00bb, cantan Paula y Adriana, y muestran c\u00f3mo, en este proceso de creaci\u00f3n art\u00edstica, nada de eso es suficiente. Ironizan en el estribillo y suplican que las elijamos a ellas porque sus caras son preciosas y su talento, el m\u00e1s valioso\u2026 un talento intr\u00ednseco en este joven d\u00fao que forma parte de su \u00abtrabajo\u00bb.<\/p>\n<p><img decoding=\"async\" src=\"https:\/\/www.europesays.com\/es\/wp-content\/uploads\/2025\/11\/metalocus_pipiolas_soy-una-estrella_13.jpg\" data-entity-uuid=\"f76fd81f-dec3-447d-942b-1fe9449898a3\" data-entity-type=\"file\" alt=\"soy una estrella!!! by Pipiolas\" width=\"2048\" height=\"1543\" loading=\"lazy\"\/><\/p>\n<p>soy una estrella!!! por Pipiolas<\/p>\n<p><a href=\"https:\/\/linktr.ee\/pipiolas\" target=\"_blank\" rel=\"nofollow noopener\">Pipiolas<\/a>. Nuestro <a href=\"https:\/\/www.youtube.com\/watch?v=-mJC5IWkPq0\" target=\"_blank\" rel=\"nofollow noopener\">v\u00eddeo musical<\/a> del s\u00e1bado. (V\u00eddeo oficial). <a href=\"https:\/\/www.metalocus.es\/es\/category\/video-musical\" target=\"_blank\" rel=\"nofollow noopener\">PROYECTO M\u00daSICA METALOCUS<\/a>.<\/p>\n<p>\u00a0<\/p>\n<p>Cr\u00e9ditos.-\u00a0<\/p>\n<p class=\"Indent1\">Dirigida por Paula Reyes<br \/>Direcci\u00f3n de fotograf\u00eda.- Joel Burg\u00e8s.<br \/>Color.- Guillem Birba<br \/>MUA.- Adriana Ubani<br \/>Gr\u00e1fica.- Marina Hurtado<\/p>\n<p>Letra.-<\/p>\n<p class=\"Indent1\">Soy una estrella<br \/>Que crece piano piano<br \/>Deb\u00e9is creerme<br \/>Lo supe hace tanto<br \/>Yo tengo el duende<br \/>Lo dicen los diarios<br \/>Que cuando crezca ser\u00e9 algo extraordinario<\/p>\n<p class=\"Indent1\">Tanto talento<br \/>Act\u00fao, canto y pinto<br \/>Soy todo eso<br \/>Supero a mis maestros<br \/>Es mi momento<br \/>Yo s\u00e9 que est\u00e1 llegando<br \/>T\u00fa cuando mires seguro estoy brillando<\/p>\n<p class=\"Indent1\">Mira bien mi cara<br \/>\u00a1Es tan preciosa!<br \/>Ven y el\u00edgeme<br \/>\u00a1Soy muy valiosa!<br \/>Tienes que creerme<br \/>Soy toda una estrella<br \/>Dispuesta a triunfar, \u00a1es mi naturaleza!<\/p>\n<p class=\"Indent1\">Soy una estrella<br \/>El sue\u00f1o americano<br \/>El mundo duerme<br \/>Y mientras yo gritando<br \/>Nadie lo entiende<br \/>Me subo al escenario\u00a0<br \/>Y desde arriba, \u00a1es todo tan bizarro!<\/p>\n<p class=\"Indent1\">Este es mi cuento<br \/>Nac\u00ed para esto<br \/>Con todo puedo<br \/>No es un presentimiento<br \/>Tan imparable<br \/>No estoy exagerando<br \/>T\u00fa cuando mires seguro estoy brillando<\/p>\n<p class=\"Indent1\">Mira bien mi cara<br \/>\u00a1Es tan preciosa!<br \/>Ven y el\u00edgeme<br \/>\u00a1Soy muy valiosa!<br \/>Tienes que creerme<br \/>Soy toda una estrella<br \/>Dispuesta a triunfar, \u00a1es mi naturaleza!<\/p>\n<p class=\"Indent1\">(Sorry, it&#8217;s just not what we had in mind)<br \/>(But, that was the best dance that I&#8217;ve ever done)<br \/>(Yes, it was very nice)<br \/>(But we already have quite some girls like you on the troupe)<br \/>(We are looking for something&#8230; Different)<\/p>\n<p class=\"Indent1\">(But&#8230; I&#8217;m a star!)<br \/>I&#8217;m a star!<\/p>\n<p class=\"Indent1\">(No! I&#8217;m a star!)\u00a0<br \/>I&#8217;m a star!<\/p>\n<p class=\"Indent1\">(Please, I&#8217;m a star!)<br \/>I&#8217;m a star!<\/p>\n<p class=\"Indent1\">(Somebody help me!)<\/p>\n<p class=\"Indent1\">Next in line, please<\/p>\n","protected":false},"excerpt":{"rendered":"Con \u00abSoy una estrella!!!\u00bb Pipiolas ironizan sobre el papel de los artistas en la industria del pop. Oficialmente&hellip;\n","protected":false},"author":2,"featured_media":250535,"comment_status":"","ping_status":"","sticky":false,"template":"","format":"standard","meta":{"footnotes":""},"categories":[170],"tags":[146,147,25,24,184,185,23],"class_list":{"0":"post-250534","1":"post","2":"type-post","3":"status-publish","4":"format-standard","5":"has-post-thumbnail","7":"category-musica","8":"tag-entertainment","9":"tag-entretenimiento","10":"tag-es","11":"tag-espana","12":"tag-music","13":"tag-musica","14":"tag-spain"},"share_on_mastodon":{"url":"https:\/\/pubeurope.com\/@es\/115595984974972223","error":""},"_links":{"self":[{"href":"https:\/\/www.europesays.com\/es\/wp-json\/wp\/v2\/posts\/250534","targetHints":{"allow":["GET"]}}],"collection":[{"href":"https:\/\/www.europesays.com\/es\/wp-json\/wp\/v2\/posts"}],"about":[{"href":"https:\/\/www.europesays.com\/es\/wp-json\/wp\/v2\/types\/post"}],"author":[{"embeddable":true,"href":"https:\/\/www.europesays.com\/es\/wp-json\/wp\/v2\/users\/2"}],"replies":[{"embeddable":true,"href":"https:\/\/www.europesays.com\/es\/wp-json\/wp\/v2\/comments?post=250534"}],"version-history":[{"count":0,"href":"https:\/\/www.europesays.com\/es\/wp-json\/wp\/v2\/posts\/250534\/revisions"}],"wp:featuredmedia":[{"embeddable":true,"href":"https:\/\/www.europesays.com\/es\/wp-json\/wp\/v2\/media\/250535"}],"wp:attachment":[{"href":"https:\/\/www.europesays.com\/es\/wp-json\/wp\/v2\/media?parent=250534"}],"wp:term":[{"taxonomy":"category","embeddable":true,"href":"https:\/\/www.europesays.com\/es\/wp-json\/wp\/v2\/categories?post=250534"},{"taxonomy":"post_tag","embeddable":true,"href":"https:\/\/www.europesays.com\/es\/wp-json\/wp\/v2\/tags?post=250534"}],"curies":[{"name":"wp","href":"https:\/\/api.w.org\/{rel}","templated":true}]}}