{"id":250540,"date":"2025-11-22T23:40:11","date_gmt":"2025-11-22T23:40:11","guid":{"rendered":"https:\/\/www.europesays.com\/es\/250540\/"},"modified":"2025-11-22T23:40:11","modified_gmt":"2025-11-22T23:40:11","slug":"carlos-egea-especialista-en-neumologia-la-melatonina-no-es-beber-agua-no-es-tomarse-un-jugo-de-una-planta","status":"publish","type":"post","link":"https:\/\/www.europesays.com\/es\/250540\/","title":{"rendered":"Carlos Egea, especialista en neumolog\u00eda: \u201cLa melatonina no es beber agua, no es tomarse un jugo de una planta\u201d"},"content":{"rendered":"<p class=\"\">En los \u00faltimos a\u00f1os, la <b>melatonina<\/b> ha pasado de ser un t\u00e9rmino conocido solo en entornos cient\u00edficos a convertirse en un producto habitual en farmacias y conversaciones sobre descanso. <b>Su fama se debe principalmente a su relaci\u00f3n con el sue\u00f1o<\/b>.<\/p>\n<p class=\"\">La melatonina es una hormona que el cuerpo produce de manera natural, principalmente en la gl\u00e1ndula pineal. <b>Su liberaci\u00f3n aumenta cuando cae la luz del d\u00eda, por eso suele asociarse con la se\u00f1al biol\u00f3gica que nos indica que es hora de descansar.<\/b> No act\u00faa como un sedante, sino como un regulador: ayuda a sincronizar los ritmos internos con los ciclos de luz y oscuridad del entorno. En otras palabras, contribuye a que nuestro reloj biol\u00f3gico mantenga una rutina estable.<\/p>\n<p class=\"\">Su popularidad tambi\u00e9n tiene relaci\u00f3n con situaciones que pueden alterar ese reloj interno, como los turnos rotativos en el trabajo o los cambios de huso horario. En estos casos, algunas personas recurren a suplementos de melatonina para facilitar la adaptaci\u00f3n del organismo a esos nuevos horarios. Sin embargo, un <b>estudio de la<\/b> <b>Asociaci\u00f3n Americana del Coraz\u00f3n<\/b> ha advertido sobre los peligros de su uso sobre la salud cardiovascular: de acuerdo con este, quienes toman melatonina de forma rutinaria durante m\u00e1s de un a\u00f1o tienen casi el doble de riesgo de sufrir insuficiencia cardiaca.<\/p>\n<p class=\"\">Pese a que la relaci\u00f3n entre ambos factores no es directa y se deben hacer m\u00e1s estudios al respecto, se trata de un aviso con el que est\u00e1 de acuerdo el <b>especialista en neumolog\u00eda Carlos Egea Santaolalla<\/b>, presidente de la Federaci\u00f3n Espa\u00f1ola de Sociedades de Medicina del Sue\u00f1o (Fesmes), coordinador del grupo Alianza por el Sue\u00f1o y responsable tambi\u00e9n de la Unidad del Sue\u00f1o en la OSI Araba.<b> <\/b>\u201cEsto habla de dos cosas: que el tratamiento con melatonina no es tan benigno como se cree y que se necesitan estudios de m\u00e1s enfoque\u201d, apuntaba el m\u00e9dico en una entrevista en COPE Euskadi.<\/p>\n<p>Cambio de h\u00e1bitos<\/p>\n<p class=\"\">Sin \u00e1nimo de ser alarmista, el doctor fue claro sobre su postura con respecto al uso de estos suplementos: <b>\u201cLa melatonina no es beber agua, no es tomarse un jugo de una planta, es un tratamiento y que requiere monitorizaci\u00f3n de un m\u00e9dico\u201d.<\/b><\/p>\n<p>Noticias relacionadas<a href=\"https:\/\/as.com\/tikitakas\/salud\/mireia-cervera-nutricionista-en-navidad-podemos-disfrutar-sin-culpa-f202511-n\/\" class=\"s_m_w _rt-16x9\" title=\"A falta de un mes para empezar las fiestas, la asesora nutricional explica para AS qu\u00e9 hacer con los excesos de las comidas y cenas con familia y amigos.  \" data-tb-link=\"\" rel=\"nofollow noopener\" target=\"_blank\"><img decoding=\"async\" src=\"https:\/\/www.europesays.com\/es\/wp-content\/uploads\/2025\/11\/1763854810_548_HDTVPHDXBNH6NNQLV5WUHQFXUA.jpg\" alt=\"Mireia Cervera, nutricionista: \u201cEn Navidad podemos disfrutar sin culpa\u201d\" class=\"\" height=\"9\" width=\"16\"   loading=\"lazy\" data-tb-thumbnail=\"\"\/><\/a><a href=\"https:\/\/as.com\/tikitakas\/salud\/alexandre-olmos-experto-en-medicina-epigenetica-y-longevidad-sobre-el-estres-deja-huella-en-nuestros-genes-f202511-n\/\" class=\"s_m_w _rt-16x9\" title=\"El internista y divulgador m\u00e9dico, quien publica el libro \u2018Tus genes no son tu destino: cambia el rumbo de tu salud y revoluciona tu bienestar\u2019, charla con AS.\" data-tb-link=\"\" rel=\"nofollow noopener\" target=\"_blank\"><img decoding=\"async\" src=\"https:\/\/www.europesays.com\/es\/wp-content\/uploads\/2025\/11\/B5QXVOMFFFALLD4TLK3ECP4M3A.jpg\" alt=\"Alexandre Olmos, experto en medicina epigen\u00e9tica y longevidad, sobre el estr\u00e9s: \u201cDeja huella en  nuestros genes\u201d\" class=\"\" height=\"9\" width=\"16\"   loading=\"lazy\" data-tb-thumbnail=\"\"\/><\/a><\/p>\n<p class=\"\">Asimismo, es importante tener en cuenta que los suplementos no sustituyen <b>h\u00e1bitos necesarios para un sue\u00f1o reparador<\/b> como mantener una rutina de descanso constante, reducir el uso de pantallas antes de dormir o evitar cenas demasiado pesadas. Tambi\u00e9n es recomendable pedir orientaci\u00f3n profesional en caso de enfermedades, embarazo, lactancia o si se toman otros tratamientos.<\/p>\n<p class=\"\"><b>\u00a1Tus opiniones importan!<\/b> Comenta en los art\u00edculos y suscr\u00edbete gratis a nuestra <a href=\"https:\/\/asfan.as.com\/newsletters\/\" target=\"_blank\" rel=\"nofollow noopener\" title=\"https:\/\/asfan.as.com\/newsletters\/\">newsletter<\/a> y a las alertas informativas en la <a href=\"https:\/\/as.com\/aplicacion-de-as-n\/\" target=\"_blank\" rel=\"nofollow noopener\" title=\"https:\/\/as.com\/aplicacion-de-as-n\/\">App<\/a> o el canal de <a href=\"https:\/\/www.whatsapp.com\/channel\/0029VaAasdA7j6g745nz9M10\" target=\"_blank\" rel=\"nofollow noopener\" title=\"https:\/\/www.whatsapp.com\/channel\/0029VaAasdA7j6g745nz9M10\">WhatsApp<\/a>. \u00bfBuscas licenciar contenido? Haz clic <a href=\"https:\/\/profesional.elpais.com\/landing-sindicacion?utm_medium=interno&amp;utm_source=crosslinking&amp;utm_campaign=sindicacion_as_pie_articulos\" target=\"_blank\" rel=\"nofollow noopener\" title=\"https:\/\/profesional.elpais.com\/landing-sindicacion?utm_medium=interno&amp;utm_source=crosslinking&amp;utm_campaign=sindicacion_as_pie_articulos\">aqu\u00ed<\/a><\/p>\n","protected":false},"excerpt":{"rendered":"En los \u00faltimos a\u00f1os, la melatonina ha pasado de ser un t\u00e9rmino conocido solo en entornos cient\u00edficos a&hellip;\n","protected":false},"author":2,"featured_media":250541,"comment_status":"","ping_status":"","sticky":false,"template":"","format":"standard","meta":{"footnotes":""},"categories":[92],"tags":[25,24,165,166,23],"class_list":{"0":"post-250540","1":"post","2":"type-post","3":"status-publish","4":"format-standard","5":"has-post-thumbnail","7":"category-salud","8":"tag-es","9":"tag-espana","10":"tag-health","11":"tag-salud","12":"tag-spain"},"share_on_mastodon":{"url":"https:\/\/pubeurope.com\/@es\/115595996725240159","error":""},"_links":{"self":[{"href":"https:\/\/www.europesays.com\/es\/wp-json\/wp\/v2\/posts\/250540","targetHints":{"allow":["GET"]}}],"collection":[{"href":"https:\/\/www.europesays.com\/es\/wp-json\/wp\/v2\/posts"}],"about":[{"href":"https:\/\/www.europesays.com\/es\/wp-json\/wp\/v2\/types\/post"}],"author":[{"embeddable":true,"href":"https:\/\/www.europesays.com\/es\/wp-json\/wp\/v2\/users\/2"}],"replies":[{"embeddable":true,"href":"https:\/\/www.europesays.com\/es\/wp-json\/wp\/v2\/comments?post=250540"}],"version-history":[{"count":0,"href":"https:\/\/www.europesays.com\/es\/wp-json\/wp\/v2\/posts\/250540\/revisions"}],"wp:featuredmedia":[{"embeddable":true,"href":"https:\/\/www.europesays.com\/es\/wp-json\/wp\/v2\/media\/250541"}],"wp:attachment":[{"href":"https:\/\/www.europesays.com\/es\/wp-json\/wp\/v2\/media?parent=250540"}],"wp:term":[{"taxonomy":"category","embeddable":true,"href":"https:\/\/www.europesays.com\/es\/wp-json\/wp\/v2\/categories?post=250540"},{"taxonomy":"post_tag","embeddable":true,"href":"https:\/\/www.europesays.com\/es\/wp-json\/wp\/v2\/tags?post=250540"}],"curies":[{"name":"wp","href":"https:\/\/api.w.org\/{rel}","templated":true}]}}