{"id":250547,"date":"2025-11-22T23:45:15","date_gmt":"2025-11-22T23:45:15","guid":{"rendered":"https:\/\/www.europesays.com\/es\/250547\/"},"modified":"2025-11-22T23:45:15","modified_gmt":"2025-11-22T23:45:15","slug":"de-los-carmelitas-a-san-vicente","status":"publish","type":"post","link":"https:\/\/www.europesays.com\/es\/250547\/","title":{"rendered":"de los Carmelitas a San Vicente"},"content":{"rendered":"<p style=\"\"><strong>El Se\u00f1or de las Penas ha acudido a la llamada de los carmelitas del Buen Suceso<\/strong> por ser esta orden la fundadora de la hermandad en el extinto convento de la calle Ba\u00f1os. <strong>En el claustro principal, la imagen recib\u00eda culto en una hornacina <\/strong> &#8230; <strong>hasta el siglo XIX,<\/strong> donde los carmelitas veneraban a Jes\u00fas Ca\u00eddo en Tierra bajo la advocaci\u00f3n de las Penas, siguiendo la tradici\u00f3n de este pasaje tal como lo hac\u00eda San Juan de la Cruz.<\/p>\n<p class=\"voc-p\" style=\"\"><strong>En 1810,<\/strong> a comienzos del siglo XIX y a causa de la invasi\u00f3n francesa,<strong> el convento fue clausurado, quedando la imagen del Se\u00f1or de las Penas sin custodio<\/strong>. A\u00f1os m\u00e1s tarde, <strong>en 1845, el convento reabri\u00f3 sus puertas<\/strong>, pero, con el paso del tiempo, la techumbre del templo comenz\u00f3 a hundirse. <strong>La talla fue entonces trasladada a la capilla del Sant\u00edsimo, donde permaneci\u00f3 hasta 1868,<\/strong> a\u00f1o del cierre definitivo del convento, momento en el que la imagen fue llevada a la parroquia de San Vicente.<\/p>\n<p class=\"voc-p\" style=\"\"><strong>Rafael Alba<\/strong>, religioso carmelita exclaustrado y p\u00e1rroco de San Vicent<strong>e, junto a los feligreses Juan Becerra y Reyes, y los feligreses Jos\u00e9 Casayus y Vayas, Crist\u00f3bal Bonilla, Juan Ord\u00f3\u00f1ez Becerra, Francisco y Jos\u00e9 Becerra Reyes, Ram\u00f3n Garc\u00eda, Jos\u00e9 Gorea V\u00e1zquez y Leocadio Luna, decidieron dar culto al Se\u00f1or<\/strong><strong> y redactar unas reglas<\/strong>. Tomaron como titulares al Se\u00f1or de las Penas y a una imagen de Mar\u00eda en su tristeza, bajo la advocaci\u00f3n de los Dolores, que recib\u00eda culto en la parroquia y proced\u00eda de una esclavitud servita que residi\u00f3 en dicho lugar hasta el siglo XVIII.<strong> El Arzobispado aprob\u00f3 las primeras reglas el 19 de abril de 1875, cuando la iglesia de Sevilla estaba presidida por el cardenal Luis de la Lastra y Cuesta.<\/strong><\/p>\n<p class=\"voc-p\" style=\"\">En esta etapa, <strong>cuando se fundaba la hermandad de las Penas,<\/strong><strong> Espa\u00f1a viv\u00eda la Restauraci\u00f3n Borb\u00f3nica con el regreso al trono del Rey Alfonso XII<\/strong> tras el fin de la Primera Rep\u00fablica, <strong>consolid\u00e1ndose el r\u00e9gimen pol\u00edtico impulsado por Antonio C\u00e1novas del Castillo<\/strong>. Asimismo, <strong>continuaba la Tercera Guerra Carlista<\/strong>, que concluir\u00eda en 1875, y se sentaron las bases de un sistema pol\u00edtico que marcar\u00eda la segunda mitad del siglo XIX.<\/p>\n<p class=\"voc-p\" style=\"\"><strong>Se constituy\u00f3 un nuevo sistema pol\u00edtico basado en la Constituci\u00f3n de 1876,<\/strong> promovido por Antonio C\u00e1novas del Castillo con el fin de garantizar la estabilidad del Estado liberal mediante un sistema de alternancia de partidos. Por otra parte, en este mismo periodo <strong>el cient\u00edfico franc\u00e9s Paul-\u00c9mile Lecoq de Boisbaudran descubri\u00f3 el galio; naci\u00f3 Antonio Machado; se estren\u00f3 la \u00f3pera Carmen, de Georges Bizet; y se llev\u00f3 a cabo la primera exploraci\u00f3n de las cuevas de Altamira,<\/strong> en Cantabria.<\/p>\n<p class=\"voc-p\" style=\"\">Todos estos acontecimientos ocurr\u00edan mientras nac\u00eda la hermandad de las Penas, <strong>una corporaci\u00f3n que, a\u00f1os m\u00e1s tarde de su fundaci\u00f3n, en 1923, un grupo de cofrades formados<\/strong> por Jos\u00e9 L. Rojas Sobrino, Eduardo Llosent y Mara\u00f1\u00f3n, Francisco L. Ca\u00f1as Trujillo, Juan A. Rull Benito, Luis Piazza de la Paz y Vicente del R\u00edo Tejero, adem\u00e1s de Domingo Bellido V\u00e1zquez, <strong>reorganizan la instituci\u00f3n.<\/strong> No fue nada f\u00e1cil porque el p\u00e1rroco de la \u00e9poca, Francisco Torres Galeote, se opuso, hasta que la intervenci\u00f3n de \u00c1ngel S\u00e1nchez Susillo, can\u00f3nigo de la Catedral de Sevilla, perteneciente a la etapa fundacional de las Penas, quedaba constituida en el citado templo la hermandad.<\/p>\n<p class=\"voc-p\" style=\"\">De ah\u00ed hasta la actualidad,<strong> las Penas es una hermandad consolidada, con uno de las mayores tesoros de la Semana Santa de Sevilla<\/strong>, en pleno crecimiento, una corporaci\u00f3n que parece llevar toda una vida en la ciudad dando culto al Se\u00f1or y a la Virgen. <\/p>\n","protected":false},"excerpt":{"rendered":"El Se\u00f1or de las Penas ha acudido a la llamada de los carmelitas del Buen Suceso por ser&hellip;\n","protected":false},"author":2,"featured_media":250548,"comment_status":"","ping_status":"","sticky":false,"template":"","format":"standard","meta":{"footnotes":""},"categories":[8],"tags":[17,18,63515,25,24,13,14,11,19,20,9,10,15,16,2445,2228,23,12,21,22,13291],"class_list":{"0":"post-250547","1":"post","2":"type-post","3":"status-publish","4":"format-standard","5":"has-post-thumbnail","7":"category-espana","8":"tag-breaking-news","9":"tag-breakingnews","10":"tag-carmelitas","11":"tag-es","12":"tag-espana","13":"tag-featured-news","14":"tag-featurednews","15":"tag-headlines","16":"tag-latest-news","17":"tag-latestnews","18":"tag-news","19":"tag-noticias","20":"tag-noticias-destacadas","21":"tag-noticiasdestacadas","22":"tag-penas","23":"tag-san","24":"tag-spain","25":"tag-titulares","26":"tag-ultimas-noticias","27":"tag-ultimasnoticias","28":"tag-vicente"},"share_on_mastodon":{"url":"","error":""},"_links":{"self":[{"href":"https:\/\/www.europesays.com\/es\/wp-json\/wp\/v2\/posts\/250547","targetHints":{"allow":["GET"]}}],"collection":[{"href":"https:\/\/www.europesays.com\/es\/wp-json\/wp\/v2\/posts"}],"about":[{"href":"https:\/\/www.europesays.com\/es\/wp-json\/wp\/v2\/types\/post"}],"author":[{"embeddable":true,"href":"https:\/\/www.europesays.com\/es\/wp-json\/wp\/v2\/users\/2"}],"replies":[{"embeddable":true,"href":"https:\/\/www.europesays.com\/es\/wp-json\/wp\/v2\/comments?post=250547"}],"version-history":[{"count":0,"href":"https:\/\/www.europesays.com\/es\/wp-json\/wp\/v2\/posts\/250547\/revisions"}],"wp:featuredmedia":[{"embeddable":true,"href":"https:\/\/www.europesays.com\/es\/wp-json\/wp\/v2\/media\/250548"}],"wp:attachment":[{"href":"https:\/\/www.europesays.com\/es\/wp-json\/wp\/v2\/media?parent=250547"}],"wp:term":[{"taxonomy":"category","embeddable":true,"href":"https:\/\/www.europesays.com\/es\/wp-json\/wp\/v2\/categories?post=250547"},{"taxonomy":"post_tag","embeddable":true,"href":"https:\/\/www.europesays.com\/es\/wp-json\/wp\/v2\/tags?post=250547"}],"curies":[{"name":"wp","href":"https:\/\/api.w.org\/{rel}","templated":true}]}}