{"id":25055,"date":"2025-08-04T13:13:08","date_gmt":"2025-08-04T13:13:08","guid":{"rendered":"https:\/\/www.europesays.com\/es\/25055\/"},"modified":"2025-08-04T13:13:08","modified_gmt":"2025-08-04T13:13:08","slug":"un-hombre-de-85-anos-muere-en-badajoz-por-la-ola-de-calor","status":"publish","type":"post","link":"https:\/\/www.europesays.com\/es\/25055\/","title":{"rendered":"Un hombre de 85 a\u00f1os muere en Badajoz por la ola de calor"},"content":{"rendered":"<p class=\"article-text\">\n        Un hombre de 85 a\u00f1os de la localidad pacense de Torremayor ha fallecido este lunes en el Hospital Perpetuo Socorro de Badajoz a consecuencia de las altas temperaturas. Este es el segundo caso que se registra este verano en Extremadura despu\u00e9s de la muerte de un var\u00f3n de 67 a\u00f1os, perteneciente al \u00c1rea de Salud de Plasencia (C\u00e1ceres), a principios de julio.\n    <\/p>\n<p class=\"article-text\">\n        El Servicio Extreme\u00f1o de Salud (SES) recuerda en un comunicado a la poblaci\u00f3n que la exposici\u00f3n a temperaturas excesivas puede provocar alteraciones en el normal funcionamiento del organismo, como consecuencia de la p\u00e9rdida de agua y electrolitos.\n    <\/p>\n<p class=\"article-text\">\n        La afectaci\u00f3n a la salud puede ir desde calambres, mareos, cefaleas, deshidrataci\u00f3n, insolaci\u00f3n hasta golpe de calor, siendo este el m\u00e1s grave al poder presentar da\u00f1o multiorg\u00e1nico, convulsiones e incluso coma.\n    <\/p>\n<p class=\"article-text\">\n        Las personas mayores y los menores son m\u00e1s sensibles a los cambios de temperatura, y en las personas con determinadas enfermedades cr\u00f3nicas sometidas a tratamientos m\u00e9dicos o con discapacidades que limitan su autonom\u00eda, los mecanismos de termorregulaci\u00f3n pueden verse descompensados, ha advertido el SES.\n    <\/p>\n<p class=\"article-text\">\n        La poblaci\u00f3n especialmente susceptible ante situaciones de calor excesivo son los mayores de 65 a\u00f1os, los menores de 4 a\u00f1os, las embarazadas, las personas con enfermedades cr\u00f3nicas, con trastornos de la memoria o las que reciben ciertos tratamientos como diur\u00e9ticos, neurol\u00e9pticos, anticolin\u00e9rgicos y tranquilizantes.\n    <\/p>\n<p>    <a href=\"https:\/\/www.eldiario.es\/sociedad\/el-tiempo\/semana-comienza-avisos-naranja-cinco-comunidades-autonomas-segunda-ola-calor-verano-pm_1_12512333.html\" data-mrf-recirculation=\"saber-mas-abajo\" data-dl-event=\"saber-mas-abajo\" rel=\"nofollow noopener\" target=\"_blank\"><\/p>\n<p class=\"know-more__title\">La semana empieza con cinco comunidades en aviso naranja por temperaturas de hasta 42 grados por la ola de calor\n<\/p>\n<p>            <img decoding=\"async\" class=\"lazy\" loading=\"lazy\" data-src=\"https:\/\/static.eldiario.es\/clip\/90208081-bf64-43d6-a460-8da58ed3fea7_16-9-aspect-ratio_default_0.jpg\" src=\"data:image\/svg+xml,%3Csvg xmlns=\" http:=\"\" viewbox=\"0 0 880 495\" alt=\"La semana empieza con cinco comunidades en aviso naranja por temperaturas de hasta 42 grados por la ola de calor\"\/><\/p>\n<p>                        <\/a><\/p>\n<p class=\"article-text\">\n        El SES aconseja a la ciudadan\u00eda evitar la exposici\u00f3n al sol en las horas centrales del d\u00eda; beber abundantes l\u00edquidos, sobre todo agua y zumos de fruta refrigerados, sin esperar a tener sed; evitar comidas copiosas y no abusar de bebidas alcoh\u00f3licas.\n    <\/p>\n","protected":false},"excerpt":{"rendered":"Un hombre de 85 a\u00f1os de la localidad pacense de Torremayor ha fallecido este lunes en el Hospital&hellip;\n","protected":false},"author":2,"featured_media":25056,"comment_status":"","ping_status":"","sticky":false,"template":"","format":"standard","meta":{"footnotes":""},"categories":[8],"tags":[517,7239,7235,17,18,3975,25,24,7234,13,14,11,7238,7237,19,20,7236,9,10,15,16,952,492,23,12,21,22],"class_list":{"0":"post-25055","1":"post","2":"type-post","3":"status-publish","4":"format-standard","5":"has-post-thumbnail","7":"category-espana","8":"tag-actualidad","9":"tag-agro","10":"tag-badajoz","11":"tag-breaking-news","12":"tag-breakingnews","13":"tag-caceres","14":"tag-es","15":"tag-espana","16":"tag-extremadura","17":"tag-featured-news","18":"tag-featurednews","19":"tag-headlines","20":"tag-jesus-conde","21":"tag-jose-l-aroca","22":"tag-latest-news","23":"tag-latestnews","24":"tag-merida","25":"tag-news","26":"tag-noticias","27":"tag-noticias-destacadas","28":"tag-noticiasdestacadas","29":"tag-politica","30":"tag-sociedad","31":"tag-spain","32":"tag-titulares","33":"tag-ultimas-noticias","34":"tag-ultimasnoticias"},"share_on_mastodon":{"url":"","error":""},"_links":{"self":[{"href":"https:\/\/www.europesays.com\/es\/wp-json\/wp\/v2\/posts\/25055","targetHints":{"allow":["GET"]}}],"collection":[{"href":"https:\/\/www.europesays.com\/es\/wp-json\/wp\/v2\/posts"}],"about":[{"href":"https:\/\/www.europesays.com\/es\/wp-json\/wp\/v2\/types\/post"}],"author":[{"embeddable":true,"href":"https:\/\/www.europesays.com\/es\/wp-json\/wp\/v2\/users\/2"}],"replies":[{"embeddable":true,"href":"https:\/\/www.europesays.com\/es\/wp-json\/wp\/v2\/comments?post=25055"}],"version-history":[{"count":0,"href":"https:\/\/www.europesays.com\/es\/wp-json\/wp\/v2\/posts\/25055\/revisions"}],"wp:featuredmedia":[{"embeddable":true,"href":"https:\/\/www.europesays.com\/es\/wp-json\/wp\/v2\/media\/25056"}],"wp:attachment":[{"href":"https:\/\/www.europesays.com\/es\/wp-json\/wp\/v2\/media?parent=25055"}],"wp:term":[{"taxonomy":"category","embeddable":true,"href":"https:\/\/www.europesays.com\/es\/wp-json\/wp\/v2\/categories?post=25055"},{"taxonomy":"post_tag","embeddable":true,"href":"https:\/\/www.europesays.com\/es\/wp-json\/wp\/v2\/tags?post=25055"}],"curies":[{"name":"wp","href":"https:\/\/api.w.org\/{rel}","templated":true}]}}