{"id":250560,"date":"2025-11-23T00:02:11","date_gmt":"2025-11-23T00:02:11","guid":{"rendered":"https:\/\/www.europesays.com\/es\/250560\/"},"modified":"2025-11-23T00:02:11","modified_gmt":"2025-11-23T00:02:11","slug":"apuesta-de-prime-time-o-cambio-de-estrategia-en-las-tardes","status":"publish","type":"post","link":"https:\/\/www.europesays.com\/es\/250560\/","title":{"rendered":"\u00bfApuesta de prime time o cambio de estrategia en las tardes?"},"content":{"rendered":"<p>Si hay una cadena que ha apostado fuerte por la ficci\u00f3n turca es Antena 3. Actualmente el canal de Atresmedia emite &#8216;Una nueva vida&#8217; en la noche de los domingos y &#8216;Renacer&#8217; en la de los lunes y martes. Pues bien ahora ha arrancado el pr\u00f3ximo estreno de &#8216;En tierra lejana&#8217;.<\/p>\n<p>De este modo, Antena 3 anuncia para pr\u00f3ximamente el estreno de esta nueva serie que originalmemte lleva por t\u00edtulo &#8216;Uzak Sehir&#8217;. Un anuncio sorprendente pues por ahora sus otras dos ficciones turcas siguen en emisi\u00f3n y no tienen fecha  cercana para concluir.<\/p>\n<p>Es decir es una gran inc\u00f3gnita en qu\u00e9 franja y d\u00eda podr\u00eda emitir Antena 3 &#8216;En tierra lejana&#8217;. Y es que en su prime time el \u00fanico hueco que quedar\u00e1 disponible pronto es el de los s\u00e1bados una vez concluya &#8216;La ruleta de la suerte Noche&#8217;. Otra opci\u00f3n es que Antena 3 est\u00e9 pensando en introducir cambios en sus tardes volviendo a apostar por la ficci\u00f3n turca como ya hiciera con &#8216;Tierra Amarga&#8217; reduciendo de nuevo la duraci\u00f3n de &#8216;Y ahora Sonsoles&#8217;, que es la oferta menos competitiva de su tarde con datos entre el 10 y el 11%.<\/p>\n<p>Cabe decir que &#8216;En tierra lejana&#8217; sigue su emisi\u00f3n actualmente en la televisi\u00f3n turca Kanal D. La ficci\u00f3n consta de dos temporadas y casi 40 episodios y se ha convertido en \u00abel fen\u00f3meno que ha conquistado a treinta millones de espectadores en todo el mundo y sigue creciendo\u00bb seg\u00fan Antena 3. Un fen\u00f3meno que llega a Espa\u00f1a tras haber sido vendida a casi cien pa\u00edses. <\/p>\n<p>Protagonizada por los actores\u00a0Ozan Akbaba,\u00a0Sinem \u00dcnsal,\u00a0M\u00fcfit Kayacan\u00a0y\u00a0Ferit Kaya, la serie cuenta la historia de una mujer que se ve atrapada en la ciudad de su difunto marido cuando viaja hasta all\u00ed para entregar a su familia el cuerpo del fallecido.<\/p>\n<p>Sinopsis de &#8216;En tierra lejana&#8217; <\/p>\n<p>Alya\u00a0es una brillante m\u00e9dica que vive con su marido,\u00a0Boran, y su hijo\u00a0Deniz Cihan\u00a0en Alaska. Pero todo cambia en un instante. Un terrible accidente de tr\u00e1fico acaba con la vida de Boran y la obliga a cumplir su \u00faltima voluntad: regresar con su hijo a\u00a0Mardin, su tierra natal, para enterrarlo all\u00ed.<\/p>\n<p>Lo que deb\u00eda ser un regreso marcado por el dolor pronto se convierte en una\u00a0pesadilla. Nada m\u00e1s llegar,\u00a0Sadakat, la poderosa matriarca del clan Albora, la acusa de haber provocado la muerte de su hijo. En una familia dominada por el orgullo, las apariencias y las tradiciones, Alya pasa de ser la viuda del difunto a convertirse en la principal sospechosa.<\/p>\n<p>Decidida a\u00a0proteger\u00a0a Deniz Cihan y escapar de all\u00ed cuanto antes, se enfrenta a\u00a0un mundo hostil\u00a0que vive en guerra abierta contra la familia\u00a0Baybars, un clan que busca venganza contra los Albora por rencores y secretos del pasado.<\/p>\n<p>Entre el odio y la autoridad implacable de\u00a0Cihan, el hermano mayor de su esposo, surge una conexi\u00f3n que desaf\u00eda todas las reglas y cambiar\u00e1 sus destinos para siempre. <\/p>\n","protected":false},"excerpt":{"rendered":"Si hay una cadena que ha apostado fuerte por la ficci\u00f3n turca es Antena 3. Actualmente el canal&hellip;\n","protected":false},"author":2,"featured_media":250561,"comment_status":"","ping_status":"","sticky":false,"template":"","format":"standard","meta":{"footnotes":""},"categories":[171],"tags":[146,147,25,24,23,214],"class_list":{"0":"post-250560","1":"post","2":"type-post","3":"status-publish","4":"format-standard","5":"has-post-thumbnail","7":"category-tv","8":"tag-entertainment","9":"tag-entretenimiento","10":"tag-es","11":"tag-espana","12":"tag-spain","13":"tag-tv"},"share_on_mastodon":{"url":"https:\/\/pubeurope.com\/@es\/115596082868768264","error":""},"_links":{"self":[{"href":"https:\/\/www.europesays.com\/es\/wp-json\/wp\/v2\/posts\/250560","targetHints":{"allow":["GET"]}}],"collection":[{"href":"https:\/\/www.europesays.com\/es\/wp-json\/wp\/v2\/posts"}],"about":[{"href":"https:\/\/www.europesays.com\/es\/wp-json\/wp\/v2\/types\/post"}],"author":[{"embeddable":true,"href":"https:\/\/www.europesays.com\/es\/wp-json\/wp\/v2\/users\/2"}],"replies":[{"embeddable":true,"href":"https:\/\/www.europesays.com\/es\/wp-json\/wp\/v2\/comments?post=250560"}],"version-history":[{"count":0,"href":"https:\/\/www.europesays.com\/es\/wp-json\/wp\/v2\/posts\/250560\/revisions"}],"wp:featuredmedia":[{"embeddable":true,"href":"https:\/\/www.europesays.com\/es\/wp-json\/wp\/v2\/media\/250561"}],"wp:attachment":[{"href":"https:\/\/www.europesays.com\/es\/wp-json\/wp\/v2\/media?parent=250560"}],"wp:term":[{"taxonomy":"category","embeddable":true,"href":"https:\/\/www.europesays.com\/es\/wp-json\/wp\/v2\/categories?post=250560"},{"taxonomy":"post_tag","embeddable":true,"href":"https:\/\/www.europesays.com\/es\/wp-json\/wp\/v2\/tags?post=250560"}],"curies":[{"name":"wp","href":"https:\/\/api.w.org\/{rel}","templated":true}]}}