{"id":250562,"date":"2025-11-23T00:03:09","date_gmt":"2025-11-23T00:03:09","guid":{"rendered":"https:\/\/www.europesays.com\/es\/250562\/"},"modified":"2025-11-23T00:03:09","modified_gmt":"2025-11-23T00:03:09","slug":"hicimos-todo-lo-contrario-de-lo-que-habia-que-hacer","status":"publish","type":"post","link":"https:\/\/www.europesays.com\/es\/250562\/","title":{"rendered":"\u201cHicimos todo lo contrario de lo que hab\u00eda que hacer\u201d"},"content":{"rendered":"<p class=\"article-text\">\n        Eran j\u00f3venes y su propuesta, desde luego en Galicia, inaudita: cruzar la vehemencia del punk con la sabidur\u00eda antigua de la canci\u00f3n popular. Os Diplom\u00e1ticos de Monte Alto nac\u00edan en un barrio obrero de A Coru\u00f1a a inicios de los 90 y lo hac\u00edan contra los usos y costumbres de la m\u00fasica gallega de la \u00e9poca. \u201cHicimos todo lo contrario de lo que hab\u00eda que hacer\u201d, sostiene 35 a\u00f1os m\u00e1s tarde su fundador y cabeza visible, Xurxo Souto. Se refiere a ser de ciudad y reclamar la herencia de la aldea y el honor de la periferia, tocar algo as\u00ed como una variante aut\u00f3ctona del rock y cantarla en gallego, no reconocer la existencia del \u00e9xito ni tampoco del fracaso. Todo lo que no conduc\u00eda al triunfo. Y lo hicieron. Pero Souto no habla \u00fanicamente de sus Diplom\u00e1ticos, sino de todo un movimiento: el rock brav\u00fa, que agit\u00f3 las aguas de la cultura gallega hace tres d\u00e9cadas. \u201cD\u00edcese del olor y del sabor de la carne criada en el monte, sin castrar\u201d, acierta a definir el adjetivo en el p\u00f3rtico de su \u00faltimo libro, A novela do brav\u00fa (Xerais, 2025, en gallego). \u201cLa ant\u00edtesis de la morri\u00f1a\u201d, insiste en par\u00e1frasis de una idea del escritor Miguel Anxo Murado.\n    <\/p>\n<p class=\"article-text\">\n        \u201cEs un relato en primera persona de un proceso colectivo\u201d, explica Souto (A Coru\u00f1a, 1966) a elDiario.es. Y tan colectivo. Por esta suerte de memorias del punk folk vern\u00e1culo transitan decenas de personajes, m\u00fasicos, escritores (Jaureguizar, <a href=\"https:\/\/www.eldiario.es\/galicia\/manuel-rivas-creo-escritor-escritora-anarquista-momento-escribe_1_11651374.html\" data-mrf-recirculation=\"links-noticia\" class=\"link\" rel=\"nofollow noopener\" target=\"_blank\">Manuel Rivas<\/a>), paisanos, regidores, periodistas. Y, con el singular, reconocible estilo de la escritura de Souto, un extenso cat\u00e1logo de an\u00e9cdotas y sucedidos que ilustran un tiempo sin demasiados ilustradores. En formato libro apenas Brav\u00fa. A paix\u00f3n que queima o peito (Xerais, 1999), de Xavier Vali\u00f1o, y Non temos medo (Nicetrip, 2014), una historia oral de Os Diplom\u00e1ticos a cargo de Rodri Su\u00e1rez. \u201cFaltan cronistas del brav\u00fa como faltan cronistas de las pandereteiras o de los cantos de las mujeres que trabajaban en las conserveras\u201d, se\u00f1ala, \u201cla realidad es muy diversa y el discurso que la cuenta, muy reducido\u201d. En el caso del rock brav\u00fa hab\u00eda una dificultad extra, a\u00f1ade, la de que \u201clas revoluciones nacen siempre en las orillas, en los m\u00e1rgenes\u201d. En las zonas menos iluminadas. Aunque, de cierta forma, el brav\u00fa acabara aggiorn\u00e1ndose y conquistando algo as\u00ed como el centro: un programa en la Televisi\u00f3n de Galicia en el que todos estos y otros grupos aportaban canciones adaptadas a p\u00fablico infantil, el Xabar\u00edn Club.\n    <\/p>\n","protected":false},"excerpt":{"rendered":"Eran j\u00f3venes y su propuesta, desde luego en Galicia, inaudita: cruzar la vehemencia del punk con la sabidur\u00eda&hellip;\n","protected":false},"author":2,"featured_media":250563,"comment_status":"","ping_status":"","sticky":false,"template":"","format":"standard","meta":{"footnotes":""},"categories":[170],"tags":[517,1705,146,147,25,24,816,7386,7318,184,185,10,1925,7387,1146,23],"class_list":{"0":"post-250562","1":"post","2":"type-post","3":"status-publish","4":"format-standard","5":"has-post-thumbnail","7":"category-musica","8":"tag-actualidad","9":"tag-analisis","10":"tag-entertainment","11":"tag-entretenimiento","12":"tag-es","13":"tag-espana","14":"tag-galicia","15":"tag-la-coruna","16":"tag-lugo","17":"tag-music","18":"tag-musica","19":"tag-noticias","20":"tag-opinion","21":"tag-orense","22":"tag-pontevedra","23":"tag-spain"},"share_on_mastodon":{"url":"https:\/\/pubeurope.com\/@es\/115596086736277158","error":""},"_links":{"self":[{"href":"https:\/\/www.europesays.com\/es\/wp-json\/wp\/v2\/posts\/250562","targetHints":{"allow":["GET"]}}],"collection":[{"href":"https:\/\/www.europesays.com\/es\/wp-json\/wp\/v2\/posts"}],"about":[{"href":"https:\/\/www.europesays.com\/es\/wp-json\/wp\/v2\/types\/post"}],"author":[{"embeddable":true,"href":"https:\/\/www.europesays.com\/es\/wp-json\/wp\/v2\/users\/2"}],"replies":[{"embeddable":true,"href":"https:\/\/www.europesays.com\/es\/wp-json\/wp\/v2\/comments?post=250562"}],"version-history":[{"count":0,"href":"https:\/\/www.europesays.com\/es\/wp-json\/wp\/v2\/posts\/250562\/revisions"}],"wp:featuredmedia":[{"embeddable":true,"href":"https:\/\/www.europesays.com\/es\/wp-json\/wp\/v2\/media\/250563"}],"wp:attachment":[{"href":"https:\/\/www.europesays.com\/es\/wp-json\/wp\/v2\/media?parent=250562"}],"wp:term":[{"taxonomy":"category","embeddable":true,"href":"https:\/\/www.europesays.com\/es\/wp-json\/wp\/v2\/categories?post=250562"},{"taxonomy":"post_tag","embeddable":true,"href":"https:\/\/www.europesays.com\/es\/wp-json\/wp\/v2\/tags?post=250562"}],"curies":[{"name":"wp","href":"https:\/\/api.w.org\/{rel}","templated":true}]}}