{"id":250568,"date":"2025-11-23T00:06:17","date_gmt":"2025-11-23T00:06:17","guid":{"rendered":"https:\/\/www.europesays.com\/es\/250568\/"},"modified":"2025-11-23T00:06:17","modified_gmt":"2025-11-23T00:06:17","slug":"agenda-del-dia-mundial-del-sida-2025-actividades-del-24-de-noviembre-al-5-de-diciembre","status":"publish","type":"post","link":"https:\/\/www.europesays.com\/es\/250568\/","title":{"rendered":"Agenda del D\u00eda Mundial del Sida 2025: actividades del 24 de noviembre al 5 de diciembre"},"content":{"rendered":"<p id=\"breadcrumbs\"><a href=\"https:\/\/vivirediciones.es\/\" rel=\"v:url nofollow noopener\" property=\"v:title\" target=\"_blank\">Portada<\/a> \u00bb <a href=\"https:\/\/vivirediciones.es\/category\/fuenlabrada\/\" rel=\"v:url nofollow noopener\" property=\"v:title\" target=\"_blank\">Fuenlabrada<\/a> \u00bb Agenda del D\u00eda Mundial del Sida 2025: actividades del 24 de noviembre al 5 de diciembre<\/p>\n<p><img decoding=\"async\" src=\"https:\/\/www.europesays.com\/es\/wp-content\/uploads\/2025\/11\/2025-11-21T105704.869Zfile-678x381.jpeg\" alt=\"\" title=\"agenda-del-dia-mundial-del-sida-2025-actividades-del-24-de-noviembre-al-5-de-diciembre\"\/><\/p>\n<p>Programaci\u00f3n del D\u00eda Mundial del Sida 2025 del 24 de noviembre al 5 de diciembre.<\/p>\n<p>La programaci\u00f3n del D\u00eda Mundial del Sida 2025 se desarrollar\u00e1 entre el 24 de noviembre y el 5 de diciembre de 2025. Las actividades buscan mantener la atenci\u00f3n sobre la prevenci\u00f3n, la informaci\u00f3n y el apoyo a las personas afectadas, en un contexto en el que la concienciaci\u00f3n sigue siendo clave.<\/p>\n<p>Agenda y objetivos.<\/p>\n<p>El calendario abarca m\u00e1s de una semana de actividades destinadas a sensibilizar a la poblaci\u00f3n y a reforzar mensajes de prevenci\u00f3n. Se contemplan acciones dirigidas a distintos p\u00fablicos y formatos para facilitar el acceso a la informaci\u00f3n y la participaci\u00f3n. La programaci\u00f3n pretende ofrecer espacios informativos y de debate sobre avances y retos en la respuesta al VIH. El objetivo es combinar actividades comunitarias con propuestas formativas y de difusi\u00f3n.<\/p>\n<p>Relevancia y contexto.<\/p>\n<p>El D\u00eda Mundial del Sida es una fecha de referencia para visibilizar la epidemia y sus consecuencias sociales y sanitarias. Las campa\u00f1as de cada a\u00f1o intentan recordar la importancia de la prevenci\u00f3n, la reducci\u00f3n del estigma y el acceso a servicios de salud adecuados. Continuar la educaci\u00f3n p\u00fablica sobre el VIH es esencial para mantener el progreso en tratamientos y en la reducci\u00f3n de nuevas infecciones.<\/p>\n<p>Informaci\u00f3n pr\u00e1ctica y fuentes.<\/p>\n<p>Los detalles concretos sobre horarios, ubicaciones y actividades se pueden consultar en la programaci\u00f3n oficial de la campa\u00f1a. La convocatoria cubre el periodo del 24 de noviembre al 5 de diciembre de 2025 y re\u00fane propuestas para distintos colectivos y edades. Para confirmar fechas y acceder a materiales informativos, se recomienda consultar la programaci\u00f3n oficial de la campa\u00f1a, seg\u00fan ha informado la organizaci\u00f3n promotora.<\/p>\n","protected":false},"excerpt":{"rendered":"Portada \u00bb Fuenlabrada \u00bb Agenda del D\u00eda Mundial del Sida 2025: actividades del 24 de noviembre al 5&hellip;\n","protected":false},"author":2,"featured_media":250569,"comment_status":"","ping_status":"","sticky":false,"template":"","format":"standard","meta":{"footnotes":""},"categories":[92],"tags":[25,24,165,166,23],"class_list":{"0":"post-250568","1":"post","2":"type-post","3":"status-publish","4":"format-standard","5":"has-post-thumbnail","7":"category-salud","8":"tag-es","9":"tag-espana","10":"tag-health","11":"tag-salud","12":"tag-spain"},"share_on_mastodon":{"url":"https:\/\/pubeurope.com\/@es\/115596098879941010","error":""},"_links":{"self":[{"href":"https:\/\/www.europesays.com\/es\/wp-json\/wp\/v2\/posts\/250568","targetHints":{"allow":["GET"]}}],"collection":[{"href":"https:\/\/www.europesays.com\/es\/wp-json\/wp\/v2\/posts"}],"about":[{"href":"https:\/\/www.europesays.com\/es\/wp-json\/wp\/v2\/types\/post"}],"author":[{"embeddable":true,"href":"https:\/\/www.europesays.com\/es\/wp-json\/wp\/v2\/users\/2"}],"replies":[{"embeddable":true,"href":"https:\/\/www.europesays.com\/es\/wp-json\/wp\/v2\/comments?post=250568"}],"version-history":[{"count":0,"href":"https:\/\/www.europesays.com\/es\/wp-json\/wp\/v2\/posts\/250568\/revisions"}],"wp:featuredmedia":[{"embeddable":true,"href":"https:\/\/www.europesays.com\/es\/wp-json\/wp\/v2\/media\/250569"}],"wp:attachment":[{"href":"https:\/\/www.europesays.com\/es\/wp-json\/wp\/v2\/media?parent=250568"}],"wp:term":[{"taxonomy":"category","embeddable":true,"href":"https:\/\/www.europesays.com\/es\/wp-json\/wp\/v2\/categories?post=250568"},{"taxonomy":"post_tag","embeddable":true,"href":"https:\/\/www.europesays.com\/es\/wp-json\/wp\/v2\/tags?post=250568"}],"curies":[{"name":"wp","href":"https:\/\/api.w.org\/{rel}","templated":true}]}}