{"id":250570,"date":"2025-11-23T00:07:10","date_gmt":"2025-11-23T00:07:10","guid":{"rendered":"https:\/\/www.europesays.com\/es\/250570\/"},"modified":"2025-11-23T00:07:10","modified_gmt":"2025-11-23T00:07:10","slug":"prision-comunicada-y-sin-fianza-para-el-hombre-acusado-de-matar-a-encarnita-polo-en-una-residencia-de-avila","status":"publish","type":"post","link":"https:\/\/www.europesays.com\/es\/250570\/","title":{"rendered":"Prisi\u00f3n comunicada y sin fianza para el hombre acusado de matar a Encarnita Polo en una residencia de \u00c1vila"},"content":{"rendered":"<p class=\"article-text\">\n        El titular del Juzgado de Primera Instancia e Instrucci\u00f3n n\u00famero 2 de \u00c1vila ha decretado prisi\u00f3n comunicada y sin fianza, en unidad de psiquiatr\u00eda, para el hombre de 66 a\u00f1os acusado de matar a la cantante y actriz Encarnita Polo, el 14 de noviembre en una residencia de \u00c1vila.\n    <\/p>\n<p class=\"article-text\">\n        Fuentes de la Fiscal\u00eda han confirmado este s\u00e1bado a EFE que el auto de prisi\u00f3n fue acordado despu\u00e9s de que en la tarde del viernes el acusado pasara a disposici\u00f3n judicial, una semana despu\u00e9s de que se produjeran los hechos.\n    <\/p>\n<p class=\"article-text\">\n        Durante este tiempo, el hombre ha permanecido ingresado en la Unidad de Psiquiatr\u00eda del Hospital Nuestra Se\u00f1ora de Sonsoles, en \u00c1vila, lo que ha impedido que pudiera declarar ante el juez que instruye este caso que ha tenido una gran repercusi\u00f3n medi\u00e1tica desde que se conoci\u00f3 la muerte de la artista, de 86 a\u00f1os.\n    <\/p>\n<p class=\"article-text\">\n        Las mismas fuentes han dicho desconocer la prisi\u00f3n en la que ingresar\u00e1 el hombre de 66 a\u00f1os, ya que se trata de una decisi\u00f3n que corresponde a Instituciones Penitenciarias.\n    <\/p>\n<p class=\"article-text\">\n        Este hombre, que se encontraba en la misma residencia de mayores que Encarnita Polo en \u00c1vila, estrangul\u00f3 presuntamente a la artista en las dependencias de &#8216;Decanos DomusVi&#8217;, .\n    <\/p>\n<p class=\"article-text\">\n        El supuesto responsable de los hechos no hab\u00eda mostrado hasta entonces ning\u00fan s\u00edntoma de agresividad, seg\u00fan se\u00f1alaron fuentes de la investigaci\u00f3n.\n    <\/p>\n<p class=\"article-text\">\n        Los responsables de la compa\u00f1\u00eda &#8216;DomusVi&#8217;, que gestiona la residencia de mayores &#8216;Decanos&#8217;, reconocieron estar \u201cconsternados ante lo ocurrido\u201d, y se\u00f1alaron que su \u201cprioridad\u201d es \u201cvelar por el bienestar general en estos momentos tan dif\u00edciles\u201d.\n    <\/p>\n<p class=\"article-text\">\n        Adem\u00e1s, rechazaron realizar cualquier pronunciamiento por \u201cm\u00e1ximo respeto a la confidencialidad\u201d que se les pide, y por \u201cel cari\u00f1o a la residente\u201d.\n    <\/p>\n<p class=\"article-text\">\n        Encarnita Polo fue una las figuras m\u00e1s importantes de la m\u00fasica pop y la copla de los a\u00f1os sesenta y setenta, cuando triunf\u00f3 con su conocida canci\u00f3n &#8216;Paco, Paco, Paco&#8217;.\n    <\/p>\n<p class=\"article-text\">\n        Nacida en Sevilla en 1939, Encarna Polo logr\u00f3 convertirse en una de las figuras m\u00e1s destacadas del panorama musical espa\u00f1ol de los sesenta y setenta, y una de las m\u00e1s populares gracias a la televisi\u00f3n, en la que sigui\u00f3 apareciendo como invitada a pesar de haber dejado el mundo discogr\u00e1fico.\n    <\/p>\n<p>    <a href=\"https:\/\/www.eldiario.es\/cultura\/fallece-86-anos-cantante-encarnita-polo-triunfo-paco-paco-paco_1_12769786.html\" data-mrf-recirculation=\"saber-mas-abajo\" data-dl-event=\"saber-mas-abajo\" rel=\"nofollow noopener\" target=\"_blank\"><\/p>\n<p class=\"know-more__title\">La Polic\u00eda investiga la muerte de la cantante Encarnita Polo tras ser atacada en una residencia de \u00c1vila\n<\/p>\n<p>            <img decoding=\"async\" class=\"lazy\" loading=\"lazy\" data-src=\"https:\/\/static.eldiario.es\/clip\/0fd145a7-809b-4627-a92f-e7914b733456_16-9-aspect-ratio_default_0.jpg\" src=\"data:image\/svg+xml,%3Csvg xmlns=\" http:=\"\" viewbox=\"0 0 880 495\" alt=\"La Polic\u00eda investiga la muerte de la cantante Encarnita Polo tras ser atacada en una residencia de \u00c1vila\"\/><\/p>\n<p>                        <\/a><\/p>\n<p class=\"article-text\">\n        En noviembre de 2012 desvel\u00f3 ser una de las personas afectadas por las preferentes de Bankia y asegur\u00f3 haber perdido considerables fondos. Los \u00faltimos a\u00f1os vivi\u00f3 alejada de los medios de comunicaci\u00f3n y fue tratada de un c\u00e1ncer.\n    <\/p>\n","protected":false},"excerpt":{"rendered":"El titular del Juzgado de Primera Instancia e Instrucci\u00f3n n\u00famero 2 de \u00c1vila ha decretado prisi\u00f3n comunicada y&hellip;\n","protected":false},"author":2,"featured_media":250571,"comment_status":"","ping_status":"","sticky":false,"template":"","format":"standard","meta":{"footnotes":""},"categories":[91],"tags":[3032,7607,63516,61345,146,147,25,24,18963,366,12475,5425,16733,10827,23],"class_list":{"0":"post-250570","1":"post","2":"type-post","3":"status-publish","4":"format-standard","5":"has-post-thumbnail","7":"category-entretenimiento","8":"tag-acusado","9":"tag-avila","10":"tag-comunicada","11":"tag-encarnita","12":"tag-entertainment","13":"tag-entretenimiento","14":"tag-es","15":"tag-espana","16":"tag-fianza","17":"tag-hombre","18":"tag-matar","19":"tag-polo","20":"tag-prision","21":"tag-residencia","22":"tag-spain"},"share_on_mastodon":{"url":"https:\/\/pubeurope.com\/@es\/115596103156652863","error":""},"_links":{"self":[{"href":"https:\/\/www.europesays.com\/es\/wp-json\/wp\/v2\/posts\/250570","targetHints":{"allow":["GET"]}}],"collection":[{"href":"https:\/\/www.europesays.com\/es\/wp-json\/wp\/v2\/posts"}],"about":[{"href":"https:\/\/www.europesays.com\/es\/wp-json\/wp\/v2\/types\/post"}],"author":[{"embeddable":true,"href":"https:\/\/www.europesays.com\/es\/wp-json\/wp\/v2\/users\/2"}],"replies":[{"embeddable":true,"href":"https:\/\/www.europesays.com\/es\/wp-json\/wp\/v2\/comments?post=250570"}],"version-history":[{"count":0,"href":"https:\/\/www.europesays.com\/es\/wp-json\/wp\/v2\/posts\/250570\/revisions"}],"wp:featuredmedia":[{"embeddable":true,"href":"https:\/\/www.europesays.com\/es\/wp-json\/wp\/v2\/media\/250571"}],"wp:attachment":[{"href":"https:\/\/www.europesays.com\/es\/wp-json\/wp\/v2\/media?parent=250570"}],"wp:term":[{"taxonomy":"category","embeddable":true,"href":"https:\/\/www.europesays.com\/es\/wp-json\/wp\/v2\/categories?post=250570"},{"taxonomy":"post_tag","embeddable":true,"href":"https:\/\/www.europesays.com\/es\/wp-json\/wp\/v2\/tags?post=250570"}],"curies":[{"name":"wp","href":"https:\/\/api.w.org\/{rel}","templated":true}]}}