{"id":250576,"date":"2025-11-23T00:10:18","date_gmt":"2025-11-23T00:10:18","guid":{"rendered":"https:\/\/www.europesays.com\/es\/250576\/"},"modified":"2025-11-23T00:10:18","modified_gmt":"2025-11-23T00:10:18","slug":"trump-anuncia-una-inminente-conversacion-con-maduro-en-medio-de-la-tension-entre-ee-uu-y-venezuela","status":"publish","type":"post","link":"https:\/\/www.europesays.com\/es\/250576\/","title":{"rendered":"Trump anuncia una inminente conversaci\u00f3n con Maduro en medio de la tensi\u00f3n entre EE.UU. y Venezuela"},"content":{"rendered":"<p style=\"\">En un giro inesperado, <strong>Donald Trump<\/strong> asegur\u00f3 este viernes que hablar\u00e1 pronto con <strong>Nicol\u00e1s Maduro<\/strong>, en un momento marcado por un aumento sostenido de la presi\u00f3n estadounidense sobre <strong>Venezuela<\/strong>.<\/p>\n<p style=\"\">En una entrevista telef\u00f3nica con la cadena Fox News, el presidente afirm\u00f3 que  &#8230; tendr\u00e1 una conversaci\u00f3n con Maduro \u00aben un futuro no muy lejano\u00bb y que tiene algo \u00abmuy espec\u00edfico\u00bb que transmitirle. No ofreci\u00f3 detalles, pero situ\u00f3 ese mensaje en un contexto en el que <strong>Estados Unidos<\/strong> ha ampliado su presencia militar y ha endurecido su postura hacia la estructura criminal que Washington atribuye al poder venezolano.<\/p>\n<p class=\"voc-p\" style=\"\">En semanas recientes, <a href=\"https:\/\/www.abc.es\/internacional\/trump-rechazo-oferta-maduro-dejar-poder-fiaba-20251119223640-nt.html\" data-voc-vtm-id=\"in-text-traffic\" title=\"Trump hab\u00eda rechazado una propuesta de Maduro para abandonar el poder\" data-mrf-link=\"www.abc.es\" rel=\"nofollow noopener\" target=\"_blank\">Trump hab\u00eda rechazado una propuesta de Maduro para abandonar el poder<\/a> en dos o tres a\u00f1os y dejar a <strong>Delcy Rodr\u00edguez<\/strong> al frente hasta las elecciones de 2031. En respuesta a una pregunta de ABC el mes pasado, el presidente dijo que el dirigente venezolano no debe ir \u00abjodiendo\u00bb con Estados Unidos.<\/p>\n<p class=\"voc-p\" style=\"\">La expectativa de esa llamada coincide con la decisi\u00f3n del Departamento de Estado de <a href=\"https:\/\/www.abc.es\/internacional\/eeuu-declarara-cartel-soles-organizacion-terrorista-extranjera-20251117113501-nt.html\" data-voc-vtm-id=\"in-text-traffic\" title=\"designar el llamado c\u00e1rtel de los Soles como organizaci\u00f3n terrorista\" data-mrf-link=\"www.abc.es\" rel=\"nofollow noopener\" target=\"_blank\">designar el llamado c\u00e1rtel de los Soles como organizaci\u00f3n terrorista<\/a> el 24 de noviembre. Esa red, incrustada en el aparato estatal venezolano y atribuida al c\u00edrculo de Maduro, ser\u00e1 la novena organizaci\u00f3n incluida bajo una orden ejecutiva desde febrero.<\/p>\n<p class=\"voc-p\" style=\"\">El secretario de Guerra, <strong>Pete Hegseth<\/strong>, explic\u00f3 en una entrevista en el Pent\u00e1gono que la designaci\u00f3n abrir\u00e1 \u00abun mont\u00f3n de nuevas opciones\u00bb para la Administraci\u00f3n, al dotar al Departamento de nuevas herramientas para enfrentarse a los grupos que considera narcoterroristas en la regi\u00f3n.<\/p>\n<p class=\"voc-p\" style=\"\">Seg\u00fan Hegseth, el objetivo declarado es impedir que el continente quede condicionado por c\u00e1rteles o por estructuras que, desde reg\u00edmenes considerados ileg\u00edtimos, buscan influir en Estados Unidos. Se\u00f1al\u00f3 que no hay decisiones descartadas ni adoptadas sobre c\u00f3mo responder a la actividad del <strong>c\u00e1rtel de los Soles<\/strong> y evit\u00f3 comentar si esa presi\u00f3n podr\u00eda trasladarse al territorio venezolano.<\/p>\n<p class=\"voc-p\" style=\"\">Destac\u00f3 que Estados Unidos cuenta con dos d\u00e9cadas de experiencia acumulada contra <strong>redes de narcotr\u00e1fico y terrorismo<\/strong> en Irak, Siria y Afganist\u00e1n, y afirm\u00f3 que, si fuera necesario aplicar un nivel de presi\u00f3n comparable en el hemisferio occidental, ning\u00fan pa\u00eds podr\u00eda hacerlo con la misma capacidad.<\/p>\n<p>\nLa operaci\u00f3n Lanza del Sur\n<\/p>\n<p class=\"voc-p\" style=\"\">Mientras tanto, el Comando Sur ha llevado a cabo al menos <strong>veinte ataques letales<\/strong> en el Caribe y el Pac\u00edfico oriental desde septiembre contra embarcaciones vinculadas al narcotr\u00e1fico. Las im\u00e1genes difundidas por Defensa muestran lanchas interceptadas y destruidas tras su detecci\u00f3n por inteligencia estadounidense. Hegseth advirti\u00f3 de que la <a href=\"https:\/\/www.abc.es\/internacional\/trump-acelera-operacion-militar-caribe-estudia-ataques-20251114011214-nt.html\" data-voc-vtm-id=\"in-text-traffic\" title=\"operaci\u00f3n Lanza del Sur\" data-mrf-link=\"www.abc.es\" rel=\"nofollow noopener\" target=\"_blank\">operaci\u00f3n Lanza del Sur<\/a> continuar\u00e1 centrada en el tr\u00e1fico mar\u00edtimo y lanz\u00f3 un mensaje directo a quienes participan en esas rutas: \u00abNo te subas a una embarcaci\u00f3n, porque va a terminar mal\u00bb.<\/p>\n<p class=\"voc-p\" style=\"\">En paralelo, la Administraci\u00f3n Trump ha ampliado sus cr\u00edticas a la actividad de los c\u00e1rteles en <strong>M\u00e9xico<\/strong>, reclamando una respuesta m\u00e1s contundente del Gobierno mexicano. Para Washington, el flujo de drogas hacia Estados Unidos mantiene un v\u00ednculo directo con las redes que ahora pretende frenar bajo la nueva designaci\u00f3n terrorista.<\/p>\n<p class=\"voc-p\" style=\"\">La posible <strong>conversaci\u00f3n entre Trump y Maduro<\/strong> se inserta en una secuencia de medidas administrativas, operaciones militares y mensajes desde el Pent\u00e1gono que reflejan el rumbo actual de la pol\u00edtica estadounidense hacia Venezuela: una combinaci\u00f3n de presi\u00f3n intensificada, acciones verificadas en el mar y una clasificaci\u00f3n legal que sit\u00faa a la c\u00fapula venezolana entre las organizaciones terroristas, sin detalles adicionales por parte de la Casa Blanca sobre sus pr\u00f3ximos pasos.<\/p>\n","protected":false},"excerpt":{"rendered":"En un giro inesperado, Donald Trump asegur\u00f3 este viernes que hablar\u00e1 pronto con Nicol\u00e1s Maduro, en un momento&hellip;\n","protected":false},"author":2,"featured_media":250577,"comment_status":"","ping_status":"","sticky":false,"template":"","format":"standard","meta":{"footnotes":""},"categories":[42],"tags":[1136,17,18,15302,115,13,14,42569,11,61,62,63,64,19,20,6413,697,9,10,15,16,8487,12,936,21,22,1192,65,66,67],"class_list":{"0":"post-250576","1":"post","2":"type-post","3":"status-publish","4":"format-standard","5":"has-post-thumbnail","7":"category-internacional","8":"tag-asegura","9":"tag-breaking-news","10":"tag-breakingnews","11":"tag-breve","12":"tag-eeuu","13":"tag-featured-news","14":"tag-featurednews","15":"tag-hablara","16":"tag-headlines","17":"tag-internacional","18":"tag-international","19":"tag-international-news","20":"tag-internationalnews","21":"tag-latest-news","22":"tag-latestnews","23":"tag-maduro","24":"tag-medio","25":"tag-news","26":"tag-noticias","27":"tag-noticias-destacadas","28":"tag-noticiasdestacadas","29":"tag-tension","30":"tag-titulares","31":"tag-trump","32":"tag-ultimas-noticias","33":"tag-ultimasnoticias","34":"tag-venezuela","35":"tag-world","36":"tag-world-news","37":"tag-worldnews"},"share_on_mastodon":{"url":"https:\/\/pubeurope.com\/@es\/115596114457794587","error":""},"_links":{"self":[{"href":"https:\/\/www.europesays.com\/es\/wp-json\/wp\/v2\/posts\/250576","targetHints":{"allow":["GET"]}}],"collection":[{"href":"https:\/\/www.europesays.com\/es\/wp-json\/wp\/v2\/posts"}],"about":[{"href":"https:\/\/www.europesays.com\/es\/wp-json\/wp\/v2\/types\/post"}],"author":[{"embeddable":true,"href":"https:\/\/www.europesays.com\/es\/wp-json\/wp\/v2\/users\/2"}],"replies":[{"embeddable":true,"href":"https:\/\/www.europesays.com\/es\/wp-json\/wp\/v2\/comments?post=250576"}],"version-history":[{"count":0,"href":"https:\/\/www.europesays.com\/es\/wp-json\/wp\/v2\/posts\/250576\/revisions"}],"wp:featuredmedia":[{"embeddable":true,"href":"https:\/\/www.europesays.com\/es\/wp-json\/wp\/v2\/media\/250577"}],"wp:attachment":[{"href":"https:\/\/www.europesays.com\/es\/wp-json\/wp\/v2\/media?parent=250576"}],"wp:term":[{"taxonomy":"category","embeddable":true,"href":"https:\/\/www.europesays.com\/es\/wp-json\/wp\/v2\/categories?post=250576"},{"taxonomy":"post_tag","embeddable":true,"href":"https:\/\/www.europesays.com\/es\/wp-json\/wp\/v2\/tags?post=250576"}],"curies":[{"name":"wp","href":"https:\/\/api.w.org\/{rel}","templated":true}]}}