{"id":250578,"date":"2025-11-23T00:11:16","date_gmt":"2025-11-23T00:11:16","guid":{"rendered":"https:\/\/www.europesays.com\/es\/250578\/"},"modified":"2025-11-23T00:11:16","modified_gmt":"2025-11-23T00:11:16","slug":"el-papa-aparta-a-rafael-zornoza-el-primer-obispo-espanol-acusado-de-abusos-a-menores","status":"publish","type":"post","link":"https:\/\/www.europesays.com\/es\/250578\/","title":{"rendered":"El Papa aparta a Rafael Zornoza, el primer obispo espa\u00f1ol acusado de abusos a menores"},"content":{"rendered":"<p class=\"article-text\">\n        Se cumplieron los pron\u00f3sticos, y, <a href=\"https:\/\/www.eldiario.es\/sociedad\/vaticano-prepara-relevo-obispo-cadiz-cuatro-meses-despues-recibir-denuncia-abusos-sexuales_1_12759175.html\" data-mrf-recirculation=\"links-noticia\" class=\"link\" rel=\"nofollow noopener\" target=\"_blank\">como adelant\u00f3 eldiario.es<\/a>, el Papa Le\u00f3n XIV acept\u00f3 la renuncia de <a href=\"https:\/\/www.eldiario.es\/andalucia\/cadiz\/rafael-zornoza-obispo-senorito-cadiz-suma-denuncia-pederastia-polemica-trayectoria_1_12755118.html\" data-mrf-recirculation=\"links-noticia\" class=\"link\" rel=\"nofollow noopener\" target=\"_blank\">Rafael Zornoza Boy como obispo de C\u00e1diz y Ceuta.<\/a> Una decisi\u00f3n obligada, despu\u00e9s de una gesti\u00f3n lamentable del esc\u00e1ndalo que ha convertido al ya em\u00e9rito en el primer obispo espa\u00f1ol en ejercicio acusado de abusos a menores. Junto a ello, Prevost ha designado un administrador apost\u00f3lico, en la figura del obispo auxiliar de Sevilla, Ram\u00f3n Valdivia.\n    <\/p>\n<p>    <a href=\"https:\/\/www.eldiario.es\/blog\/al-dia\/podcast-obispo-zornoza-despota-tierra-vulnerables_132_12759829.html\" data-mrf-recirculation=\"saber-mas\" data-dl-event=\"saber-mas\" rel=\"nofollow noopener\" target=\"_blank\"><\/p>\n<p class=\"know-more__title\">\ud83c\udf99 PODCAST | Obispo Zornoza, un d\u00e9spota en la tierra de los vulnerables<\/p>\n<p>            <\/a><\/p>\n<p class=\"article-text\">\n        Valdivia guiar\u00e1 la di\u00f3cesis gaditana en una dif\u00edcil transici\u00f3n antes del nombramiento definitivo de obispo residencial, para cuyo puesto sigue sonando con fuerza el obispo de Guadix, Francisco Orozco. Orozco no pertenece a la misma provincia eclesi\u00e1stica que Zornoza, por lo que, en principio, no podr\u00eda ser administrador apost\u00f3lico, una figura diferente a la de administrador diocesano, nombrada directamente por el Papa y, normalmente, cuando se dan \u201ccircunstancias especiales o particularmente graves\u201d, como es el caso.\n    <\/p>\n<p class=\"article-text\">\n        Con esta decisi\u00f3n, que bien podr\u00eda haberse tomado hace cuatro meses, cuando Roma tuvo conocimiento (y otorg\u00f3 verosimilitud) de las acusaciones de abusos contra Zornoza, concluye un primer cap\u00edtulo de este esc\u00e1ndalo. A partir de ahora, se generan dos procesos. El primero, que afecta a la di\u00f3cesis, que seguramente sufra una auditor\u00eda interna para depurar responsabilidades y poner orden.\n    <\/p>\n<p class=\"article-text\">\n        El segundo, que se aplica al acusado, que al ser em\u00e9rito ya no ocupar\u00e1 cargos de gesti\u00f3n directa. Y es que a partir de ahora Zornoza habr\u00e1 de responder a las preguntas de los investigadores de la Rota Romana, en un proceso que se prev\u00e9 largo y que, primero, tendr\u00e1 que concluir la fase previa y decidir si hay base suficiente como para juzgar, can\u00f3nicamente, al ya obispo em\u00e9rito de C\u00e1diz y Ceuta.\u00a0\n    <\/p>\n<p>            <img decoding=\"async\" class=\"lazy\" loading=\"lazy\" data-src=\"https:\/\/static.eldiario.es\/clip\/c48cce6e-b673-4b26-a5e2-86ac9ac25a2e_16-9-discover-aspect-ratio_default_0.jpg\" src=\"data:image\/svg+xml,%3Csvg xmlns=\" http:=\"\" viewbox=\"0 0 1200 675\" alt=\"Los obispos espa\u00f1oles, con el Papa Le\u00f3n\"\/><\/p>\n<p class=\"article-text\">\n        \u00bfPor qu\u00e9 ahora? Por varias razones. En primer lugar, por la coincidencia del encuentro de la Comisi\u00f3n Ejecutiva de la CEE con el Papa, justo antes del comienzo de una Plenaria donde el caso Zornoza ha sido vivido con estupefacci\u00f3n y dolor. Aunque en un primer momento, todo parec\u00eda indicar que el cese del obispo se dar\u00eda antes de &#8216;empa\u00f1ar&#8217; la reuni\u00f3n con Le\u00f3n XIV, lo cierto es que se &#8216;castig\u00f3&#8217; una filtraci\u00f3n interna.\n    <\/p>\n<p class=\"article-text\">\n        En segundo lugar, por respetar los 15 d\u00edas previstos desde que se conoci\u00f3 el esc\u00e1ndalo hasta el anuncio del cese. Y, especialmente, tras las palabras del propio Papa, quien lejos de esconderse en eufemismos -como ha hecho el resto de la c\u00fapula episcopal espa\u00f1ola- quiso utilizar el particular &#8216;p\u00falpito- que supone su encuentro con los medios a la salida de su &#8216;break&#8217; semanal en Castel Gandolfo para lanzar dos mensajes.\n    <\/p>\n<p class=\"article-text\">\n        El primero, para explicar que en la Iglesia de Le\u00f3n se van a cumplir los procedimientos judiciales, y no habr\u00e1 atajos, y que si se demuestra la culpabilidad de Zornoza \u201chabr\u00e1 consecuencias\u201d; el segundo, para animar a las v\u00edctimas a seguir denunciando. En esta l\u00ednea, se entiende la aceptaci\u00f3n de la renuncia, una vez ya se ha iniciado el proceso, y se ha explicitado el derecho a la defensa del obispo.\u00a0\n    <\/p>\n<p>    Zornoza asegura que se marcha en paz tras una acusaci\u00f3n de abusos sexuales \u201cinjusta y falsa\u201d<\/p>\n<p class=\"article-text\">\n        Rafael Zornoza Boy ha valorado este s\u00e1bado su renuncia como obispo de C\u00e1diz y Ceuta y ha asegurado que afronta \u201ccon serenidad y confianza en Dios\u201d la defensa ante una acusaci\u00f3n de abusos sexuales que considera \u201cinjusta y falsa\u201d.\n    <\/p>\n<p class=\"article-text\">\n        En un mensaje de audio dirigido a los fieles y publicado en la web del Obispado de C\u00e1diz y Ceuta, Zornoza ha explicado que el papa Le\u00f3n XIV ha nombrado como administrador apost\u00f3lico al obispo auxiliar de Sevilla, Ram\u00f3n Valdivia Jim\u00e9nez, a quien define como un \u201cvalioso pastor y apreciado amigo\u201d que gobernar\u00e1 la di\u00f3cesis hasta el nombramiento de un nuevo obispo residencial.\n    <\/p>\n<p class=\"article-text\">\n        El ya exobispo ha expresado su profundo agradecimiento al Santo Padre por su comprensi\u00f3n y cercan\u00eda paternal, que le permiten dedicarse plenamente a los tratamientos m\u00e9dicos que requiere su estado de salud, as\u00ed como atender con serenidad la investigaci\u00f3n sobre la acusaci\u00f3n que se est\u00e1 estudiando en la Iglesia, que define \u201ccomo injusta y falsa\u201d.\n    <\/p>\n<p class=\"article-text\">\n        Zornoza ha destacado que esta renuncia se present\u00f3 hace varios meses, conforme al canon 401 del C\u00f3digo de Derecho Can\u00f3nico, y que fue reiterada por \u00e9l en dos ocasiones, subrayando su intenci\u00f3n de actuar siempre en comuni\u00f3n con la Santa Sede.\n    <\/p>\n<p class=\"article-text\">\n        Zornoza ha asegurado que continuar\u00e1 colaborando desde la comuni\u00f3n eclesial en todo lo que contribuya al bien de la di\u00f3cesis y a la unidad de su Iglesia local.\n    <\/p>\n<p>    <a href=\"https:\/\/www.eldiario.es\/andalucia\/cadiz\/rafael-zornoza-obispo-senorito-cadiz-suma-denuncia-pederastia-polemica-trayectoria_1_12755118.html\" data-mrf-recirculation=\"saber-mas-abajo\" data-dl-event=\"saber-mas-abajo\" rel=\"nofollow noopener\" target=\"_blank\"><\/p>\n<p class=\"know-more__title\">Rafael Zornoza, el \u00abobispo se\u00f1orito\u00bb de C\u00e1diz que suma una denuncia por pederastia a su pol\u00e9mica trayectoria<\/p>\n<p>            <img decoding=\"async\" class=\"lazy\" loading=\"lazy\" data-src=\"https:\/\/static.eldiario.es\/clip\/306a2c23-4a77-4bf0-93e9-e980a63472a7_16-9-aspect-ratio_default_0.jpg\" src=\"data:image\/svg+xml,%3Csvg xmlns=\" http:=\"\" viewbox=\"0 0 880 495\" alt=\"Rafael Zornoza, el &quot;obispo se\u00f1orito&quot; de C\u00e1diz que suma una denuncia por pederastia a su pol\u00e9mica trayectoria\"\/><\/p>\n<p>                        <\/a><\/p>\n<p class=\"article-text\">\n        Toda la informaci\u00f3n en <a href=\"http:\/\/www.religiondigital.org\" data-mrf-recirculation=\"links-noticia\" class=\"link\" target=\"_blank\" rel=\"nofollow noopener\">www.religiondigital.org<\/a>\n    <\/p>\n","protected":false},"excerpt":{"rendered":"Se cumplieron los pron\u00f3sticos, y, como adelant\u00f3 eldiario.es, el Papa Le\u00f3n XIV acept\u00f3 la renuncia de Rafael Zornoza&hellip;\n","protected":false},"author":2,"featured_media":250579,"comment_status":"","ping_status":"","sticky":false,"template":"","format":"standard","meta":{"footnotes":""},"categories":[8],"tags":[30950,3032,17,18,25,24,1489,13,14,29987,11,19,20,1567,9,10,15,16,35960,12629,977,12527,23,12,21,22,60137],"class_list":{"0":"post-250578","1":"post","2":"type-post","3":"status-publish","4":"format-standard","5":"has-post-thumbnail","7":"category-espana","8":"tag-abusos","9":"tag-acusado","10":"tag-breaking-news","11":"tag-breakingnews","12":"tag-es","13":"tag-espana","14":"tag-espanol","15":"tag-featured-news","16":"tag-featurednews","17":"tag-fulmina","18":"tag-headlines","19":"tag-latest-news","20":"tag-latestnews","21":"tag-menores","22":"tag-news","23":"tag-noticias","24":"tag-noticias-destacadas","25":"tag-noticiasdestacadas","26":"tag-obispo","27":"tag-papa","28":"tag-primer","29":"tag-rafael","30":"tag-spain","31":"tag-titulares","32":"tag-ultimas-noticias","33":"tag-ultimasnoticias","34":"tag-zornoza"},"share_on_mastodon":{"url":"https:\/\/pubeurope.com\/@es\/115596118253617456","error":""},"_links":{"self":[{"href":"https:\/\/www.europesays.com\/es\/wp-json\/wp\/v2\/posts\/250578","targetHints":{"allow":["GET"]}}],"collection":[{"href":"https:\/\/www.europesays.com\/es\/wp-json\/wp\/v2\/posts"}],"about":[{"href":"https:\/\/www.europesays.com\/es\/wp-json\/wp\/v2\/types\/post"}],"author":[{"embeddable":true,"href":"https:\/\/www.europesays.com\/es\/wp-json\/wp\/v2\/users\/2"}],"replies":[{"embeddable":true,"href":"https:\/\/www.europesays.com\/es\/wp-json\/wp\/v2\/comments?post=250578"}],"version-history":[{"count":0,"href":"https:\/\/www.europesays.com\/es\/wp-json\/wp\/v2\/posts\/250578\/revisions"}],"wp:featuredmedia":[{"embeddable":true,"href":"https:\/\/www.europesays.com\/es\/wp-json\/wp\/v2\/media\/250579"}],"wp:attachment":[{"href":"https:\/\/www.europesays.com\/es\/wp-json\/wp\/v2\/media?parent=250578"}],"wp:term":[{"taxonomy":"category","embeddable":true,"href":"https:\/\/www.europesays.com\/es\/wp-json\/wp\/v2\/categories?post=250578"},{"taxonomy":"post_tag","embeddable":true,"href":"https:\/\/www.europesays.com\/es\/wp-json\/wp\/v2\/tags?post=250578"}],"curies":[{"name":"wp","href":"https:\/\/api.w.org\/{rel}","templated":true}]}}