{"id":250584,"date":"2025-11-23T00:17:23","date_gmt":"2025-11-23T00:17:23","guid":{"rendered":"https:\/\/www.europesays.com\/es\/250584\/"},"modified":"2025-11-23T00:17:23","modified_gmt":"2025-11-23T00:17:23","slug":"el-tenista-mas-polemico-vuelve-a-saltarse-las-normas-de-trafico-las-camaras-le-pillan-a-210-km-h-en-una-autopista-y-lo-niega-todo","status":"publish","type":"post","link":"https:\/\/www.europesays.com\/es\/250584\/","title":{"rendered":"El tenista m\u00e1s pol\u00e9mico vuelve a saltarse las normas de tr\u00e1fico:\u00a0las c\u00e1maras le pillan a 210 km\/h en una autopista y lo niega todo\u00a0"},"content":{"rendered":"<p><strong>Stefanos Tsitsipas <\/strong>no destaca \u00fanicamente en la pista. Ahora vuelve a estar en el <strong>centro de la pol\u00e9mica<\/strong> por una <strong>nueva infracci\u00f3n<\/strong> al <strong>volante:<\/strong> exceso de velocidad. Eso s\u00ed, hay varias versiones de la historia: \u00bfcu\u00e1l ser\u00e1 la real?<\/p>\n<p>Varios medios griegos han informado que <strong>Stefanos Tsitsipas<\/strong> fue detectado <strong>circulando a 210 km\/h <\/strong>por<strong> Attiki Odos, <\/strong>la principal <strong>autopista de peaje <\/strong>de circunvalaci\u00f3n de Atenas limitada a <strong>120 km\/h.<\/strong> Iba al volante de su <strong>Lotus Eletre, <\/strong>el primer SUV el\u00e9ctrico de la marca brit\u00e1nica. Tiene una potencia de 603 CV en la versi\u00f3n est\u00e1ndar y de hasta 905 en la R.<\/p>\n<p>El tenista fue <strong>captado <\/strong>por <strong>una <\/strong>de las <strong>10 <\/strong><a href=\"https:\/\/motor.elpais.com\/temas\/camaras-de-grabacion\/\" target=\"_blank\" rel=\"noreferrer noopener nofollow\">c\u00e1maras inteligentes<\/a> que las autoridades griegas han instalado en varios puntos. Las <strong>im\u00e1genes quedaron registradas<\/strong> en el sistema y su citaci\u00f3n fue enviada a trav\u00e9s de \u2018Gov.gr\u2019, ya que exced\u00eda con creces el l\u00edmite de la v\u00eda.<\/p>\n<p>Desde hace poco, se han empezado a <strong>enviar, autom\u00e1ticamente, notificaciones digitales<\/strong> a aquellos <a href=\"https:\/\/motor.elpais.com\/temas\/conductores\/\" target=\"_blank\" rel=\"noreferrer noopener nofollow\">conductores<\/a> que han sido <strong>interceptados <\/strong>por las c\u00e1maras <strong>cometiendo una infracci\u00f3n. <\/strong>Tsitsipas ha sido uno de los primeros en recibir una multa a trav\u00e9s de este sistema.<\/p>\n<p><img decoding=\"async\" loading=\"lazy\" width=\"1800\" height=\"1100\" src=\"https:\/\/www.europesays.com\/es\/wp-content\/uploads\/2025\/11\/tsitsipas-01.jpg\" alt=\"tsitsipas\" class=\"wp-image-388816\"  \/><\/p>\n<p>2.000 euros y un a\u00f1o sin carnet<\/p>\n<p>Seg\u00fan el nuevo C\u00f3digo de Tr\u00e1fico de Carreteras de Grecia, el <strong>tenista <\/strong>ten\u00eda <strong>cinco d\u00edas <\/strong>para <strong>presentarse <\/strong>ante la <a href=\"https:\/\/motor.elpais.com\/temas\/policia\/\" target=\"_blank\" rel=\"noreferrer noopener nofollow\">polic\u00eda<\/a> y <strong>entregar <\/strong>su<strong> historial de conducci\u00f3n. No lo hizo<\/strong> y, por lo tanto, debe pagar una <strong>multa de 2.000 euros:<\/strong> tambi\u00e9n le <strong>retirar\u00e1n <\/strong>el <strong>carnet <\/strong>de conducir<strong> durante un a\u00f1o.<\/strong><\/p>\n<p>En caso de<strong> reincidencia, <\/strong>la <a href=\"https:\/\/motor.elpais.com\/temas\/multas\/\" target=\"_blank\" rel=\"noreferrer noopener nofollow\">sanci\u00f3n<\/a> ser\u00e1 de <strong>4.000 euros <\/strong>y el <strong>carnet <\/strong>quedar\u00e1 <strong>suspendido <\/strong>durante <strong>dos a\u00f1os. <\/strong>En caso de una <strong>segunda <\/strong>reincidencia, el castigo econ\u00f3mico asciende a <strong>8.000 euros <\/strong>y el <strong>carnet <\/strong>se pierde durante<strong> cuatro a\u00f1os.<\/strong><\/p>\n<blockquote class=\"instagram-media\" data-instgrm-captioned=\"\" data-instgrm-permalink=\"https:\/\/www.instagram.com\/p\/DNn3t8csLjh\/?utm_source=ig_embed&amp;utm_campaign=loading\" data-instgrm-version=\"14\" style=\" background:#FFF; border:0; border-radius:3px; box-shadow:0 0 1px 0 rgba(0,0,0,0.5),0 1px 10px 0 rgba(0,0,0,0.15); margin: 1px; max-width:540px; min-width:326px; padding:0; width:99.375%; width:-webkit-calc(100% - 2px); width:calc(100% - 2px);\">\n<\/blockquote>\n<p>La versi\u00f3n de su abogado<\/p>\n<p>No obstante, <strong>Thanasis Papathanasiou, el abogado<\/strong> de Stefanos Tsitsipas, ha dado una <strong>versi\u00f3n diferente<\/strong> sobre el incidente ocurrido en la autopista Attiki Odos. Asegura que el <strong>tenista no conduc\u00eda<\/strong> el <a href=\"https:\/\/motor.elpais.com\/temas\/vehiculos\/\" target=\"_blank\" rel=\"noreferrer noopener nofollow\">veh\u00edculo<\/a> en el momento de la infracci\u00f3n: era <strong>otra persona<\/strong> a la que el deportista hab\u00eda prestado el Lotus Eletre.<\/p>\n<p>A\u00f1adi\u00f3, adem\u00e1s, que el asunto ya se hab\u00eda resuelto: \u201cRespecto al incidente que se hizo p\u00fablico, el <strong>coche <\/strong>estaba siendo <strong>conducido <\/strong>por <strong>una tercera persona.<\/strong> El tema de la <strong>multa <\/strong>y la entrega del <a href=\"https:\/\/motor.elpais.com\/temas\/carnet-de-conducir\/\" target=\"_blank\" rel=\"noreferrer noopener nofollow\">carnet<\/a> ya <strong>se han resuelto\u201d.<\/strong><\/p>\n<p>                    <script async src=\"\/\/www.instagram.com\/embed.js\"><\/script><\/p>\n","protected":false},"excerpt":{"rendered":"Stefanos Tsitsipas no destaca \u00fanicamente en la pista. Ahora vuelve a estar en el centro de la pol\u00e9mica&hellip;\n","protected":false},"author":2,"featured_media":250585,"comment_status":"","ping_status":"","sticky":false,"template":"","format":"standard","meta":{"footnotes":""},"categories":[274],"tags":[168,25,24,256,22901,8671,23,167,327,326],"class_list":{"0":"post-250584","1":"post","2":"type-post","3":"status-publish","4":"format-standard","5":"has-post-thumbnail","7":"category-tenis","8":"tag-deportes","9":"tag-es","10":"tag-espana","11":"tag-famosos","12":"tag-infracciones","13":"tag-multas","14":"tag-spain","15":"tag-sports","16":"tag-tenis","17":"tag-tennis"},"share_on_mastodon":{"url":"https:\/\/pubeurope.com\/@es\/115596141997821020","error":""},"_links":{"self":[{"href":"https:\/\/www.europesays.com\/es\/wp-json\/wp\/v2\/posts\/250584","targetHints":{"allow":["GET"]}}],"collection":[{"href":"https:\/\/www.europesays.com\/es\/wp-json\/wp\/v2\/posts"}],"about":[{"href":"https:\/\/www.europesays.com\/es\/wp-json\/wp\/v2\/types\/post"}],"author":[{"embeddable":true,"href":"https:\/\/www.europesays.com\/es\/wp-json\/wp\/v2\/users\/2"}],"replies":[{"embeddable":true,"href":"https:\/\/www.europesays.com\/es\/wp-json\/wp\/v2\/comments?post=250584"}],"version-history":[{"count":0,"href":"https:\/\/www.europesays.com\/es\/wp-json\/wp\/v2\/posts\/250584\/revisions"}],"wp:featuredmedia":[{"embeddable":true,"href":"https:\/\/www.europesays.com\/es\/wp-json\/wp\/v2\/media\/250585"}],"wp:attachment":[{"href":"https:\/\/www.europesays.com\/es\/wp-json\/wp\/v2\/media?parent=250584"}],"wp:term":[{"taxonomy":"category","embeddable":true,"href":"https:\/\/www.europesays.com\/es\/wp-json\/wp\/v2\/categories?post=250584"},{"taxonomy":"post_tag","embeddable":true,"href":"https:\/\/www.europesays.com\/es\/wp-json\/wp\/v2\/tags?post=250584"}],"curies":[{"name":"wp","href":"https:\/\/api.w.org\/{rel}","templated":true}]}}