{"id":250586,"date":"2025-11-23T00:20:13","date_gmt":"2025-11-23T00:20:13","guid":{"rendered":"https:\/\/www.europesays.com\/es\/250586\/"},"modified":"2025-11-23T00:20:13","modified_gmt":"2025-11-23T00:20:13","slug":"scariolo-top10-acb-en-victorias","status":"publish","type":"post","link":"https:\/\/www.europesays.com\/es\/250586\/","title":{"rendered":"Scariolo: Top10 acb en victorias"},"content":{"rendered":"<p><strong>Sergio Scariolo<\/strong> es ya el 10\u00ba entrenador con m\u00e1s victorias en Liga Endesa (periodo acb), despu\u00e9s de su sumar su 294\u00aa en Granada. El t\u00e9cnico madridista deja atr\u00e1s en el ranking hist\u00f3rico a <strong>Lolo Sainz<\/strong> y <strong>Alfred Julbe<\/strong> (293).<\/p>\n<tr>\n#<br \/>\nEntrenador<br \/>\nPartidos<br \/>\nVictorias<br \/>\n%<br \/>\n<\/tr>\n<tr>\n<td>1<\/td>\n<td>A\u00edto G. Reneses<\/td>\n<td>1111<\/td>\n<td>749<\/td>\n<td>67,42<\/td>\n<\/tr>\n<tr>\n<td>2<\/td>\n<td>Pedro Mart\u00ednez<\/td>\n<td>1067<\/td>\n<td>564<\/td>\n<td>52,86<\/td>\n<\/tr>\n<tr>\n<td>3<\/td>\n<td>Pablo Laso<\/td>\n<td>618<\/td>\n<td>441<\/td>\n<td>71,36<\/td>\n<\/tr>\n<tr>\n<td>4<\/td>\n<td>Dusko Ivanovic<\/td>\n<td>588<\/td>\n<td>402<\/td>\n<td>68,37<\/td>\n<\/tr>\n<tr>\n<td>5<\/td>\n<td>Manel Comas<\/td>\n<td>745<\/td>\n<td>392<\/td>\n<td>52,62<\/td>\n<\/tr>\n<tr>\n<td>6<\/td>\n<td>Luis Casimiro<\/td>\n<td>789<\/td>\n<td>374<\/td>\n<td>47,4<\/td>\n<\/tr>\n<tr>\n<td>7<\/td>\n<td>Txus Vidorreta<\/td>\n<td>708<\/td>\n<td>369<\/td>\n<td>52,12<\/td>\n<\/tr>\n<tr>\n<td>8<\/td>\n<td>Javier Imbroda<\/td>\n<td>605<\/td>\n<td>315<\/td>\n<td>52,07<\/td>\n<\/tr>\n<tr>\n<td>9<\/td>\n<td>Salva Maldonado<\/td>\n<td>616<\/td>\n<td>307<\/td>\n<td>49,84<\/td>\n<\/tr>\n<tr>\n<td>10<\/td>\n<td><strong>Sergio Scariolo<\/strong><\/td>\n<td><strong>453<\/strong><\/td>\n<td><strong>294<\/strong><\/td>\n<td><strong>64,9<\/strong><\/td>\n<\/tr>\n<p><strong>Scariolo<\/strong> acumula 98 triunfos ligueros (en 139 partidos) con el Real Madrid. Adem\u00e1s, logr\u00f3 118 con el Unicaja y 78 con el Baskonia.<\/p>\n<p>De los actuales t\u00e9cnicos de la Liga Endesa, solo el reci\u00e9n fichado Xavi Pascual presenta un mejor porcentaje de victorias que \u00e9l: 77,2% por el 64,9% del madridista.<\/p>\n<p>Exhibici\u00f3n ofensiva del Real Madrid<\/p>\n<p>      <img decoding=\"async\" alt=\"acb Photo \/ Ferm\u00edn Rodr\u00edguez\" title=\"acb Photo \/ Ferm\u00edn Rodr\u00edguez\"  src=\"https:\/\/www.europesays.com\/es\/wp-content\/uploads\/2025\/11\/0000859215-16-9-01.jpg\"\/><\/p>\n<p>\u00a9 acb Photo \/ Ferm\u00edn Rodr\u00edguez<\/p>\n<p>El Real Madrid ha conseguido imponerse en la cancha del colista Coviran Granada en un encuentro netamente ofensivo (100-111). El conjunto blanco, que se fue al descanso ya con 56 tantos, no baj\u00f3 su ritmo en la segunda parte y consigui\u00f3 alcanzar la centena a 4 minutos de la conclusi\u00f3n.<\/p>\n<p>Al final, 111 tantos que representan <strong>su segunda m\u00e1xima anotaci\u00f3n a domicilio en lo que va de Siglo XXI<\/strong>. Se quedaron a 1 punto de la mejor, lograda hace unos meses en los cuartos de final contra el Baskonia: 103-112 en Vitoria.<\/p>\n<p><strong>RMB: M\u00e1ximas anotaciones fuera (Siglo XXI)<\/strong><\/p>\n<tr>\nPos<br \/>\nPuntos<br \/>\nRival<br \/>\nFecha<br \/>\n<\/tr>\n<tr>\n<td>1<\/td>\n<td>112<\/td>\n<td>Baskonia<\/td>\n<td>06\/06\/2025<\/td>\n<\/tr>\n<tr>\n<td><strong>2<\/strong><\/td>\n<td><strong>111<\/strong><\/td>\n<td><strong>Coviran Granada<\/strong><\/td>\n<td><strong>22\/22\/2025<\/strong><\/td>\n<\/tr>\n<tr>\n<td>3<\/td>\n<td>107<\/td>\n<td>Unicaja<\/td>\n<td>23\/03\/2025<\/td>\n<\/tr>\n<tr>\n<td>4<\/td>\n<td>106<\/td>\n<td>TAU Cer\u00e1mica<\/td>\n<td>27\/10\/2004<\/td>\n<\/tr>\n<tr>\n<td>5<\/td>\n<td>105<\/td>\n<td>CB Valladolid<\/td>\n<td>01\/02\/2014<\/td>\n<\/tr>\n<p>El r\u00e9cord absoluto del Real Madrid en era acb son los 122 puntos que anot\u00f3 en la cancha del F\u00f3rum Valladolid la tercera jornada de la temporada 1983-84 (93-122).<\/p>\n","protected":false},"excerpt":{"rendered":"Sergio Scariolo es ya el 10\u00ba entrenador con m\u00e1s victorias en Liga Endesa (periodo acb), despu\u00e9s de su&hellip;\n","protected":false},"author":2,"featured_media":250587,"comment_status":"","ping_status":"","sticky":false,"template":"","format":"standard","meta":{"footnotes":""},"categories":[269],"tags":[299,298,168,25,24,23,167],"class_list":{"0":"post-250586","1":"post","2":"type-post","3":"status-publish","4":"format-standard","5":"has-post-thumbnail","7":"category-baloncesto","8":"tag-baloncesto","9":"tag-basketball","10":"tag-deportes","11":"tag-es","12":"tag-espana","13":"tag-spain","14":"tag-sports"},"share_on_mastodon":{"url":"https:\/\/pubeurope.com\/@es\/115596154151072170","error":""},"_links":{"self":[{"href":"https:\/\/www.europesays.com\/es\/wp-json\/wp\/v2\/posts\/250586","targetHints":{"allow":["GET"]}}],"collection":[{"href":"https:\/\/www.europesays.com\/es\/wp-json\/wp\/v2\/posts"}],"about":[{"href":"https:\/\/www.europesays.com\/es\/wp-json\/wp\/v2\/types\/post"}],"author":[{"embeddable":true,"href":"https:\/\/www.europesays.com\/es\/wp-json\/wp\/v2\/users\/2"}],"replies":[{"embeddable":true,"href":"https:\/\/www.europesays.com\/es\/wp-json\/wp\/v2\/comments?post=250586"}],"version-history":[{"count":0,"href":"https:\/\/www.europesays.com\/es\/wp-json\/wp\/v2\/posts\/250586\/revisions"}],"wp:featuredmedia":[{"embeddable":true,"href":"https:\/\/www.europesays.com\/es\/wp-json\/wp\/v2\/media\/250587"}],"wp:attachment":[{"href":"https:\/\/www.europesays.com\/es\/wp-json\/wp\/v2\/media?parent=250586"}],"wp:term":[{"taxonomy":"category","embeddable":true,"href":"https:\/\/www.europesays.com\/es\/wp-json\/wp\/v2\/categories?post=250586"},{"taxonomy":"post_tag","embeddable":true,"href":"https:\/\/www.europesays.com\/es\/wp-json\/wp\/v2\/tags?post=250586"}],"curies":[{"name":"wp","href":"https:\/\/api.w.org\/{rel}","templated":true}]}}