{"id":250588,"date":"2025-11-23T00:21:10","date_gmt":"2025-11-23T00:21:10","guid":{"rendered":"https:\/\/www.europesays.com\/es\/250588\/"},"modified":"2025-11-23T00:21:10","modified_gmt":"2025-11-23T00:21:10","slug":"alessio-lisci-no-podemos-estar-tranquilos","status":"publish","type":"post","link":"https:\/\/www.europesays.com\/es\/250588\/","title":{"rendered":"Alessio Lisci: \u00abNo podemos estar tranquilos\u00bb"},"content":{"rendered":"<p data-mrf-recirculation=\"Links P\u00e1rrafos\" class=\"ue-c-article__paragraph paragraph ue-c-article--first-letter-highlighted\">El entrenador de Osasuna, <strong>Alessio Lisci<\/strong>, afirm\u00f3 tras la dura derrota ante la Real Sociedad que no pueden \u00abestar tranquilos\u00bb, en referencia a la situaci\u00f3n de un equipo que ma\u00f1ana podr\u00eda terminar en descenso.<\/p>\n<p data-mrf-recirculation=\"Links P\u00e1rrafos\" class=\"ue-c-article__paragraph paragraph\">\u00abSi lo analizamos en fr\u00edo la primera parte es una parte que tenemos que ir 2-0 al descanso. La segunda parte la est\u00e1bamos controlando bien. Los minutos despu\u00e9s del gol (0-1), estamos mal. Tuvimos ocasiones y luego vino un gol de locos y la expulsi\u00f3n\u00bb, analiz\u00f3 el t\u00e9cnico italiano lo visto sobre el verde de El Sadar.<\/p>\n<p data-mrf-recirculation=\"Links P\u00e1rrafos\" class=\"ue-c-article__paragraph paragraph\"><strong>Situaci\u00f3n compleja para \u00e9l y su equipo<\/strong>: \u00abNo podemos estar tranquilos. Hay que hacer m\u00e1s, hay que trabajar y levantarse, para cambiar esa din\u00e1mica lo antes posible\u00bb.<\/p>\n<p data-mrf-recirculation=\"Links P\u00e1rrafos\" class=\"ue-c-article__paragraph paragraph\">Continu\u00f3 comentado que se trata de <strong>\u00abuna derrota que hace da\u00f1o y alarga la mala din\u00e1mica<\/strong>. No est\u00e1 bien\u00bb. \u00abLo tenemos que ver en fr\u00edo. Estamos en ello, lo estamos trabajando de todas las formas posible\u00bb, dijo sobre las malas segundas partes que est\u00e1n condenando a Osasuna, algo que seg\u00fan Lisci nunca le hab\u00eda pasado.<\/p>\n<p data-mrf-recirculation=\"Links P\u00e1rrafos\" class=\"ue-c-article__paragraph paragraph\">\u00abEl vestuario est\u00e1 jodido porque sienten los colores y la afici\u00f3n se merece m\u00e1s. <strong>El estado an\u00edmico es de intranquilidad porque no estamos haciendo las cosas tan mal<\/strong>. Esto te genera malestar en el equipo\u00bb, sentenci\u00f3 un Lisci, quien elogi\u00f3 a \u00abun grupo fant\u00e1stico\u00bb, a\u00f1adiendo que se van \u00aba matar para que esto cambie\u00bb.<\/p>\n","protected":false},"excerpt":{"rendered":"El entrenador de Osasuna, Alessio Lisci, afirm\u00f3 tras la dura derrota ante la Real Sociedad que no pueden&hellip;\n","protected":false},"author":2,"featured_media":250589,"comment_status":"","ping_status":"","sticky":false,"template":"","format":"standard","meta":{"footnotes":""},"categories":[268],"tags":[168,25,24,280,282,281,23,167],"class_list":{"0":"post-250588","1":"post","2":"type-post","3":"status-publish","4":"format-standard","5":"has-post-thumbnail","7":"category-futbol","8":"tag-deportes","9":"tag-es","10":"tag-espana","11":"tag-football","12":"tag-futbol","13":"tag-soccer","14":"tag-spain","15":"tag-sports"},"share_on_mastodon":{"url":"https:\/\/pubeurope.com\/@es\/115596157846633147","error":""},"_links":{"self":[{"href":"https:\/\/www.europesays.com\/es\/wp-json\/wp\/v2\/posts\/250588","targetHints":{"allow":["GET"]}}],"collection":[{"href":"https:\/\/www.europesays.com\/es\/wp-json\/wp\/v2\/posts"}],"about":[{"href":"https:\/\/www.europesays.com\/es\/wp-json\/wp\/v2\/types\/post"}],"author":[{"embeddable":true,"href":"https:\/\/www.europesays.com\/es\/wp-json\/wp\/v2\/users\/2"}],"replies":[{"embeddable":true,"href":"https:\/\/www.europesays.com\/es\/wp-json\/wp\/v2\/comments?post=250588"}],"version-history":[{"count":0,"href":"https:\/\/www.europesays.com\/es\/wp-json\/wp\/v2\/posts\/250588\/revisions"}],"wp:featuredmedia":[{"embeddable":true,"href":"https:\/\/www.europesays.com\/es\/wp-json\/wp\/v2\/media\/250589"}],"wp:attachment":[{"href":"https:\/\/www.europesays.com\/es\/wp-json\/wp\/v2\/media?parent=250588"}],"wp:term":[{"taxonomy":"category","embeddable":true,"href":"https:\/\/www.europesays.com\/es\/wp-json\/wp\/v2\/categories?post=250588"},{"taxonomy":"post_tag","embeddable":true,"href":"https:\/\/www.europesays.com\/es\/wp-json\/wp\/v2\/tags?post=250588"}],"curies":[{"name":"wp","href":"https:\/\/api.w.org\/{rel}","templated":true}]}}