{"id":250590,"date":"2025-11-23T00:22:18","date_gmt":"2025-11-23T00:22:18","guid":{"rendered":"https:\/\/www.europesays.com\/es\/250590\/"},"modified":"2025-11-23T00:22:18","modified_gmt":"2025-11-23T00:22:18","slug":"fue-volver-a-empezar-volver-a-crear-una-familia-la-mia","status":"publish","type":"post","link":"https:\/\/www.europesays.com\/es\/250590\/","title":{"rendered":"Fue volver a empezar, volver a crear una familia, la m\u00eda"},"content":{"rendered":"<p data-journey-content=\"true\" data-node-id=\"3\" class=\"css-6wxqfj emevuu60\"><strong data-node-id=\"3.0\">Desde que uni\u00f3 su vida a la del cantante almeriense David Bisbal, la actriz y modelo venezolana <a href=\"https:\/\/www.diezminutos.es\/famosos-corazon\/famosos-espanoles\/a45081119\/david-bisbal-habla-inicios-relacion-rosanna-zanetti\/\" target=\"_blank\" data-vars-ga-outbound-link=\"https:\/\/www.diezminutos.es\/famosos-corazon\/famosos-espanoles\/a45081119\/david-bisbal-habla-inicios-relacion-rosanna-zanetti\/\" data-vars-ga-ux-element=\"Hyperlink\" data-vars-ga-call-to-action=\"Rosanna Zanetti\" data-node-id=\"3.0.1\" class=\"body-link css-177bzfx emevuu60\" rel=\"nofollow noopener\">Rosanna Zanetti<\/a> se ha establecido en Espa\u00f1a<\/strong>, un pa\u00eds en el que se ha sentido tan acogida como para formar aqu\u00ed su familia, integrarse en la de su marido, <a href=\"https:\/\/www.diezminutos.es\/famosos-corazon\/famosos-espanoles\/a65168426\/rosanna-zanetti-cocinera-casa-madre-david-bisbal\/\" target=\"_blank\" data-vars-ga-outbound-link=\"https:\/\/www.diezminutos.es\/famosos-corazon\/famosos-espanoles\/a65168426\/rosanna-zanetti-cocinera-casa-madre-david-bisbal\/\" data-vars-ga-ux-element=\"Hyperlink\" data-vars-ga-call-to-action=\"disfrutando de su ayuda\" data-node-id=\"3.2\" class=\"body-link css-177bzfx emevuu60\" rel=\"nofollow noopener\">disfrutando de su ayuda<\/a>, reinventarse y desarrollar su carrera profesional. Por eso, del mismo modo que no se pierde eventos importantes de la carrera de su marido, como fue su actuaci\u00f3n especial en los pasados <a href=\"https:\/\/www.diezminutos.es\/famosos-corazon\/famosos-espanoles\/a69433063\/aitana-dedicatoria-novio-plex-premio-latin-grammy\/\" target=\"_blank\" data-vars-ga-outbound-link=\"https:\/\/www.diezminutos.es\/famosos-corazon\/famosos-espanoles\/a69433063\/aitana-dedicatoria-novio-plex-premio-latin-grammy\/\" data-vars-ga-ux-element=\"Hyperlink\" data-vars-ga-call-to-action=\"Latin Grammy\" data-node-id=\"3.4\" class=\"body-link css-177bzfx emevuu60\" rel=\"nofollow noopener\">Latin Grammy<\/a>, tambi\u00e9n podemos verla en ocasiones de trabajo para marcas de las que es imagen y la \u00faltima a la que no ha dudado en acudir ha sido una reciente presentaci\u00f3n de productos GHD en la que estaba espectacular con un look del dise\u00f1ador liban\u00e9s-americano Rami Kadi. Aprovechando la ocasi\u00f3n, en DIEZ MINUTOS hemos podido hablar con ella para saber <strong data-node-id=\"3.6\">c\u00f3mo disfruta Rosanna Zanetti de este tipo de oportunidades laborales y c\u00f3mo va a afrontar las pr\u00f3ximas Navidades junto a David y su familia.<\/strong><\/p>\n<p><img draggable=\"true\" alt=\"rosanna zanetti en un evento de ghd\" title=\"Rosanna Zanetti en un evento de GHD\" loading=\"lazy\" width=\"3000\" height=\"4500\" decoding=\"async\" data-nimg=\"1\" style=\"color:transparent;width:100%;height:auto;\"   src=\"https:\/\/www.europesays.com\/es\/wp-content\/uploads\/2025\/11\/rosanna-zanetti-ghd-6921fcd29780b.jpg\" class=\"css-0 e1g79fud0\"\/><\/p>\n<p>Jose Ignacio Viseras<\/p>\n<p data-journey-content=\"true\" data-node-id=\"7\" class=\"css-6wxqfj emevuu60\"><strong data-node-id=\"7.0\">Tienes un melen\u00f3n, algo muy llamativo, m\u00e1s a\u00fan despu\u00e9s de haber tenido dos embarazos, que el pelo se resiente. \u00bfQu\u00e9 haces aparte de cuidarlo con los productos GHD?<\/strong> <\/p>\n<p data-journey-content=\"true\" data-node-id=\"9\" class=\"css-6wxqfj emevuu60\">Me gusta bastante cuidar de m\u00ed por dentro y por fuera y yo creo que eso es lo que me est\u00e1 ayudando. Con GHD, que me apasiona, ya son cuatro a\u00f1os que llevo trabajando con la marca. Me acompa\u00f1a en momentos superespeciales, la tengo en casa tambi\u00e9n para m\u00ed misma.<\/p>\n<p data-journey-content=\"true\" data-node-id=\"13\" class=\"css-6wxqfj emevuu60\"><strong data-node-id=\"13.0\">\u00bfTe cuesta aprender a usar sus productos? <\/strong><\/p>\n<p data-journey-content=\"true\" data-node-id=\"15\" class=\"css-6wxqfj emevuu60\">No, a m\u00ed se me da superbi\u00e9n. Mis peluqueras me dicen que yo fui maquilladora y peluquera en mi otra vida porque se me da igual de bien y profesional que a ellos. Me apasiona.<\/p>\n<p data-journey-content=\"true\" data-node-id=\"17\" class=\"css-6wxqfj emevuu60\"><strong data-node-id=\"17.0\">Cu\u00e9ntanos c\u00f3mo se presentan ya las fechas navide\u00f1as que las tenemos ya encima.<\/strong><\/p>\n<p data-journey-content=\"true\" data-node-id=\"19\" class=\"css-6wxqfj emevuu60\">Con muchos conciertos. David empez\u00f3 la gira en Espa\u00f1a, estuvo en Almer\u00eda, este fin de semana est\u00e1 en Sevilla y hasta el d\u00eda 23 de diciembre, creo que el 22 est\u00e1 en Madrid y el 23 en Barcelona. <\/p>\n<p data-journey-content=\"true\" data-node-id=\"21\" class=\"css-6wxqfj emevuu60\"><strong data-node-id=\"21.0\">\u00bfLas vais a pasar aqu\u00ed u os vais?<\/strong><\/p>\n<p data-journey-content=\"true\" data-node-id=\"23\" class=\"css-6wxqfj emevuu60\">El 24 ac\u00e1, segur\u00edsimo. Todo en Espa\u00f1a. Es que acabamos de llegar de los Latin Grammy, empezando la gira&#8230; Fue s\u00faper, superbonito. Adem\u00e1s, David estaba muy emocionado porque era un homenaje a <a href=\"https:\/\/www.diezminutos.es\/famosos-corazon\/famosos-espanoles\/g63221773\/raphael-cantante-vida-familia-polemicas\/\" target=\"_blank\" data-vars-ga-outbound-link=\"https:\/\/www.diezminutos.es\/famosos-corazon\/famosos-espanoles\/g63221773\/raphael-cantante-vida-familia-polemicas\/\" data-vars-ga-ux-element=\"Hyperlink\" data-vars-ga-call-to-action=\"Raphael\" data-node-id=\"23.1\" class=\"body-link css-177bzfx emevuu60\" rel=\"nofollow noopener\">Raphael<\/a> y de verdad que David lo dio todo, su coraz\u00f3n, su arte. <\/p>\n<p><img draggable=\"true\" alt=\"rosanna zanetti y david bisbal en los latin grammy 2025\" title=\"Rosanna Zanetti y David Bisbal en los Latin Grammy 2025\" loading=\"lazy\" width=\"3148\" height=\"2099\" decoding=\"async\" data-nimg=\"1\" style=\"color:transparent;width:100%;height:auto;\"   src=\"https:\/\/www.europesays.com\/es\/wp-content\/uploads\/2025\/11\/latin-grammy-rosanna-zanetti-y-david-bisbal-6921fc4b36a3b.jpg\" class=\"css-0 e1g79fud0\"\/><\/p>\n<p>GTRES<\/p>\n<p data-journey-content=\"true\" data-node-id=\"26\" class=\"css-6wxqfj emevuu60\"><strong data-node-id=\"26.0\">\u00bfTe imaginas el d\u00eda de ma\u00f1ana, como Natalia Figueroa, all\u00ed sentada con David?<\/strong><\/p>\n<p data-journey-content=\"true\" data-node-id=\"28\" class=\"css-6wxqfj emevuu60\">Es una familia incre\u00edble, lo que pasa es que Raphael tiene un r\u00e9cord porque son m\u00e1s de 60 a\u00f1os de trayectoria solamente. Es algo que ni cualquier persona que comience muy joven puede lograrlo hoy en d\u00eda, es algo incre\u00edble. Es incre\u00edble, son una familia superbonita. Y ese d\u00eda en el Person of the Year nos vieron homenajeando su trayectoria, fue muy especial.<\/p>\n<p data-journey-content=\"true\" data-node-id=\"30\" class=\"css-6wxqfj emevuu60\"><strong data-node-id=\"30.0\">Para David es muy importante siempre teneros muy cerquita, incluso en las giras, a ti y a los ni\u00f1os. \u00bfSigue siendo as\u00ed, con los peques correteando entre los camerinos?<\/strong><\/p>\n<p data-journey-content=\"true\" data-node-id=\"32\" class=\"css-6wxqfj emevuu60\">Ahorita con los conciertos cuesta un poco. Nos encantar\u00eda estar en todo, pero no podemos trastocarlos porque al final es un viaje largo. Pero bueno, estamos ah\u00ed siempre tratando de buscar el momento. Creo que est\u00e1 pasando el tiempo y yo estoy como con m\u00e1s &#8216;mamitis&#8217;, quiero estar con ellos. He estado, de hecho, perdida en las redes desde hace varios meses, porque he estado enfocada en familia, en <a href=\"https:\/\/www.diezminutos.es\/famosos-corazon\/famosos-espanoles\/a64399589\/david-bisbal-rosanna-zanetti-fiesta-sexto-cumpleanos-matteo\/\" target=\"_blank\" data-vars-ga-outbound-link=\"https:\/\/www.diezminutos.es\/famosos-corazon\/famosos-espanoles\/a64399589\/david-bisbal-rosanna-zanetti-fiesta-sexto-cumpleanos-matteo\/\" data-vars-ga-ux-element=\"Hyperlink\" data-vars-ga-call-to-action=\"los ni\u00f1os\" data-node-id=\"32.1\" class=\"body-link css-177bzfx emevuu60\" rel=\"nofollow noopener\">los ni\u00f1os<\/a>. El cuerpo me lo pide demasiado. <\/p>\n<p data-journey-content=\"true\" data-node-id=\"34\" class=\"css-6wxqfj emevuu60\"><strong data-node-id=\"34.0\"> Oye, y no te pedir\u00e1 otro, \u00bfno?<\/strong><\/p>\n<p data-journey-content=\"true\" data-node-id=\"36\" class=\"css-6wxqfj emevuu60\">No, no. Estamos en un momento familiar incre\u00edble. La edad de los ni\u00f1os est\u00e1 deliciosa, podemos hacer tantos planes, y ellos disfrutarlos de una manera como m\u00e1s consciente&#8230; De verdad que tienen 5 y 6, yo estoy que me los como.<\/p>\n<p data-journey-content=\"true\" data-node-id=\"38\" class=\"css-6wxqfj emevuu60\"><strong data-node-id=\"38.0\">\u00bfSon buenos estudiantes?<\/strong><\/p>\n<p data-journey-content=\"true\" data-node-id=\"40\" class=\"css-6wxqfj emevuu60\">Son muy peque\u00f1itos, pero de verdad son muy buenos.<\/p>\n<p data-journey-content=\"true\" data-node-id=\"42\" class=\"css-6wxqfj emevuu60\"><strong data-node-id=\"42.0\">\u00bfSon muy conscientes de la fama de su padre?<\/strong><\/p>\n<p data-journey-content=\"true\" data-node-id=\"44\" class=\"css-6wxqfj emevuu60\">Es que no son conscientes. De repente si salimos y le empiezan a pedir fotos a \u00e9l o va al cole el d\u00eda de padres, claro, a veces se revoluciona. A pesar de que saben que su pap\u00e1 canta, no son conscientes de lo que puede trascender o de la magnitud. Nosotros tenemos una vida muy normal, pero luego cuando vamos a ciertos lugares p\u00fablicos, los ni\u00f1os ven que se revoluciona todo un poco.<\/p>\n<p><img draggable=\"true\" alt=\"rosanna zanetti en un evento de ghd\" title=\"Rosanna Zanetti en un evento de GHD\" loading=\"lazy\" width=\"3000\" height=\"2000\" decoding=\"async\" data-nimg=\"1\" style=\"color:transparent;width:100%;height:auto;\"   src=\"https:\/\/www.europesays.com\/es\/wp-content\/uploads\/2025\/11\/rosanna-zanetti-ghd-2-6921ffca37cf9.jpg\" class=\"css-0 e1g79fud0\"\/><\/p>\n<p>Jose Ignacio Viseras<\/p>\n<p data-journey-content=\"true\" data-node-id=\"47\" class=\"css-6wxqfj emevuu60\"><strong data-node-id=\"47.0\">\u00bfEchas de menos tu tierra?<\/strong><\/p>\n<p data-journey-content=\"true\" data-node-id=\"49\" class=\"css-6wxqfj emevuu60\">S\u00ed, mucho.  Es que no es solo mi tierra, es parte de mi familia. Al final, cuando yo vine para ac\u00e1, fue volver a empezar, volver a crear una familia, la m\u00eda.<\/p>\n<p data-journey-content=\"true\" data-node-id=\"51\" class=\"css-6wxqfj emevuu60\"><strong data-node-id=\"51.0\">Pero lo haces por amor.<\/strong><\/p>\n<p data-journey-content=\"true\" data-node-id=\"53\" class=\"css-6wxqfj emevuu60\">S\u00ed, y por lo menos yo tengo la dicha de que mi madre vive aqu\u00ed en Espa\u00f1a, mi hermano tambi\u00e9n&#8230; Esa parte est\u00e1 muy bien, pero lo malo es que la situaci\u00f3n pol\u00edtica no permite tener una ida y vuelta normal. Con Venezuela es complicado, no permite ese contacto tan fluido que uno quisiera. De hecho, yo llevo desde el 2015 que no voy a Venezuela. Son 10 a\u00f1os. Siempre viene mi familia a visitarme por ac\u00e1. Es que tambi\u00e9n, claro, yo tuve los dos embarazos muy seguidos.<\/p>\n<p data-journey-content=\"true\" data-node-id=\"55\" class=\"css-6wxqfj emevuu60\"><strong data-node-id=\"55.0\">Y lo duro que ser\u00e1 que los ni\u00f1os no conocen tu tierra, tu pa\u00eds.<\/strong><\/p>\n<p data-journey-content=\"true\" data-node-id=\"57\" class=\"css-6wxqfj emevuu60\"> S\u00ed, y no solo mi tierra, sino la manera en la que yo la viv\u00ed, yo los llevar\u00eda a los lugares donde a m\u00ed me encantaba ir a comer, las playas&#8230; Es una tierra preciosa, la calidad humana de la gente es incre\u00edble, el venezolano es muy especial. Pero bueno, ellos lo tienen muy presente. De hecho, creo que tienen acento m\u00e1s venezolano que espa\u00f1ol, porque no les cuesta la Z, est\u00e1n siempre con la S. O de repente le dicen a las gafas lentes. Esa es la influencia que tenemos en la casa. <\/p>\n<p><img draggable=\"true\" alt=\"david bisbal presenta su disco 'todo es posible en navidad' en mexico\" title=\"David Bisbal presenta su disco 'Todo es posible en Navidad' en Mexico\" loading=\"lazy\" width=\"6048\" height=\"4024\" decoding=\"async\" data-nimg=\"1\" style=\"color:transparent;width:100%;height:auto;\"   src=\"https:\/\/www.europesays.com\/es\/wp-content\/uploads\/2025\/11\/david-bisbal-disco-navidad-6922003636a16.jpg\" class=\"css-0 e1g79fud0\"\/><\/p>\n<p>Carlos Tischler\/Eyepix Group\/Shu<\/p>\n<p data-journey-content=\"true\" data-node-id=\"60\" class=\"css-6wxqfj emevuu60\"><strong data-node-id=\"60.0\">Cu\u00e9ntanos sobre la gira navide\u00f1a de David.<\/strong><\/p>\n<p data-journey-content=\"true\" data-node-id=\"62\" class=\"css-6wxqfj emevuu60\">\u00c9l sac\u00f3 el a\u00f1o pasado el disco y este a\u00f1o empieza la gira de <a href=\"https:\/\/www.diezminutos.es\/famosos-corazon\/famosos-espanoles\/a40753959\/david-bisbal-20-anos-carrera-concierto-almeria\/\" target=\"_blank\" data-vars-ga-outbound-link=\"https:\/\/www.diezminutos.es\/famosos-corazon\/famosos-espanoles\/a40753959\/david-bisbal-20-anos-carrera-concierto-almeria\/\" data-vars-ga-ux-element=\"Hyperlink\" data-vars-ga-call-to-action=\"conciertos\" data-node-id=\"62.1\" class=\"body-link css-177bzfx emevuu60\" rel=\"nofollow noopener\">conciertos<\/a> de ese disco, que tambi\u00e9n tiene las canciones de toda la vida, pero replanteadas, porque est\u00e1 con una banda supergrande. Lo van a disfrutar, en Madrid va a ser&#8230;<\/p>\n<p data-journey-content=\"true\" data-node-id=\"64\" class=\"css-6wxqfj emevuu60\"><strong data-node-id=\"64.0\">El a\u00f1o pasado fue una revoluci\u00f3n &#8216;El burrito sabanero&#8217;, que es venezolana.<\/strong><\/p>\n<p data-journey-content=\"true\" data-node-id=\"66\" class=\"css-6wxqfj emevuu60\">Es que la parte de villancicos est\u00e1 como para toda la familia, para los m\u00e1s peque\u00f1itos. A los ni\u00f1os les fascina. <\/p>\n<p data-journey-content=\"true\" data-node-id=\"68\" class=\"css-6wxqfj emevuu60\"><strong data-node-id=\"68.0\">\u00bfSe ha cansado ya David de cantarla o no?<\/strong> <\/p>\n<p data-journey-content=\"true\" data-node-id=\"70\" class=\"css-6wxqfj emevuu60\">Como solo la canta en diciembre&#8230; Una vez al a\u00f1o no hace da\u00f1o (risas).<\/p>\n<p><img draggable=\"true\" alt=\"david bisbal y rosanna zanetti en los goya 2024\" title=\"David Bisbal y Rosanna Zanetti en los Goya 2024\" loading=\"lazy\" width=\"3225\" height=\"2150\" decoding=\"async\" data-nimg=\"1\" style=\"color:transparent;width:100%;height:auto;\"   src=\"https:\/\/www.europesays.com\/es\/wp-content\/uploads\/2025\/11\/rosanna-zanetti-y-david-bisbal-692201c1b14d3.jpg\" class=\"css-0 e1g79fud0\"\/><\/p>\n<p>Jesus Briones<\/p>\n<p data-journey-content=\"true\" data-node-id=\"73\" class=\"css-6wxqfj emevuu60\"><strong data-node-id=\"73.0\">\u00bfTienes ya planes para este 2026? <\/strong><\/p>\n<p data-journey-content=\"true\" data-node-id=\"75\" class=\"css-6wxqfj emevuu60\">Bueno, terminar las \u00faltimas cositas que tenemos con las marcas, por lo menos GHD, como esta fiesta, que de hecho es de mis favoritas en el a\u00f1o, porque es cerca de la Navidad. Hay un evento, que no puedo decir mucho, que va a estar muy cool en diciembre y ya, estar en familia. Terminar los prop\u00f3sitos que quedan, por lo menos llegar a los que m\u00e1s se puedan, con salud, con felicidad, todos juntitos. Y a principios de a\u00f1o, ya renovando todo, viendo cu\u00e1les ser\u00e1n los nuevos prop\u00f3sitos, los nuevos proyectos, todo.<\/p>\n<p data-journey-content=\"true\" data-node-id=\"77\" class=\"css-6wxqfj emevuu60\"><strong data-node-id=\"77.0\">\u00bfHas cumplido los del 2025? <\/strong><\/p>\n<p data-journey-content=\"true\" data-node-id=\"79\" class=\"css-6wxqfj emevuu60\">S\u00ed, sobre todo que me pas\u00f3 que me marqu\u00e9 m\u00e1s cositas en septiembre que en enero. Es que eso lo tuve que entender cuando llegu\u00e9 a Espa\u00f1a. No entend\u00eda, porque en Venezuela tenemos 365 d\u00edas de verano, y aqu\u00ed septiembre es un nuevo empezar tambi\u00e9n, una nueva organizaci\u00f3n. Mis prop\u00f3sitos los tuve m\u00e1s en septiembre que en enero.<\/p>\n<p data-journey-content=\"true\" data-node-id=\"81\" class=\"css-6wxqfj emevuu60\"><strong data-node-id=\"81.0\">\u00bfDinos como curiosidad algunos que hayas cumplido?<\/strong><\/p>\n<p data-journey-content=\"true\" data-node-id=\"83\" class=\"css-6wxqfj emevuu60\">Son todos muy personales, un poco aburridos: poner al d\u00eda citas m\u00e9dicas que vamos posponiendo, el tema salud. Poner al d\u00eda el deporte, porque hay que hacerlo por temas de salud, pero no es algo que me apasione. Creo que por eso tiene a veces m\u00e1s m\u00e9rito hacer algo que no te encante. As\u00ed que, tratando de poner disciplina en eso.<\/p>\n<p><img src=\"https:\/\/www.europesays.com\/es\/wp-content\/uploads\/2025\/11\/1763857337_223_8a75e71c-2402-402f-a0f3-a153ec2a9ecd_1700564588.file\" alt=\"Headshot of Daniel I. Carande\" title=\"Headshot of Daniel I. Carande\" width=\"100%\" height=\"100%\" decoding=\"async\" loading=\"lazy\" class=\"css-o0wq4v ev8dhu53\"\/><\/p>\n<p>Daniel I. Carande \u00a0lleva dos d\u00e9cadas en el mundo de la prensa del coraz\u00f3n. Con veinte a\u00f1os comenz\u00f3 su andadura en la revista Diez Minutos, donde contin\u00faa cubriendo las mejores fiestas de nuestro pa\u00eds, hace diferentes reportajes y entrevistas a los rostros m\u00e1s conocidos de nuestro pa\u00eds. Durante unos a\u00f1os, compagin\u00f3 su actividad en la prensa escrita en la revista \u00a1Qu\u00e9 me dices!.\u00a0<\/p>\n<p>\u00a0La radio tambi\u00e9n se ha cruzado en su camino. Desde hace diez a\u00f1os, es uno de los colaboradores en la secci\u00f3n radiof\u00f3nica de \u2018Cr\u00f3nica Rosa\u2019 de \u2018Es la ma\u00f1ana de Federico\u2019 programa presentado por Federico Jim\u00e9nez Losantos en Esradio.\u00a0<\/p>\n<p>\u00a0Adem\u00e1s, tambi\u00e9n ha participado en diferentes programas de televisi\u00f3n como \u2018Las ma\u00f1anas de Cuatro\u2019, \u2018Las ma\u00f1anas\u2019 (La 1 de TVE), \u2018Estando contigo\u2019 (Canal Castilla La Mancha) y actualmente es uno de los colaboradores del programa de Antena 3 \u2018Y ahora, Sonsoles\u2019, presentado por Sonsoles \u00d3nega.\u00a0<\/p>\n<p>\u00a0Estudi\u00f3 Periodismo en la la Universidad San Pablo-CEU de Madrid. Y desde el principio ten\u00eda claro que lo suyo era comunicar y colarnos en la vidas y casas de los famosos m\u00e1s relevantes de nuestro pa\u00eds gracias a sus cr\u00f3nicas y a sus entrevistas.\u00a0<\/p>\n","protected":false},"excerpt":{"rendered":"Desde que uni\u00f3 su vida a la del cantante almeriense David Bisbal, la actriz y modelo venezolana Rosanna&hellip;\n","protected":false},"author":2,"featured_media":250591,"comment_status":"","ping_status":"","sticky":false,"template":"","format":"standard","meta":{"footnotes":""},"categories":[174],"tags":[255,253,146,147,25,24,256,23],"class_list":{"0":"post-250590","1":"post","2":"type-post","3":"status-publish","4":"format-standard","5":"has-post-thumbnail","7":"category-famosos","8":"tag-celebrities","9":"tag-discover","10":"tag-entertainment","11":"tag-entretenimiento","12":"tag-es","13":"tag-espana","14":"tag-famosos","15":"tag-spain"},"share_on_mastodon":{"url":"https:\/\/pubeurope.com\/@es\/115596162248385921","error":""},"_links":{"self":[{"href":"https:\/\/www.europesays.com\/es\/wp-json\/wp\/v2\/posts\/250590","targetHints":{"allow":["GET"]}}],"collection":[{"href":"https:\/\/www.europesays.com\/es\/wp-json\/wp\/v2\/posts"}],"about":[{"href":"https:\/\/www.europesays.com\/es\/wp-json\/wp\/v2\/types\/post"}],"author":[{"embeddable":true,"href":"https:\/\/www.europesays.com\/es\/wp-json\/wp\/v2\/users\/2"}],"replies":[{"embeddable":true,"href":"https:\/\/www.europesays.com\/es\/wp-json\/wp\/v2\/comments?post=250590"}],"version-history":[{"count":0,"href":"https:\/\/www.europesays.com\/es\/wp-json\/wp\/v2\/posts\/250590\/revisions"}],"wp:featuredmedia":[{"embeddable":true,"href":"https:\/\/www.europesays.com\/es\/wp-json\/wp\/v2\/media\/250591"}],"wp:attachment":[{"href":"https:\/\/www.europesays.com\/es\/wp-json\/wp\/v2\/media?parent=250590"}],"wp:term":[{"taxonomy":"category","embeddable":true,"href":"https:\/\/www.europesays.com\/es\/wp-json\/wp\/v2\/categories?post=250590"},{"taxonomy":"post_tag","embeddable":true,"href":"https:\/\/www.europesays.com\/es\/wp-json\/wp\/v2\/tags?post=250590"}],"curies":[{"name":"wp","href":"https:\/\/api.w.org\/{rel}","templated":true}]}}