{"id":250592,"date":"2025-11-23T00:25:22","date_gmt":"2025-11-23T00:25:22","guid":{"rendered":"https:\/\/www.europesays.com\/es\/250592\/"},"modified":"2025-11-23T00:25:22","modified_gmt":"2025-11-23T00:25:22","slug":"stranger-things-5-fija-su-final-definitivo-fechas-reparto-y-lo-que-se-sabe-del-cierre-de-la-serie","status":"publish","type":"post","link":"https:\/\/www.europesays.com\/es\/250592\/","title":{"rendered":"\u2018Stranger Things 5\u2019 fija su final definitivo: fechas, reparto y lo que se sabe del cierre de la serie"},"content":{"rendered":"<p>Tras a\u00f1os de teor\u00edas, expectativas y un fen\u00f3meno global que ha marcado a toda una generaci\u00f3n de espectadores, <strong>\u2018Stranger Things<\/strong>\u2019 se prepara para despedirse definitivamente con su quinta y \u00faltima temporada. Netflix ha confirmado que el desenlace de la serie creada por los hermanos Duffer comenzar\u00e1 a emitirse el 26 de noviembre de 2025, dando inicio al cierre de un viaje que arranc\u00f3 en 2016 con la misteriosa desaparici\u00f3n de Will Byers en Hawkins.<\/p>\n<p>Los creadores han optado por un estreno escalonado que mantendr\u00e1 a los fans en vilo durante un mes:<\/p>\n<ul>&#13;<\/p>\n<li><strong>Parte 1 \u2013 <\/strong>26 de noviembre de 2025: episodios 1, 2, 3 y 4<\/li>\n<p>&#13;<\/p>\n<li><strong>Parte 2 \u2013<\/strong> 25 de diciembre de 2025: episodios 5 y 6<\/li>\n<p>&#13;<\/p>\n<li><strong>Parte 3 \u2013 <\/strong>31 de diciembre de 2025: episodio 7 (final)<\/li>\n<p>&#13;\n<\/ul>\n<p>El cierre definitivo coincidir\u00e1 as\u00ed con la Nochevieja de 2025, un momento que promete convertirse en uno de los m\u00e1s recordados de la historia de la plataforma.<\/p>\n<p>Un fen\u00f3meno televisivo que busca un final a la altura<\/p>\n<p>La serie ya demostr\u00f3 con su cuarta temporada que todav\u00eda pod\u00eda sorprender a nivel narrativo y visual. Aquella entrega, repleta de escenas ic\u00f3nicas, dej\u00f3 el list\u00f3n muy alto. Para la quinta,<strong> los Duffer <\/strong>han apostado por una conclusi\u00f3n que pretende situarse entre los grandes finales de la televisi\u00f3n moderna.<\/p>\n<p>\u00a0<\/p>\n<p>La historia arranca tras los devastadores sucesos del final de la cuarta temporada, cuando Hawkins <strong>quedaba literalmente fracturada <\/strong>y fusion\u00e1ndose con el Mundo del Rev\u00e9s, una imagen que dej\u00f3 a millones de espectadores con el coraz\u00f3n en un pu\u00f1o. El inquietante triunfo parcial de Vecna transformaba el pueblo en un escenario desolador y abr\u00eda una \u00faltima batalla decisiva para los protagonistas.<\/p>\n<p>El reparto completo vuelve para la despedida<\/p>\n<p>Como era de esperar, la serie re\u00fane a todo su elenco principal para este \u00faltimo y \u00e9pico recorrido:<\/p>\n<ul>&#13;<\/p>\n<li>Millie Bobby Brown (Once \/ Eleven)<\/li>\n<p>&#13;<\/p>\n<li>Finn Wolfhard (Mike)<\/li>\n<p>&#13;<\/p>\n<li>Noah Schnapp (Will Byers)<\/li>\n<p>&#13;<\/p>\n<li>Gaten Matarazzo (Dustin)<\/li>\n<p>&#13;<\/p>\n<li>Caleb McLaughlin (Lucas)<\/li>\n<p>&#13;<\/p>\n<li>David Harbour (Hopper)<\/li>\n<p>&#13;<\/p>\n<li>Winona Ryder (Joyce Byers)<\/li>\n<p>&#13;<\/p>\n<li>Sadie Sink (Max)<\/li>\n<p>&#13;<\/p>\n<li>Natalia Dyer (Nancy)<\/li>\n<p>&#13;<\/p>\n<li>Charlie Heaton (Jonathan)<\/li>\n<p>&#13;<\/p>\n<li>Joe Keery (Steve)<\/li>\n<p>&#13;<\/p>\n<li>Maya Hawke (Robin)<\/li>\n<p>&#13;<\/p>\n<li>Priah Ferguson (Erica)<\/li>\n<p>&#13;<\/p>\n<li>Brett Gelman (Murray)<\/li>\n<p>&#13;\n<\/ul>\n<p>La temporada tambi\u00e9n presenta su tr\u00e1iler oficial, mostrando las primeras pinceladas del choque final contra el villano del <strong>Mundo del Rev\u00e9s.<\/strong><\/p>\n<p><img decoding=\"async\" alt=\"\" src=\"https:\/\/www.europesays.com\/es\/wp-content\/uploads\/2025\/11\/articulos-2555291.jpg\" style=\"width:20%\"\/><\/p>\n<p>Vecna sigue vivo: el enemigo definitivo<\/p>\n<p>El anterior final dej\u00f3 claro que, aunque Once lograra derrotarlo en dos frentes \u2014f\u00edsico y mental\u2014, <strong>Vecna continuaba con vida<\/strong>. Su plan haya funcionado parcialmente y la ciudad se encuentre consumida por la brecha entre mundos, el grupo deber\u00e1 enfrentarse a su amenaza por \u00faltima vez.<\/p>\n<p>Tras un reencuentro emotivo entre todos los personajes repartidos entre <strong>California, Rusia y Hawkins<\/strong>, el alivio dura poco: el efecto del ataque de Vecna hace evidente que la lucha est\u00e1 lejos de terminar. Una Eleven recuperando poco a poco sus poderes liderar\u00e1 la ofensiva final contra el enemigo que ha puesto patas arriba el destino del pueblo desde el principio.<\/p>\n<p><img decoding=\"async\" alt=\"\" src=\"https:\/\/www.europesays.com\/es\/wp-content\/uploads\/2025\/11\/articulos-2555290.jpg\" style=\"width:20%\"\/><\/p>\n<p>Amores en crisis ante el fin del mundo<\/p>\n<p>La temporada tambi\u00e9n retoma las tramas sentimentales abiertas: <strong>Hopper y Joyce <\/strong>viven uno de sus mejores momentos; <strong>Mike y Eleven,<\/strong> en cambio, atraviesan una crisis emocional marcada por las dificultades de \u00e9l para expresar lo que siente y la frustraci\u00f3n de ella tras perder sus poderes; Will contin\u00faa lidiando con el dolor de un amor no correspondido; Jonathan, Nancy y Steve siguen enredados en un tri\u00e1ngulo que a\u00fan no tiene resoluci\u00f3n y Lucas intenta asumir el trauma por lo ocurrido con Max, cuya recuperaci\u00f3n parcial tras ser salvada por Eleven sigue siendo una de las heridas m\u00e1s profundas del grupo.<\/p>\n<p>Estas historias personales se entrelazan con la <strong>batalla final por salvar Hawkins<\/strong>, dando forma a una temporada cargada de tensi\u00f3n emocional y consecuencias definitivas.<\/p>\n<p>Aunque esta ser\u00e1 la despedida de la serie principal, el universo no termina aqu\u00ed. Netflix ya prepara una nueva producci\u00f3n animada ambientada en este mundo: \u2018Relatos del 85\u2019, prevista para 2026, que ampliar\u00e1 la mitolog\u00eda de la franquicia desde otra perspectiva.<\/p>\n","protected":false},"excerpt":{"rendered":"Tras a\u00f1os de teor\u00edas, expectativas y un fen\u00f3meno global que ha marcado a toda una generaci\u00f3n de espectadores,&hellip;\n","protected":false},"author":2,"featured_media":250593,"comment_status":"","ping_status":"","sticky":false,"template":"","format":"standard","meta":{"footnotes":""},"categories":[171],"tags":[146,147,25,24,23,214],"class_list":{"0":"post-250592","1":"post","2":"type-post","3":"status-publish","4":"format-standard","5":"has-post-thumbnail","7":"category-tv","8":"tag-entertainment","9":"tag-entretenimiento","10":"tag-es","11":"tag-espana","12":"tag-spain","13":"tag-tv"},"share_on_mastodon":{"url":"https:\/\/pubeurope.com\/@es\/115596173673348218","error":""},"_links":{"self":[{"href":"https:\/\/www.europesays.com\/es\/wp-json\/wp\/v2\/posts\/250592","targetHints":{"allow":["GET"]}}],"collection":[{"href":"https:\/\/www.europesays.com\/es\/wp-json\/wp\/v2\/posts"}],"about":[{"href":"https:\/\/www.europesays.com\/es\/wp-json\/wp\/v2\/types\/post"}],"author":[{"embeddable":true,"href":"https:\/\/www.europesays.com\/es\/wp-json\/wp\/v2\/users\/2"}],"replies":[{"embeddable":true,"href":"https:\/\/www.europesays.com\/es\/wp-json\/wp\/v2\/comments?post=250592"}],"version-history":[{"count":0,"href":"https:\/\/www.europesays.com\/es\/wp-json\/wp\/v2\/posts\/250592\/revisions"}],"wp:featuredmedia":[{"embeddable":true,"href":"https:\/\/www.europesays.com\/es\/wp-json\/wp\/v2\/media\/250593"}],"wp:attachment":[{"href":"https:\/\/www.europesays.com\/es\/wp-json\/wp\/v2\/media?parent=250592"}],"wp:term":[{"taxonomy":"category","embeddable":true,"href":"https:\/\/www.europesays.com\/es\/wp-json\/wp\/v2\/categories?post=250592"},{"taxonomy":"post_tag","embeddable":true,"href":"https:\/\/www.europesays.com\/es\/wp-json\/wp\/v2\/tags?post=250592"}],"curies":[{"name":"wp","href":"https:\/\/api.w.org\/{rel}","templated":true}]}}