{"id":250594,"date":"2025-11-23T00:26:13","date_gmt":"2025-11-23T00:26:13","guid":{"rendered":"https:\/\/www.europesays.com\/es\/250594\/"},"modified":"2025-11-23T00:26:13","modified_gmt":"2025-11-23T00:26:13","slug":"murio-ornella-vanoni-la-legendaria-estrella-de-la-cancion-italiana-a-los-91-anos","status":"publish","type":"post","link":"https:\/\/www.europesays.com\/es\/250594\/","title":{"rendered":"Muri\u00f3 Ornella Vanoni, la legendaria estrella de la canci\u00f3n italiana, a los 91 a\u00f1os"},"content":{"rendered":"<p><strong>Ornella Vanoni<\/strong> muri\u00f3 a los 91 a\u00f1os. La m\u00edtica voz italiana que marc\u00f3 generaciones y vendi\u00f3 m\u00e1s de 55 millones de discos sufri\u00f3 un paro card\u00edaco en su casa en Mil\u00e1n. La triste noticia la confirm\u00f3 el ministro de Cultura italiano, Alessandro Giuli.<\/p>\n<p>\u00cdcono de la m\u00fasica mel\u00f3dica italiana, <strong>actriz, musa y figura televisiva<\/strong>, construy\u00f3 una carrera de casi siete d\u00e9cadas, dej\u00f3 una huella profunda en la m\u00fasica popular y fue una de las int\u00e9rpretes m\u00e1s influyentes del siglo XX.<\/p>\n<p><img fetchpriority=\"high\" alt=\"Ornella Vanoni en 2013. Foto: EFE\/EPA\/ansa\" loading=\"eager\" width=\"720\" height=\"480\" decoding=\"async\" data-nimg=\"1\" style=\"color:transparent\" src=\"https:\/\/www.europesays.com\/es\/wp-content\/uploads\/2025\/11\/aOs87B5WT_720x0__1.jpg\"\/>Ornella Vanoni en 2013. Foto: EFE\/EPA\/ansa<\/p>\n<p>Su estilo \u00edntimo, sofisticado y capaz de transformar cada canci\u00f3n en una narraci\u00f3n emocional la convirti\u00f3 en una figura emblem\u00e1tica de la musica leggera italiana. Su versi\u00f3n de L\u2019appuntamento traspas\u00f3 fronteras y revivi\u00f3 d\u00e9cadas despu\u00e9s gracias a la banda sonora de Ocean\u2019s Twelve (2004). <\/p>\n<p>A lo largo de su carrera lanz\u00f3 alrededor de 50 \u00e1lbumes de estudio. Fue un s\u00edmbolo de <strong>sensibilidad art\u00edstica y libertad interpretativa<\/strong>. Su estilo \u00edntimo y su fraseo inconfundible redefinieron la canci\u00f3n de autor, llevando al primer plano emociones crudas y relatos urbanos. No solo consolid\u00f3 un repertorio que abarca<strong> bossa nova, jazz, pop y m\u00fasica tradicional italiana<\/strong>, sino que tambi\u00e9n abri\u00f3 espacio para una forma de cantar m\u00e1s madura y aut\u00e9ntica, alejada de artificios. <\/p>\n<p>Su presencia esc\u00e9nica, siempre <strong>elegante y directa<\/strong>, la convirti\u00f3 en referente de generaciones posteriores de int\u00e9rpretes que encontraron en ella un modelo de honestidad emocional. <\/p>\n<p>Su carrera exitosa<\/p>\n<p>Hija de un farmac\u00e9utico, tras estudiar en el extranjero, Ornella Vanoni regres\u00f3 a Mil\u00e1n y se acerc\u00f3 al mundo del espect\u00e1culo, Se inici\u00f3 en 1953 como actriz en la escuela del Piccolo Teatro de Milano dirigida por Giorgio Strehler, su maestro y compa\u00f1ero sentimental durante cuatro a\u00f1os. Strehler le propuso cantar tres canciones en los entreactos de I Giacobini de Zardi, que fueron muy apreciadas por el p\u00fablico y la cr\u00edtica. En 1956 debut\u00f3 como actriz en la obra Seis personajes en busca de autor de Pirandello.<\/p>\n<p><img alt=\"Ornella Vanoni en 1965. Foto: AP\" loading=\"eager\" width=\"720\" height=\"480\" decoding=\"async\" data-nimg=\"1\" style=\"color:transparent\" src=\"https:\/\/www.europesays.com\/es\/wp-content\/uploads\/2025\/11\/syQRU_p8R_720x0__1.jpg\"\/>Ornella Vanoni en 1965. Foto: AP<\/p>\n<p>En 1961, grab\u00f3 su primer disco y sus primeros \u00e9xitos como cantante fueron las conocidas como Canzoni della Mala, un repertorio popular que retrataba con dramatismo la mala vida milanesa, junto a algunos temas de Gino Paoli. Particip\u00f3 en el programa televisivo Canzonissima y en varias competiciones, por ejemplo en 1964 con Tu si&#8217; &#8216;na cosa grande en el Festival de N\u00e1poles junto a Domenico Modugno).<\/p>\n<p>En la segunda mitad de los a\u00f1os &#8217;60 inici\u00f3 una relaci\u00f3n art\u00edstica y sentimental con Gino Paoli, quien escribe para ella Senza fine, un gran \u00e9xito en Italia. Tambi\u00e9n en 1965 particip\u00f3 por primera vez en el <strong>Festival de San Remo<\/strong>, en el que estuvo en siete ocasiones y en 1968 quedar\u00eda en segunda posici\u00f3n con el tema Casa bianca, cantado a d\u00fao con Marisa Sannia, otro hit.<\/p>\n<p>Su repertorio se enriqueci\u00f3 con temas de autores como <strong>Domenico Modugno, Burt Bacharach, Charles Aznavour y Gilbert B\u00e9caud<\/strong>. En 1967 logr\u00f3 grandes \u00e9xitos televisivos.<\/p>\n<p>En 1970 particip\u00f3 en el Festival de San Remo con el tema Eternit\u00e0, aunque fue con el sencillo siguiente con el que obtuvo su mayor \u00e9xito: L&#8217;appuntamento (La cita), originalmente en portugu\u00e9s por <strong>Roberto Carlos y Erasmo Carlos<\/strong>. En 1973 tambi\u00e9n grabar\u00eda otra canci\u00f3n de Roberto Carlos, Detalhes con el t\u00edtulo de Dettagli, otro de sus grandes \u00e9xitos.<\/p>\n<p>En 1976, grab\u00f3 en vivo un disco hist\u00f3rico La voglia, La pazzia, L&#8217;incoscienza, L&#8217;allegria con <strong>Toquinho y Vin\u00edcius de Moraes<\/strong>, popularizando la m\u00fasica de estos grandes autores brasile\u00f1os en Italia.<\/p>\n<p>En los a\u00f1os &#8217;80, Ornella se confirm\u00f3 como la \u201cse\u00f1ora de la canci\u00f3n italiana\u201d, un t\u00edtulo que es reconocido por su refinamiento y sus \u00e9xitos discogr\u00e1ficos continuos. En 1986 alcanz\u00f3 uno de sus sue\u00f1os, la grabaci\u00f3n Ornella &amp;\u2026, \u00e1lbum doble de atm\u00f3sfera jazz, con un casting de artistas del jazz internacional como <strong>Herbie Hancock, Gerry Mulligan, George Benson y Gil Evans<\/strong>.<\/p>\n<p><img alt=\"Ornella Vanoni en la edici\u00f3n 71 del Festival de la Canci\u00f3n de San Remo, 2021. Foto: EFE\" loading=\"eager\" width=\"720\" height=\"480\" decoding=\"async\" data-nimg=\"1\" style=\"color:transparent\" src=\"https:\/\/www.europesays.com\/es\/wp-content\/uploads\/2025\/11\/ZDPsGCSmD_720x0__1.jpg\"\/>Ornella Vanoni en la edici\u00f3n 71 del Festival de la Canci\u00f3n de San Remo, 2021. Foto: EFE<\/p>\n<p>En los a\u00f1os &#8217;90 inici\u00f3 una colaboraci\u00f3n con Mario Lavezzi, y en 1996 su disco Sheherazade fue disco de oro en Italia. Alberi fue la canci\u00f3n con la que particip\u00f3 de nuevo en el 49\u00b0 Festival de la Canci\u00f3n de San Remo, donde le fue otorgado el premio a su carrera musical.<\/p>\n<p>En 2001, public\u00f3 dos \u00e1lbumes con versiones de los a\u00f1os &#8217;60 y &#8217;70. En 2002, junto a Sergio Bardotti, cant\u00f3 lo mejor del repertorio de <strong>Burt Bacharach<\/strong>: todos los temas en italiano con traducci\u00f3n propia, editado como Sue\u00f1os prohibidos; Ornella y las canciones de Bacharach. En  2004, el tema L&#8217;appuntamento en su voz se incluy\u00f3 en la banda sonora de la pel\u00edcula Ocean&#8217;s Twelve.<\/p>\n<p>En 2007, a los 73 a\u00f1os de edad, edit\u00f3 Una bellissima ragazza,\u200b su primer disco con temas in\u00e9ditos desde Argilla (1997), con el que emprende una intensa gira teatral por las m\u00e1s importantes ciudades italianas.<\/p>\n<p>Incansable, en 2021 public\u00f3 Unica, su \u00e1lbum de estudio n\u00famero 50, celebrando sesenta a\u00f1os de carrera.<\/p>\n","protected":false},"excerpt":{"rendered":"Ornella Vanoni muri\u00f3 a los 91 a\u00f1os. La m\u00edtica voz italiana que marc\u00f3 generaciones y vendi\u00f3 m\u00e1s de&hellip;\n","protected":false},"author":2,"featured_media":250595,"comment_status":"","ping_status":"","sticky":false,"template":"","format":"standard","meta":{"footnotes":""},"categories":[170],"tags":[146,147,25,24,184,185,23],"class_list":{"0":"post-250594","1":"post","2":"type-post","3":"status-publish","4":"format-standard","5":"has-post-thumbnail","7":"category-musica","8":"tag-entertainment","9":"tag-entretenimiento","10":"tag-es","11":"tag-espana","12":"tag-music","13":"tag-musica","14":"tag-spain"},"share_on_mastodon":{"url":"https:\/\/pubeurope.com\/@es\/115596177588763555","error":""},"_links":{"self":[{"href":"https:\/\/www.europesays.com\/es\/wp-json\/wp\/v2\/posts\/250594","targetHints":{"allow":["GET"]}}],"collection":[{"href":"https:\/\/www.europesays.com\/es\/wp-json\/wp\/v2\/posts"}],"about":[{"href":"https:\/\/www.europesays.com\/es\/wp-json\/wp\/v2\/types\/post"}],"author":[{"embeddable":true,"href":"https:\/\/www.europesays.com\/es\/wp-json\/wp\/v2\/users\/2"}],"replies":[{"embeddable":true,"href":"https:\/\/www.europesays.com\/es\/wp-json\/wp\/v2\/comments?post=250594"}],"version-history":[{"count":0,"href":"https:\/\/www.europesays.com\/es\/wp-json\/wp\/v2\/posts\/250594\/revisions"}],"wp:featuredmedia":[{"embeddable":true,"href":"https:\/\/www.europesays.com\/es\/wp-json\/wp\/v2\/media\/250595"}],"wp:attachment":[{"href":"https:\/\/www.europesays.com\/es\/wp-json\/wp\/v2\/media?parent=250594"}],"wp:term":[{"taxonomy":"category","embeddable":true,"href":"https:\/\/www.europesays.com\/es\/wp-json\/wp\/v2\/categories?post=250594"},{"taxonomy":"post_tag","embeddable":true,"href":"https:\/\/www.europesays.com\/es\/wp-json\/wp\/v2\/tags?post=250594"}],"curies":[{"name":"wp","href":"https:\/\/api.w.org\/{rel}","templated":true}]}}