{"id":250598,"date":"2025-11-23T00:29:18","date_gmt":"2025-11-23T00:29:18","guid":{"rendered":"https:\/\/www.europesays.com\/es\/250598\/"},"modified":"2025-11-23T00:29:18","modified_gmt":"2025-11-23T00:29:18","slug":"mas-del-50-de-los-espanoles-descuida-habitos-clave-para-la-salud-cerebral-como-el-sueno-la-dieta-o-el-ejercicio-fisico-y-mental-alerta-la-sociedad-espanola-de-neurologia","status":"publish","type":"post","link":"https:\/\/www.europesays.com\/es\/250598\/","title":{"rendered":"M\u00e1s del 50% de los espa\u00f1oles descuida h\u00e1bitos clave para la salud cerebral, como el sue\u00f1o, la dieta o el ejercicio f\u00edsico y mental, alerta la Sociedad Espa\u00f1ola de Neurolog\u00eda"},"content":{"rendered":"<p><img decoding=\"async\" src=\"https:\/\/www.europesays.com\/es\/wp-content\/uploads\/2025\/11\/pexels-olly-3767411-678x381.jpg\" alt=\"\" title=\"Dormir pexels-olly-3767411\"\/><\/p>\n<p>La Sociedad Espa\u00f1ola de Neurolog\u00eda (SEN) ha presentado en su 77\u00aa Reuni\u00f3n Anual los resultados de la \u201cEncuesta poblacional sobre h\u00e1bitos cerebro-saludables de la poblaci\u00f3n espa\u00f1ola\u201d, realizada con el objetivo de determinar las pr\u00e1cticas de la poblaci\u00f3n espa\u00f1ola que favorecen la salud cerebral y el grado de conocimiento que existe sobre las posibles medidas de prevenci\u00f3n de las enfermedades neurol\u00f3gicas.<\/p>\n<p>\u201cEsta encuesta, realizada a finales de 2024 entre m\u00e1s de 1.000 personas mayores de 18 a\u00f1os, y elegidas para que los resultados fueran extrapolables al conjunto de la poblaci\u00f3n espa\u00f1ola, muestran una realidad preocupante. Aunque la mayor\u00eda es conocedora de que los h\u00e1bitos saludables influyen en la salud cerebral, al ser preguntados por aspectos concretos -incluidos entre las diez principales recomendaciones que la SEN recoge en su \u201cDec\u00e1logo cerebro-saludable\u201d-, menos de la mitad de la poblaci\u00f3n espa\u00f1ola cumple con, pr\u00e1cticamente, cada uno de ellos. El estudio nos revela carencias importantes en aspectos como la actividad f\u00edsica, el descanso, la alimentaci\u00f3n, el control vascular o la estimulaci\u00f3n cognitiva, tan importantes para la salud de nuestro cerebro\u201d, \u00a0se\u00f1ala del Dr. Jes\u00fas Porta-Etessam, Presidente de la Sociedad Espa\u00f1ola de Neurolog\u00eda.<\/p>\n<p><strong>Dec\u00e1logo cerebro-saludable de la SEN vs h\u00e1bitos saludables de la poblaci\u00f3n espa\u00f1ola<\/strong><\/p>\n<p>Una de las principales recomendaciones de la SEN para cuidar la salud cerebral es realizar actividades que estimulen la actividad cerebral y cognitiva. Sin embargo, m\u00e1s del 35% de los encuestados dedica poco o ning\u00fan tiempo semanal a actividades como leer, hacer crucigramas, participar en juegos de mesa, pintar, realizar manualidades,\u2026. Adem\u00e1s el 60% de los entrevistados no ha aprendido nada nuevo en el \u00faltimo a\u00f1o y m\u00e1s de la mitad afirma leer menos de tres libros al a\u00f1o.<\/p>\n<p>\u201cEvitar el sobrepeso y realizar alg\u00fan tipo de actividad f\u00edsica de forma regular, es otra de las principales recomendaciones para tener un cerebro sano. Pero menos de un 37% realiza ejercicio f\u00edsico de forma regular (al menos tres horas semanales) y casi la mitad declara pasar m\u00e1s de seis horas diarias sentada, especialmente los adultos j\u00f3venes\u201d, comenta el Dr. Javier Cami\u00f1a, Vocal de la Sociedad Espa\u00f1ola de Neurolog\u00eda. \u201cPor otra parte, evitar t\u00f3xicos como el alcohol, el tabaco y asi como otros tipo de drogas tambi\u00e9n es fundamental para una buena salud cerebral. Pero un 11% de los participantes en nuestro estudio consume alcohol casi a diario y un 15% fuma a diario y, entre los fumadores activos, m\u00e1s del 80% lo son desde hace m\u00e1s de una d\u00e9cada\u201d.<\/p>\n<p>El control de factores de riesgo vascular, como la tensi\u00f3n arterial, la diabetes o la hiperglucemia es relevante porque son el principal factor de riesgo de algunas enfermedades neurol\u00f3gicas. Pero la encuesta ha detectado un escaso control de estos factores: solo el 51% realiza an\u00e1lisis preventivos anuales y m\u00e1s del 40% no controla su tensi\u00f3n arterial de forma habitual.<\/p>\n<p>Potenciar las relaciones sociales y afectivas evitando la incomunicaci\u00f3n y el aislamiento social, es otra de las principales recomendaciones de la SEN porque son factores de riesgo para desarrollar deterioro cognitivo en el futuro. Seg\u00fan datos de este estudio, el 10% se siente solo de forma habitual y un 12% presenta aislamiento parcial o total. Los j\u00f3venes son el grupo que m\u00e1s refiere soledad.<\/p>\n<p>\u201cOtra de las recomendaciones de la SEN es tratar de seguir una dieta equilibrada y aunque el 79% de los entrevistados considera que su dieta es saludable, casi la mitad no consume la fruta diaria recomendada, un tercio apenas ingiere verduras y la mitad no alcanza las raciones semanales recomendadas de pescado. Adem\u00e1s, un 24% consume boller\u00eda y productos azucaradas a diario\u201d, se\u00f1ala el Dr. Javier Cami\u00f1a.<\/p>\n<p>Un sue\u00f1o de calidad es fundamental para la salud del cerebro, pero m\u00e1s de la mitad de los entrevistados duerme menos de siete horas diarias y un 50% no logra un descanso reparador. Las mujeres son quienes peor calidad de sue\u00f1o perciben.<\/p>\n<p>Por otra parte, la moderaci\u00f3n en el uso de Internet, redes sociales y pantallas es tambi\u00e9n importante porque su uso excesivo reduce la capacidad de concentraci\u00f3n, atenci\u00f3n y aprendizaje y, su uso nocturno, genera mayor dificultad para conciliar y mantener el sue\u00f1o. Adem\u00e1s, se ha relacionado con el desarrollo de problemas mentales, sobre todo entre la poblaci\u00f3n joven. Pero m\u00e1s del 63% dedica m\u00e1s de dos horas diarias a ver televisi\u00f3n y un 70% pasa m\u00e1s de media hora al d\u00eda en redes sociales, especialmente los j\u00f3venes: casi el 90% de las personas entre 18 y 34 a\u00f1os dedican m\u00e1s de 2 horas diarias a interactuar en redes sociales.<\/p>\n<p>\u201cY la encuesta tambi\u00e9n ha detectado otros problemas. Por ejemplo, que la protecci\u00f3n f\u00edsica del cerebro es deficiente, porque solo el 47,5% de los usuarios de bicicleta o patinete utiliza casco de forma habitual. O que un porcentaje destacable de la poblaci\u00f3n tiene problemas emocionales: por ejemplo, un 10% de los entrevistados afirman sentirse tristes o descontentos de manera constante, especialmente mujeres y j\u00f3venes\u201d, explica el Dr. Javier Cami\u00f1a.<\/p>\n<p><strong>Conocimiento limitado sobre prevenci\u00f3n neurol\u00f3gica<\/strong><\/p>\n<p>Aunque el 85% de los encuestados cree que una buena salud cerebral reduce el riesgo de enfermedades neurol\u00f3gicas y que m\u00e1s del 90% de los encuestados teme padecer alguna enfermedad neurol\u00f3gica en el futuro, el 44% reconoce no saber con claridad qu\u00e9 h\u00e1bitos son realmente buenos para el cerebro, a pesar de que muchas enfermedades neurol\u00f3gicas son prevenibles.<\/p>\n<p>\u201cResulta tambi\u00e9n rese\u00f1able que cuando preguntamos sobre qu\u00e9 enfermedades, en general, les genera m\u00e1s preocupaci\u00f3n por desarrollarlas en un futuro, la mitad de las diez enfermedades m\u00e1s se\u00f1aladas por los encuestados son enfermedades neurol\u00f3gicas y, adem\u00e1s, figuran en los primeros puestos: Alzheimer u otras demencias es la m\u00e1s citada; \u00a0ictus, la tercera; \u00a0Parkinson, la cuarta; ELA , la quinta;\u00a0 y esclerosis m\u00faltiple, la octava\u201d, destaca el Dr. Javier Cami\u00f1a. \u201cPor otra parte, el estudio tambi\u00e9n muestra una percepci\u00f3n err\u00f3nea sobre el peso real que tienen las enfermedades neurol\u00f3gicas en la mortalidad espa\u00f1ola. Sobre todo en el caso de la mortalidad femenina, donde la gran mayor\u00eda apunta al c\u00e1ncer o al infarto de miocardio como principal causa de mortalidad de las mujeres espa\u00f1olas, cuando en realidad son el Alzheimer y el ictus, seg\u00fan datos del Instituto Nacional de Estad\u00edstica\u201d. <\/p>\n<p><strong>Una llamada a la acci\u00f3n<\/strong><\/p>\n<p>La Sociedad Espa\u00f1ola de Neurolog\u00eda (SEN) recuerda que m\u00e1s del 90% de los ictus y hasta el 40% de los casos de Alzheimer podr\u00edan prevenirse adoptando h\u00e1bitos cerebro-saludables, como la pr\u00e1ctica regular de ejercicio, una dieta mediterr\u00e1nea, el control de la tensi\u00f3n arterial y el mantenimiento de una vida social y cognitiva activa. \u201dTratar de fomentar la salud cerebral es una l\u00ednea fundamental en muchos proyectos sanitarios en el mundo. Teniendo en cuenta que la prevalencia de las enfermedades neurol\u00f3gicas va en aumento, debido al envejecimiento poblacional, y que en Espa\u00f1a tenemos una prevalencia un 1,7% mayor de enfermedades neurol\u00f3gicas respecto a otros pa\u00edses europeos, la prevenci\u00f3n se transforma en una necesidad porque es la herramienta m\u00e1s poderosa que tenemos para reducir la carga de enfermedades neurol\u00f3gicas en la poblaci\u00f3n\u201d, comenta el Dr. Jes\u00fas Porta-Etessam.<\/p>\n<p>Las enfermedades neurol\u00f3gicas son la principal causa de discapacidad en el mundo y la segunda causa de muerte. Adem\u00e1s, en los \u00faltimos 30 a\u00f1os, el n\u00famero de muertes por trastornos neurol\u00f3gicos ha aumentado un 40%. En Espa\u00f1a, las enfermedades neurol\u00f3gicas afectan a m\u00e1s de 23 millones de personas y, los costes directos de las enfermedades neurol\u00f3gicas en Europa son superiores a los costes del c\u00e1ncer, las enfermedades cardiovasculares y la diabetes juntos.<\/p>\n<p>Por esa raz\u00f3n desde la SEN se insiste en alertar sobre la necesidad de promover la educaci\u00f3n en salud cerebral desde la infancia para adoptar h\u00e1bitos cerebro-saludables que ayuden a prevenir enfermedades neurol\u00f3gicas en el futuro, as\u00ed como planes y campa\u00f1as para fomentar h\u00e1bitos saludables en la poblaci\u00f3n.\u00a0 Se pueden consultar los resultados completos de la \u201cEncuesta poblacional sobre h\u00e1bitos cerebro-saludables de la poblaci\u00f3n espa\u00f1ola\u201d y las recomendaciones de la SEN en: <a href=\"https:\/\/sen.us20.list-manage.com\/track\/click?u=1b0de058ed4640f2752895dae&amp;id=9f28b35db4&amp;e=287acf93ba\" rel=\"nofollow noopener\" target=\"_blank\">www.sen.es<\/a><\/p>\n<p>\t<a class=\"mh-facebook\" href=\"#\" onclick=\"window.open('https:\/\/www.facebook.com\/sharer.php?u=https%3A%2F%2Fwww.noroestemadrid.com%2F2025%2F11%2Fmas-del-50-de-los-espanoles-descuida-habitos-clave-para-la-salud-cerebral-como-el-sueno-la-dieta-o-el-ejercicio-fisico-y-mental-alerta-la-sociedad-espanola-de-neurologia%2F&amp;t=M%C3%A1s+del+50%25+de+los+espa%C3%B1oles+descuida+h%C3%A1bitos+clave+para+la+salud+cerebral%2C+como+el+sue%C3%B1o%2C+la+dieta+o+el+ejercicio+f%C3%ADsico+y+mental%2C+alerta+la+Sociedad+Espa%C3%B1ola+de+Neurolog%C3%ADa', 'facebookShare', 'width=626,height=436'); return false;\" title=\"Share on Facebook\"><\/p>\n<p>\t<\/a><br \/>\n\t<a class=\"mh-twitter\" href=\"#\" onclick=\"window.open('https:\/\/twitter.com\/share?text=M%C3%A1s+del+50%25+de+los+espa%C3%B1oles+descuida+h%C3%A1bitos+clave+para+la+salud+cerebral%2C+como+el+sue%C3%B1o%2C+la+dieta+o+el+ejercicio+f%C3%ADsico+y+mental%2C+alerta+la+Sociedad+Espa%C3%B1ola+de+Neurolog%C3%ADa:&amp;url=https%3A%2F%2Fwww.noroestemadrid.com%2F2025%2F11%2Fmas-del-50-de-los-espanoles-descuida-habitos-clave-para-la-salud-cerebral-como-el-sueno-la-dieta-o-el-ejercicio-fisico-y-mental-alerta-la-sociedad-espanola-de-neurologia%2F', 'twitterShare', 'width=626,height=436'); return false;\" title=\"Tweet This Post\"><\/p>\n<p>\t<\/a><br \/>\n\t<a class=\"mh-linkedin\" href=\"#\" onclick=\"window.open('https:\/\/www.linkedin.com\/shareArticle?mini=true&amp;url=https%3A%2F%2Fwww.noroestemadrid.com%2F2025%2F11%2Fmas-del-50-de-los-espanoles-descuida-habitos-clave-para-la-salud-cerebral-como-el-sueno-la-dieta-o-el-ejercicio-fisico-y-mental-alerta-la-sociedad-espanola-de-neurologia%2F&amp;source=\" return=\"\" false=\"\" title=\"Share on LinkedIn\"><\/p>\n<p>\t<\/a><br \/>\n\t<a class=\"mh-pinterest\" href=\"#\" onclick=\"window.open('https:\/\/pinterest.com\/pin\/create\/button\/?url=https%3A%2F%2Fwww.noroestemadrid.com%2F2025%2F11%2Fmas-del-50-de-los-espanoles-descuida-habitos-clave-para-la-salud-cerebral-como-el-sueno-la-dieta-o-el-ejercicio-fisico-y-mental-alerta-la-sociedad-espanola-de-neurologia%2F&amp;media=https:\/\/www.noroestemadrid.com\/wp-content\/uploads\/2025\/11\/pexels-olly-3767411.jpg&amp;description=M%C3%A1s+del+50%25+de+los+espa%C3%B1oles+descuida+h%C3%A1bitos+clave+para+la+salud+cerebral%2C+como+el+sue%C3%B1o%2C+la+dieta+o+el+ejercicio+f%C3%ADsico+y+mental%2C+alerta+la+Sociedad+Espa%C3%B1ola+de+Neurolog%C3%ADa', 'pinterestShare', 'width=750,height=350'); return false;\" title=\"Pin This Post\"><\/p>\n<p>\t<\/a><br \/>\n\t<a class=\"mh-email\" href=\"mailto:?subject=M%C3%A1s%20del%2050%25%20de%20los%20espa%C3%B1oles%20descuida%20h%C3%A1bitos%20clave%20para%20la%20salud%20cerebral%2C%20como%20el%20sue%C3%B1o%2C%20la%20dieta%20o%20el%20ejercicio%20f%C3%ADsico%20y%20mental%2C%20alerta%20la%20Sociedad%20Espa%C3%B1ola%20de%20Neurolog%C3%ADa&amp;body=https%3A%2F%2Fwww.noroestemadrid.com%2F2025%2F11%2Fmas-del-50-de-los-espanoles-descuida-habitos-clave-para-la-salud-cerebral-como-el-sueno-la-dieta-o-el-ejercicio-fisico-y-mental-alerta-la-sociedad-espanola-de-neurologia%2F\" title=\"Send this article to a friend\" target=\"_blank\"><\/p>\n<p>\t<\/a><br \/>\n\t<a class=\"mh-print\" href=\"https:\/\/www.noroestemadrid.com\/2025\/11\/mas-del-50-de-los-espanoles-descuida-habitos-clave-para-la-salud-cerebral-como-el-sueno-la-dieta-o-el-ejercicio-fisico-y-mental-alerta-la-sociedad-espanola-de-neurologia\/javascript:window.print()\" title=\"Print this article\" rel=\"nofollow noopener\" target=\"_blank\"><\/p>\n<p>\t<\/a><br \/>\n    <a class=\"mh-whatsapp\" href=\"#\" onclick=\"window.open('https:\/\/api.whatsapp.com\/send?phone={phone_number}&amp;text=M%C3%A1s+del+50%25+de+los+espa%C3%B1oles+descuida+h%C3%A1bitos+clave+para+la+salud+cerebral%2C+como+el+sue%C3%B1o%2C+la+dieta+o+el+ejercicio+f%C3%ADsico+y+mental%2C+alerta+la+Sociedad+Espa%C3%B1ola+de+Neurolog%C3%ADa:&amp;url=https%3A%2F%2Fwww.noroestemadrid.com%2F2025%2F11%2Fmas-del-50-de-los-espanoles-descuida-habitos-clave-para-la-salud-cerebral-como-el-sueno-la-dieta-o-el-ejercicio-fisico-y-mental-alerta-la-sociedad-espanola-de-neurologia%2F', 'whatsappShare', 'width=626,height=436'); return false;\" title=\"Share on Whatsapp\"><\/p>\n<p>    <\/a><br \/>\n\t<a class=\"mh-mastodon\" href=\"#\" onclick=\"window.open('https:\/\/mastodonshare.com\/share?text=M%C3%A1s+del+50%25+de+los+espa%C3%B1oles+descuida+h%C3%A1bitos+clave+para+la+salud+cerebral%2C+como+el+sue%C3%B1o%2C+la+dieta+o+el+ejercicio+f%C3%ADsico+y+mental%2C+alerta+la+Sociedad+Espa%C3%B1ola+de+Neurolog%C3%ADa:&amp;url=https%3A%2F%2Fwww.noroestemadrid.com%2F2025%2F11%2Fmas-del-50-de-los-espanoles-descuida-habitos-clave-para-la-salud-cerebral-como-el-sueno-la-dieta-o-el-ejercicio-fisico-y-mental-alerta-la-sociedad-espanola-de-neurologia%2F', 'mustodonShare', 'width=626,height=436'); return false;\" title=\"Share On Mastodon\"><\/p>\n<p>\t\t\t<img decoding=\"async\" src=\"https:\/\/www.europesays.com\/es\/wp-content\/uploads\/2025\/08\/mostadon-logo.png\" height=\"25px\" width=\"20px\"\/><\/p>\n<p>\t<\/a><\/p>\n<p>\t<script async src=\"https:\/\/platform.twitter.com\/widgets.js\" charset=\"utf-8\"><\/script><\/p>\n","protected":false},"excerpt":{"rendered":"La Sociedad Espa\u00f1ola de Neurolog\u00eda (SEN) ha presentado en su 77\u00aa Reuni\u00f3n Anual los resultados de la \u201cEncuesta&hellip;\n","protected":false},"author":2,"featured_media":250599,"comment_status":"","ping_status":"","sticky":false,"template":"","format":"standard","meta":{"footnotes":""},"categories":[92],"tags":[25,24,165,166,23],"class_list":{"0":"post-250598","1":"post","2":"type-post","3":"status-publish","4":"format-standard","5":"has-post-thumbnail","7":"category-salud","8":"tag-es","9":"tag-espana","10":"tag-health","11":"tag-salud","12":"tag-spain"},"share_on_mastodon":{"url":"https:\/\/pubeurope.com\/@es\/115596189708715337","error":""},"_links":{"self":[{"href":"https:\/\/www.europesays.com\/es\/wp-json\/wp\/v2\/posts\/250598","targetHints":{"allow":["GET"]}}],"collection":[{"href":"https:\/\/www.europesays.com\/es\/wp-json\/wp\/v2\/posts"}],"about":[{"href":"https:\/\/www.europesays.com\/es\/wp-json\/wp\/v2\/types\/post"}],"author":[{"embeddable":true,"href":"https:\/\/www.europesays.com\/es\/wp-json\/wp\/v2\/users\/2"}],"replies":[{"embeddable":true,"href":"https:\/\/www.europesays.com\/es\/wp-json\/wp\/v2\/comments?post=250598"}],"version-history":[{"count":0,"href":"https:\/\/www.europesays.com\/es\/wp-json\/wp\/v2\/posts\/250598\/revisions"}],"wp:featuredmedia":[{"embeddable":true,"href":"https:\/\/www.europesays.com\/es\/wp-json\/wp\/v2\/media\/250599"}],"wp:attachment":[{"href":"https:\/\/www.europesays.com\/es\/wp-json\/wp\/v2\/media?parent=250598"}],"wp:term":[{"taxonomy":"category","embeddable":true,"href":"https:\/\/www.europesays.com\/es\/wp-json\/wp\/v2\/categories?post=250598"},{"taxonomy":"post_tag","embeddable":true,"href":"https:\/\/www.europesays.com\/es\/wp-json\/wp\/v2\/tags?post=250598"}],"curies":[{"name":"wp","href":"https:\/\/api.w.org\/{rel}","templated":true}]}}