{"id":2506,"date":"2025-07-25T15:32:09","date_gmt":"2025-07-25T15:32:09","guid":{"rendered":"https:\/\/www.europesays.com\/es\/2506\/"},"modified":"2025-07-25T15:32:09","modified_gmt":"2025-07-25T15:32:09","slug":"anaitasuna-ficha-al-venezolano-jose-palacios","status":"publish","type":"post","link":"https:\/\/www.europesays.com\/es\/2506\/","title":{"rendered":"Anaitasuna ficha al venezolano Jos\u00e9 Palacios"},"content":{"rendered":"<p>\n        <a href=\"https:\/\/www.noticiasdenavarra.com\/tags\/anaitasuna\/\" title=\"Anaitasuna\" target=\"_blank\" class=\"link copy\" rel=\"nofollow noopener\">Anaitasuna <\/a>ha alcanzado un acuerdo con <strong>Jos\u00e9 Palacios<\/strong> hasta el 30 de junio de 2026. El lateral derecho, que en los pr\u00f3ximos d\u00edas ser\u00e1 presentado como nuevo jugador verde, llega sin coste de traspaso tras finalizar su relaci\u00f3n contractual con el <strong>Balonmano Guadalajara<\/strong>.\n<\/p>\n<p>  Trayectoria<\/p>\n<p class=\"article-body__text \">\n        Jos\u00e9 Gregorio Palacios Chacha (15 de diciembre de 1994; Caracas, Venezuela) es un lateral derecho de gran envergadura,\u00a0192 cent\u00edmetros, que posee un poderoso lanzamiento exterior y un potencial f\u00edsico, con una fuerza que le permite fintar y defender con garant\u00edas. El jugador se form\u00f3 en las\u00a0categor\u00edas inferiores del Distrito Capital, club\u00a0de su localidad natal. Su sobresaliente rendimiento le sirvi\u00f3 para dar el salto al balonmano espa\u00f1ol en la temporada 2018\/19, cuando el Balonmano Benidorm adquiri\u00f3 sus servicios. Un a\u00f1o despu\u00e9s, el jugador fich\u00f3 por el Bar\u00e7a para formar parte de la plantilla del filial blaugrana.\n<\/p>\n<p class=\"article-body__text \">\n        El lateral derecho tambi\u00e9n ha vestido las camisetas de Alarcos, Caser\u00edo, con el que se consagr\u00f3 como uno de los mejores primeras l\u00edneas de la categor\u00eda de plata, y Balonmano Guadalajara, donde realiz\u00f3 su debut en la Liga Asobal. Ahora, Jos\u00e9 Palacios llega a Anaitasuna con el objetivo de ofrecer su mejor versi\u00f3n y reforzar al equipo en su lucha por ascender a la Liga Asobal.<\/p>\n","protected":false},"excerpt":{"rendered":"Anaitasuna ha alcanzado un acuerdo con Jos\u00e9 Palacios hasta el 30 de junio de 2026. El lateral derecho,&hellip;\n","protected":false},"author":2,"featured_media":2507,"comment_status":"","ping_status":"","sticky":false,"template":"","format":"standard","meta":{"footnotes":""},"categories":[278],"tags":[2617,376,168,25,24,1750,375,2467,2619,23,167,2618],"class_list":{"0":"post-2506","1":"post","2":"type-post","3":"status-publish","4":"format-standard","5":"has-post-thumbnail","7":"category-balonmano","8":"tag-anaitasuna","9":"tag-balonmano","10":"tag-deportes","11":"tag-es","12":"tag-espana","13":"tag-ficha","14":"tag-handball","15":"tag-jose","16":"tag-palacios","17":"tag-spain","18":"tag-sports","19":"tag-venezolano"},"share_on_mastodon":{"url":"","error":""},"_links":{"self":[{"href":"https:\/\/www.europesays.com\/es\/wp-json\/wp\/v2\/posts\/2506","targetHints":{"allow":["GET"]}}],"collection":[{"href":"https:\/\/www.europesays.com\/es\/wp-json\/wp\/v2\/posts"}],"about":[{"href":"https:\/\/www.europesays.com\/es\/wp-json\/wp\/v2\/types\/post"}],"author":[{"embeddable":true,"href":"https:\/\/www.europesays.com\/es\/wp-json\/wp\/v2\/users\/2"}],"replies":[{"embeddable":true,"href":"https:\/\/www.europesays.com\/es\/wp-json\/wp\/v2\/comments?post=2506"}],"version-history":[{"count":0,"href":"https:\/\/www.europesays.com\/es\/wp-json\/wp\/v2\/posts\/2506\/revisions"}],"wp:featuredmedia":[{"embeddable":true,"href":"https:\/\/www.europesays.com\/es\/wp-json\/wp\/v2\/media\/2507"}],"wp:attachment":[{"href":"https:\/\/www.europesays.com\/es\/wp-json\/wp\/v2\/media?parent=2506"}],"wp:term":[{"taxonomy":"category","embeddable":true,"href":"https:\/\/www.europesays.com\/es\/wp-json\/wp\/v2\/categories?post=2506"},{"taxonomy":"post_tag","embeddable":true,"href":"https:\/\/www.europesays.com\/es\/wp-json\/wp\/v2\/tags?post=2506"}],"curies":[{"name":"wp","href":"https:\/\/api.w.org\/{rel}","templated":true}]}}