{"id":250600,"date":"2025-11-23T00:30:21","date_gmt":"2025-11-23T00:30:21","guid":{"rendered":"https:\/\/www.europesays.com\/es\/250600\/"},"modified":"2025-11-23T00:30:21","modified_gmt":"2025-11-23T00:30:21","slug":"boicot-de-la-escena-vasca-a-spotify","status":"publish","type":"post","link":"https:\/\/www.europesays.com\/es\/250600\/","title":{"rendered":"Boicot de la escena vasca a Spotify"},"content":{"rendered":"<p>                    <strong>M\u00e1s de 160 bandas vascas<\/strong> han retirado su m\u00fasica de la plataforma musical en protesta por las inversiones de su due\u00f1o en empresas armament\u00edsticas.<\/p>\n<p>M\u00e1s de 160 formaciones musicales de Euskal Herria, junto a cerca de 650 artistas, han emprendido un boicot contra Spotify retirando sus canciones de la plataforma. La decisi\u00f3n surge a ra\u00edz de las inversiones del propietario de la compa\u00f1\u00eda, Daniel Ek, en una firma vinculada al desarrollo de tecnolog\u00eda militar (incluidos drones), una noticia que para muchas y muchos m\u00fasicos supuso un punto de no retorno.<\/p>\n<p>La iniciativa, agrupada bajo el nombre <a href=\"https:\/\/www.instagram.com\/musikariakpalestinarekin\/\" target=\"_blank\" rel=\"noopener nofollow\"><strong>Musikariak Palestinarekin<\/strong><\/a>, se dio a conocer recientemente en la librer\u00eda Katakrak de Iru\u00f1a-Pamplona. Sus impulsores recordaron que han pasado m\u00e1s de dos a\u00f1os desde que Israel intensific\u00f3 la ocupaci\u00f3n sobre Palestina, un escenario que, denuncian, se ha convertido en un trasfondo normalizado a pesar de la violencia que implica. En ese contexto, la apuesta econ\u00f3mica de Daniel Ek por la industria armament\u00edstica reforz\u00f3 en el colectivo la necesidad de posicionarse.<\/p>\n<p>El movimiento comenz\u00f3 de forma discreta a comienzos de agosto, impulsado por integrantes de un par de grupos. Con el paso de las semanas organizaron un n\u00facleo motor y fueron ampliando la red mediante contactos personales, reuniones informales y un flujo constante de llamadas y correos. Aunque reconocen que surgieron dudas y temores, tambi\u00e9n afirman que encontraron entusiasmo y apoyo, elementos que han dado sentido a la creaci\u00f3n de una estructura colaborativa. De siete personas en verano han pasado a cientos en apenas unos meses.<\/p>\n<p>Aun as\u00ed, se\u00f1alan que su crecimiento no ha terminado y animan a quienes quieran sumarse a hacerlo sin reservas. Subrayan que el colectivo no pretende erigirse en juez moral ni se\u00f1alar a compa\u00f1eras o compa\u00f1eros del sector, ya que cada proyecto musical tiene circunstancias propias. Su objetivo, dicen, es mostrar que, del mismo modo que la plataforma apenas repara en la m\u00fasica local, quienes conforman la escena vasca pueden decidir prescindir de ella. Reconocen que el impacto econ\u00f3mico de su gesto ser\u00e1 limitado dada la magnitud de la empresa, pero insisten en que la fuerza del boicot reside en el mensaje pol\u00edtico y cultural que transmite. En estos meses, la m\u00fasica de bandas como <strong>Glaukoma<\/strong>, <strong>Nakar<\/strong>, <strong>Kortatu<\/strong>, <strong>Negu Gorriak<\/strong>, <strong>La Furia<\/strong>, <strong>Mursego<\/strong> o <strong>Jon Maia<\/strong>, ha sido retirada de la plataforma, reforzando la idea de que la creaci\u00f3n art\u00edstica vasca mantiene una tradici\u00f3n de compromiso social y solidaridad internacional.<\/p>\n<p>Spotify, por su parte, ha respondido asegurando que la compa\u00f1\u00eda armament\u00edstica en cuesti\u00f3n opera de manera independiente y que la plataforma no tiene relaci\u00f3n con el conflicto en Gaza. Sin embargo, para quienes impulsan <strong>Musikariak Palestinarekin<\/strong>, el debate no se reduce a cuestiones legales: consideran que las fronteras entre tecnolog\u00eda civil y militar son cada vez m\u00e1s difusas y que una empresa cultural debe asumir las implicaciones \u00e9ticas de las inversiones de su m\u00e1ximo responsable.<\/p>\n<p>                <script async src=\"\/\/www.instagram.com\/embed.js\"><\/script><\/p>\n","protected":false},"excerpt":{"rendered":"M\u00e1s de 160 bandas vascas han retirado su m\u00fasica de la plataforma musical en protesta por las inversiones&hellip;\n","protected":false},"author":2,"featured_media":250601,"comment_status":"","ping_status":"","sticky":false,"template":"","format":"standard","meta":{"footnotes":""},"categories":[91],"tags":[146,147,25,24,23],"class_list":{"0":"post-250600","1":"post","2":"type-post","3":"status-publish","4":"format-standard","5":"has-post-thumbnail","7":"category-entretenimiento","8":"tag-entertainment","9":"tag-entretenimiento","10":"tag-es","11":"tag-espana","12":"tag-spain"},"share_on_mastodon":{"url":"https:\/\/pubeurope.com\/@es\/115596193066006321","error":""},"_links":{"self":[{"href":"https:\/\/www.europesays.com\/es\/wp-json\/wp\/v2\/posts\/250600","targetHints":{"allow":["GET"]}}],"collection":[{"href":"https:\/\/www.europesays.com\/es\/wp-json\/wp\/v2\/posts"}],"about":[{"href":"https:\/\/www.europesays.com\/es\/wp-json\/wp\/v2\/types\/post"}],"author":[{"embeddable":true,"href":"https:\/\/www.europesays.com\/es\/wp-json\/wp\/v2\/users\/2"}],"replies":[{"embeddable":true,"href":"https:\/\/www.europesays.com\/es\/wp-json\/wp\/v2\/comments?post=250600"}],"version-history":[{"count":0,"href":"https:\/\/www.europesays.com\/es\/wp-json\/wp\/v2\/posts\/250600\/revisions"}],"wp:featuredmedia":[{"embeddable":true,"href":"https:\/\/www.europesays.com\/es\/wp-json\/wp\/v2\/media\/250601"}],"wp:attachment":[{"href":"https:\/\/www.europesays.com\/es\/wp-json\/wp\/v2\/media?parent=250600"}],"wp:term":[{"taxonomy":"category","embeddable":true,"href":"https:\/\/www.europesays.com\/es\/wp-json\/wp\/v2\/categories?post=250600"},{"taxonomy":"post_tag","embeddable":true,"href":"https:\/\/www.europesays.com\/es\/wp-json\/wp\/v2\/tags?post=250600"}],"curies":[{"name":"wp","href":"https:\/\/api.w.org\/{rel}","templated":true}]}}