{"id":250604,"date":"2025-11-23T00:32:09","date_gmt":"2025-11-23T00:32:09","guid":{"rendered":"https:\/\/www.europesays.com\/es\/250604\/"},"modified":"2025-11-23T00:32:09","modified_gmt":"2025-11-23T00:32:09","slug":"arrancan-las-negociaciones-del-metal-de-bizkaia-uno-de-los-mas-importantes-en-la-industria-en-medio-del-debate-sobre-los-salarios-minimos","status":"publish","type":"post","link":"https:\/\/www.europesays.com\/es\/250604\/","title":{"rendered":"Arrancan las negociaciones del Metal de Bizkaia, uno de los m\u00e1s importantes en la industria, en medio del debate sobre los salarios m\u00ednimos"},"content":{"rendered":"<p class=\"article-text\">\n        El Metal de Bizkaia arranca este mi\u00e9rcoles d\u00eda 26 las negociaciones del pr\u00f3ximo convenio. Se trata de uno de los m\u00e1s importantes del sector industrial por el volumen de trabajadores a los que afecta, m\u00e1s de 50.000, por la importancia de la metalurgia en la econom\u00eda vasca, y porque suele servir de elemento tractor para las negociaciones de otros sectores industriales. Este a\u00f1o se pondr\u00e1 especialmente el foco en estas negociaciones porque vendr\u00e1n condicionadas por un enrarecimiento de las, ya de por s\u00ed complicadas, relaciones entre sindicatos y patronal, con la negativa de Confebask a sentarse a negociar los salarios m\u00ednimos de convenio en el centro.\n    <\/p>\n<p>    <a href=\"https:\/\/www.eldiario.es\/euskadi\/gobierno-vasco-dice-obras-vertedero-artxanda-evolucionan-vigila-cerca-cinco-inspecciones-seis-meses_1_12788321.html\" data-mrf-recirculation=\"saber-mas\" data-dl-event=\"saber-mas\" rel=\"nofollow noopener\" target=\"_blank\"><\/p>\n<p class=\"know-more__title\">El Gobierno vasco dice que las obras del vertedero de Artxanda evolucionan bien y que las vigila de cerca: cinco inspecciones en seis meses<\/p>\n<p>            <img decoding=\"async\" class=\"lazy\" loading=\"lazy\" data-src=\"https:\/\/static.eldiario.es\/clip\/fbd76c60-93a3-4225-a45e-2b0c87a27d64_16-9-aspect-ratio_default_0.jpg\" src=\"data:image\/svg+xml,%3Csvg xmlns=\" http:=\"\" viewbox=\"0 0 880 495\" alt=\"El Gobierno vasco dice que las obras del vertedero de Artxanda evolucionan bien y que las vigila de cerca: cinco inspecciones en seis meses\"\/><\/p>\n<p>                        <\/a><\/p>\n<p class=\"article-text\">\n        LAB ya ha adelantado que la negociaci\u00f3n va a ser \u201cdura\u201d y que \u201chabr\u00e1 intentos de poner frenos, de alargar los tiempos, de generar dudas y dividir\u201d, pero han advertido de que el objetivo es conseguir un \u201cconvenio fuerte\u201d, por lo que han pedido \u201cresponsabilidad a todas las partes\u201d que participar\u00e1n en la negociaci\u00f3n para que \u201cest\u00e9n a la altura del momento\u201d.\n    <\/p>\n<p class=\"article-text\">\n        La negociaci\u00f3n arrancar\u00e1 menos de una semana despu\u00e9s de que<a href=\"https:\/\/www.eldiario.es\/euskadi\/ela-lab-presentaran-forma-inminente-demanda-confebask-forzar-negociacion-smi_1_12778184.html\" data-mrf-recirculation=\"links-noticia\" class=\"link\" rel=\"nofollow noopener\" target=\"_blank\"> ELA y LAB hayan planteado una demanda ante el Tribunal Superior de Justica contra Confebask<\/a> -lo han hecho este pasado viernes- para forzar a los empresarios a negociar el salario m\u00ednimo de convenio de forma que sea m\u00e1s elevado que en el resto del Estado. Aunque en el caso del convenio del Metal de Bizkaia los m\u00ednimos est\u00e1n por encima del Salario M\u00ednimo Interprofesional, la base de la negociaci\u00f3n ser\u00e1 intentar llevar a los salarios al alza. \u201cEste es un convenio de gran importancia, no solo por la cantidad de personas a las que afecta, sino tambi\u00e9n porque fija las condiciones m\u00ednimas de la metalurgia, un pilar de la industria vizca\u00edna\u201d, se\u00f1alan.  Con este convenio se fijan las condiciones m\u00ednimas para todas las empresas del sector. Y esto es muy importante sobre todo para las empresas peque\u00f1as, ya que las grandes suelen tener convenios propios que mejoran las condiciones del acuerdo base.\n    <\/p>\n<p class=\"article-text\">\n        El convenio que finaliza este a\u00f1o, que se suscribi\u00f3 en 2022, <a href=\"https:\/\/www.eldiario.es\/euskadi\/luz-verde-convenio-metal-bizkaia-subira-sueldo-trabajadores-15-cuatro-anos_1_9916376.html\" data-mrf-recirculation=\"links-noticia\" class=\"link\" rel=\"nofollow noopener\" target=\"_blank\">estableci\u00f3 una subida fija del 15% para todo el periodo<\/a>, aunque con cl\u00e1usula de revisi\u00f3n del IPC al finalizar de la vigencia. Tambi\u00e9n incluy\u00f3 la subrogaci\u00f3n para personal de instalaciones y mantenimientos de l\u00edneas telef\u00f3nicas y fibra \u00f3ptica, inicio de permisos y licencias en d\u00eda laborable y el disfrute a lo que marque la jurisprudencia. Tambi\u00e9n incluye mejoras hasta los 28.000 euros en los seguros de incapacidad y muerte por accidente, inclusi\u00f3n de personas LGTBI+ en protocolos de acoso y ocho horas de libre disposici\u00f3n, cuatro de ellas de car\u00e1cter no recuperable.\n    <\/p>\n<p>    <a href=\"https:\/\/www.eldiario.es\/euskadi\/metal-bizkaia-prueba-fuerzas-imponer-subidas-ipc-parando-grandes-empresas_1_9660604.html\" data-mrf-recirculation=\"saber-mas-abajo\" data-dl-event=\"saber-mas-abajo\" rel=\"nofollow noopener\" target=\"_blank\"><\/p>\n<p class=\"know-more__title\">El Metal de Bizkaia prueba sus fuerzas para imponer subidas del IPC parando a las grandes empresas<\/p>\n<p>            <img decoding=\"async\" class=\"lazy\" loading=\"lazy\" data-src=\"https:\/\/static.eldiario.es\/clip\/f1acca29-4ab9-4b2d-8c4b-d99268aca341_16-9-aspect-ratio_default_0.jpg\" src=\"data:image\/svg+xml,%3Csvg xmlns=\" http:=\"\" viewbox=\"0 0 880 495\" alt=\"El Metal de Bizkaia prueba sus fuerzas para imponer subidas del IPC parando a las grandes empresas\"\/><\/p>\n<p>                        <\/a><\/p>\n<p class=\"article-text\">\n        El acuerdo entre sindicatos y patronal se firm\u00f3 en febrero 2023, con car\u00e1cter retroactivo a 2022, con la mediaci\u00f3n del Gobierno vasco y <a href=\"https:\/\/www.eldiario.es\/euskadi\/metal-bizkaia-prueba-fuerzas-imponer-subidas-ipc-parando-grandes-empresas_1_9660604.html\" data-mrf-recirculation=\"links-noticia\" class=\"link\" rel=\"nofollow noopener\" target=\"_blank\">despu\u00e9s de varias jornadas de huelga <\/a>en 2022 con amplio seguimiento entre las empresas y que oblig\u00f3 por ejemplo a <a href=\"https:\/\/www.eldiario.es\/euskadi\/huelga-metal-bizkaia-detiene-produccion-mercedes-benz-principal-factoria-vasca_1_9762092.html\" data-mrf-recirculation=\"links-noticia\" class=\"link\" rel=\"nofollow noopener\" target=\"_blank\">parar la producci\u00f3n de la planta de Vitoria de Mercedes Benz<\/a> por falta de componentes. El convenio los firmaron CCOO, UGT y LAB, mientras que ELA se qued\u00f3 fuera de la firma.\n    <\/p>\n<p class=\"article-text\">\n        \u00bfNos sigues en redes sociales? elDiario.es\/Euskadi est\u00e1 en\u00a0<a href=\"https:\/\/bsky.app\/profile\/eldiarioeus.bsky.social\" target=\"_blank\" data-mrf-recirculation=\"links-noticia\" class=\"link\" rel=\"nofollow noopener\">Bluesky<\/a>,\u00a0<a href=\"https:\/\/twitter.com\/eldiarioeus\" target=\"_blank\" data-mrf-recirculation=\"links-noticia\" class=\"link\" rel=\"nofollow noopener\">X<\/a>\u00a0e\u00a0<a href=\"https:\/\/www.instagram.com\/eldiarioeus\/\" target=\"_blank\" data-mrf-recirculation=\"links-noticia\" class=\"link\" rel=\"nofollow noopener\">Instagram<\/a>. Y te enviamos alertas informativas por\u00a0<a href=\"https:\/\/telegram.me\/eldiarioeus\" target=\"_blank\" data-mrf-recirculation=\"links-noticia\" class=\"link\" rel=\"nofollow noopener\">Telegram<\/a>\u00a0y\u00a0<a href=\"https:\/\/www.whatsapp.com\/channel\/0029Va9Dx2MLNSZzLvNjNr3P\" target=\"_blank\" data-mrf-recirculation=\"links-noticia\" class=\"link\" rel=\"nofollow noopener\">WhatsApp<\/a>. Cada semana, te enviamos un bolet\u00edn a tu correo electr\u00f3nico. \u00a1<a href=\"https:\/\/usuarios.eldiario.es\/boletines?_gl=1*pa2ll6*_gcl_au*MTk0OTg1OTU2Mi4xNzMwMTk3MDYx*_ga*Njk1MjI5NDQyLjE3Mjk1MjAxNjg.*_ga_4RZPWREGF3*MTczNDE3ODQ5Ny4xMTYuMS4xNzM0MTc5OTEyLjEzLjAuMA..\" target=\"_blank\" data-mrf-recirculation=\"links-noticia\" class=\"link\" rel=\"nofollow noopener\">Ap\u00fantate<\/a>! Recuerda que puedes ser socio o socia de elDiario.es clicando en\u00a0<a href=\"https:\/\/usuarios.eldiario.es\/hazte_socio\/?utm_source=euskadi&amp;utm_campaign=eell&amp;utm_medium=all&amp;mc_cid=f16fc896fb&amp;mc_eid=05624d2e2d\" target=\"_blank\" data-mrf-recirculation=\"links-noticia\" class=\"link\" rel=\"nofollow noopener\">este enlace<\/a>. Y, para m\u00e1s informaci\u00f3n, puedes llamar o escribirnos al\u00a0625 88 87 80.\n    <\/p>\n<p>                                    <script async src=\"https:\/\/platform.twitter.com\/widgets.js\" charset=\"utf-8\"><\/script><script async src=\"\/\/www.instagram.com\/embed.js\"><\/script><\/p>\n","protected":false},"excerpt":{"rendered":"El Metal de Bizkaia arranca este mi\u00e9rcoles d\u00eda 26 las negociaciones del pr\u00f3ximo convenio. Se trata de uno&hellip;\n","protected":false},"author":2,"featured_media":250605,"comment_status":"","ping_status":"","sticky":false,"template":"","format":"standard","meta":{"footnotes":""},"categories":[80],"tags":[517,3935,14300,14314,3285,14302,2601,4144,14316,82,14313,767,1349,95,94,2026,13451,14315,1813,3854,14299,14298,14307,12226,14318,6246,25,24,5691,14308,4910,3705,3978,6927,12252,1982,2178,14297,14317,7600,11701,14311,14312,14305,14303,6115,264,14304,952,14310,14309,14306,14301,3905,492,23,7192,2177],"class_list":{"0":"post-250604","1":"post","2":"type-post","3":"status-publish","4":"format-standard","5":"has-post-thumbnail","7":"category-economia","8":"tag-actualidad","9":"tag-alava","10":"tag-andar-en-bici","11":"tag-barakaldo","12":"tag-bbva","13":"tag-belen-ferreras","14":"tag-bilbao","15":"tag-bizkaia","16":"tag-brands","17":"tag-business","18":"tag-caso-de-miguel","19":"tag-corrupcion","20":"tag-donostia","21":"tag-economia","22":"tag-economy","23":"tag-educacion","24":"tag-eh-bildu","25":"tag-eibar","26":"tag-ela","27":"tag-eldiario-es","28":"tag-eldiario-es-euskadi","29":"tag-eldiario-eus","30":"tag-eldiarionorte-es","31":"tag-emergencia-climatica","32":"tag-eroski","33":"tag-ertzaintza","34":"tag-es","35":"tag-espana","36":"tag-euskadi","37":"tag-euskal-herria","38":"tag-feminismo","39":"tag-gernika","40":"tag-getxo","41":"tag-gipuzkoa","42":"tag-hondarribia","43":"tag-ignacio-escolar","44":"tag-igualdad","45":"tag-iker-rioja-andueza","46":"tag-imanol-pradales","47":"tag-irun","48":"tag-kutxabank","49":"tag-lab","50":"tag-lanbide","51":"tag-maialen-ferreira","52":"tag-montai","53":"tag-osakidetza","54":"tag-pais-vasco","55":"tag-pnv","56":"tag-politica","57":"tag-pp-vasco","58":"tag-pse-ee","59":"tag-rodrigo-saiz","60":"tag-ruben-pereda","61":"tag-sindicatos","62":"tag-sociedad","63":"tag-spain","64":"tag-upv-ehu","65":"tag-vitoria"},"share_on_mastodon":{"url":"","error":"Validation failed: Text character limit of 500 exceeded"},"_links":{"self":[{"href":"https:\/\/www.europesays.com\/es\/wp-json\/wp\/v2\/posts\/250604","targetHints":{"allow":["GET"]}}],"collection":[{"href":"https:\/\/www.europesays.com\/es\/wp-json\/wp\/v2\/posts"}],"about":[{"href":"https:\/\/www.europesays.com\/es\/wp-json\/wp\/v2\/types\/post"}],"author":[{"embeddable":true,"href":"https:\/\/www.europesays.com\/es\/wp-json\/wp\/v2\/users\/2"}],"replies":[{"embeddable":true,"href":"https:\/\/www.europesays.com\/es\/wp-json\/wp\/v2\/comments?post=250604"}],"version-history":[{"count":0,"href":"https:\/\/www.europesays.com\/es\/wp-json\/wp\/v2\/posts\/250604\/revisions"}],"wp:featuredmedia":[{"embeddable":true,"href":"https:\/\/www.europesays.com\/es\/wp-json\/wp\/v2\/media\/250605"}],"wp:attachment":[{"href":"https:\/\/www.europesays.com\/es\/wp-json\/wp\/v2\/media?parent=250604"}],"wp:term":[{"taxonomy":"category","embeddable":true,"href":"https:\/\/www.europesays.com\/es\/wp-json\/wp\/v2\/categories?post=250604"},{"taxonomy":"post_tag","embeddable":true,"href":"https:\/\/www.europesays.com\/es\/wp-json\/wp\/v2\/tags?post=250604"}],"curies":[{"name":"wp","href":"https:\/\/api.w.org\/{rel}","templated":true}]}}