{"id":250606,"date":"2025-11-23T00:33:09","date_gmt":"2025-11-23T00:33:09","guid":{"rendered":"https:\/\/www.europesays.com\/es\/250606\/"},"modified":"2025-11-23T00:33:09","modified_gmt":"2025-11-23T00:33:09","slug":"la-jornada-tiroteo-durante-encendido-de-arbol-de-navidad-en-carolina-del-norte-deja-4-heridos","status":"publish","type":"post","link":"https:\/\/www.europesays.com\/es\/250606\/","title":{"rendered":"La Jornada &#8211; Tiroteo durante encendido de \u00e1rbol de Navidad en Carolina del Norte deja 4 heridos"},"content":{"rendered":"<p class=\"nota-justify\">Cuatro personas resultaron heridas el pasado viernes durante un tiroteo registrado en la ceremonia anual de encendido del \u00e1rbol de Navidad en Concord, Carolina del Norte, informaron este s\u00e1bado autoridades locales.<\/p>\n<p class=\"nota-justify\">El incidente ocurri\u00f3 alrededor de las 19:30 horas en Union Street, a unos pasos del centro del evento, donde se congregaban familias para la tradicional celebraci\u00f3n. De acuerdo con el mayor de la polic\u00eda de Concord, Patrick Tierney, los disparos fueron efectuados por dos sospechosos que se conoc\u00edan entre s\u00ed, report\u00f3 el medio ABC news.<\/p>\n<p class=\"nota-justify\">La polic\u00eda identific\u00f3 a uno de ellos como Nasir Ahmad Bostic, de 18 a\u00f1os, quien recibi\u00f3 un disparo y permanece hospitalizado en estado cr\u00edtico. Enfrenta m\u00faltiples cargos, entre ellos agresi\u00f3n con arma letal, y se le ejecutar\u00e1 una orden de arresto cuando sea dado de alta. El segundo presunto tirador, menor de edad, tambi\u00e9n result\u00f3 herido y permanece en estado cr\u00edtico; igualmente enfrentar\u00e1 cargos por agresi\u00f3n con arma mortal.<\/p>\n<p class=\"nota-justify\">Un tercer involucrado, un joven de 17 a\u00f1os, fue detenido y acusado de complicidad e incitaci\u00f3n a disturbios. No result\u00f3 herido.<\/p>\n<p class=\"nota-justify\">En total, cuatro personas con impactos de bala fueron trasladadas a hospitales cercanos: tres se encuentran en estado cr\u00edtico y una en condici\u00f3n estable. Personal policial, cuerpos de bomberos y servicios m\u00e9dicos del condado de Cabarrus ya se encontraban en el sitio y respondieron de inmediato al estallido de violencia. Las autoridades revisan videos del evento y contin\u00faan entrevistando a testigos para esclarecer los hechos.<\/p>\n<p class=\"nota-justify\">Pese al tiroteo, el ayuntamiento inform\u00f3 que el desfile anual de Navidad seguir\u00e1 adelante este s\u00e1bado. El alcalde Bill Dusch afirm\u00f3 que la comunidad no permitir\u00e1 que \u201cacciones insensatas\u201d afecten una tradici\u00f3n casi centenaria. \u201cAlgunas familias podr\u00edan optar por quedarse en casa y lo comprendemos, pero muchos encuentran consuelo y armon\u00eda en la comunidad\u201d, se\u00f1al\u00f3. A\u00f1adi\u00f3 que se reforzar\u00e1n las medidas de seguridad durante todo el evento.<\/p>\n","protected":false},"excerpt":{"rendered":"Cuatro personas resultaron heridas el pasado viernes durante un tiroteo registrado en la ceremonia anual de encendido del&hellip;\n","protected":false},"author":2,"featured_media":250607,"comment_status":"","ping_status":"","sticky":false,"template":"","format":"standard","meta":{"footnotes":""},"categories":[42],"tags":[63520,17,18,40867,13,14,11,61,62,63,64,19,20,2951,9,7080,10,15,16,6773,12,21,22,65,66,67],"class_list":{"0":"post-250606","1":"post","2":"type-post","3":"status-publish","4":"format-standard","5":"has-post-thumbnail","7":"category-internacional","8":"tag-arbol-de-navidad","9":"tag-breaking-news","10":"tag-breakingnews","11":"tag-carolina-del-norte","12":"tag-featured-news","13":"tag-featurednews","14":"tag-headlines","15":"tag-internacional","16":"tag-international","17":"tag-international-news","18":"tag-internationalnews","19":"tag-latest-news","20":"tag-latestnews","21":"tag-navidad","22":"tag-news","23":"tag-noticia","24":"tag-noticias","25":"tag-noticias-destacadas","26":"tag-noticiasdestacadas","27":"tag-tiroteo","28":"tag-titulares","29":"tag-ultimas-noticias","30":"tag-ultimasnoticias","31":"tag-world","32":"tag-world-news","33":"tag-worldnews"},"share_on_mastodon":{"url":"https:\/\/pubeurope.com\/@es\/115596204900418127","error":""},"_links":{"self":[{"href":"https:\/\/www.europesays.com\/es\/wp-json\/wp\/v2\/posts\/250606","targetHints":{"allow":["GET"]}}],"collection":[{"href":"https:\/\/www.europesays.com\/es\/wp-json\/wp\/v2\/posts"}],"about":[{"href":"https:\/\/www.europesays.com\/es\/wp-json\/wp\/v2\/types\/post"}],"author":[{"embeddable":true,"href":"https:\/\/www.europesays.com\/es\/wp-json\/wp\/v2\/users\/2"}],"replies":[{"embeddable":true,"href":"https:\/\/www.europesays.com\/es\/wp-json\/wp\/v2\/comments?post=250606"}],"version-history":[{"count":0,"href":"https:\/\/www.europesays.com\/es\/wp-json\/wp\/v2\/posts\/250606\/revisions"}],"wp:featuredmedia":[{"embeddable":true,"href":"https:\/\/www.europesays.com\/es\/wp-json\/wp\/v2\/media\/250607"}],"wp:attachment":[{"href":"https:\/\/www.europesays.com\/es\/wp-json\/wp\/v2\/media?parent=250606"}],"wp:term":[{"taxonomy":"category","embeddable":true,"href":"https:\/\/www.europesays.com\/es\/wp-json\/wp\/v2\/categories?post=250606"},{"taxonomy":"post_tag","embeddable":true,"href":"https:\/\/www.europesays.com\/es\/wp-json\/wp\/v2\/tags?post=250606"}],"curies":[{"name":"wp","href":"https:\/\/api.w.org\/{rel}","templated":true}]}}