{"id":250608,"date":"2025-11-23T00:34:13","date_gmt":"2025-11-23T00:34:13","guid":{"rendered":"https:\/\/www.europesays.com\/es\/250608\/"},"modified":"2025-11-23T00:34:13","modified_gmt":"2025-11-23T00:34:13","slug":"sumar-propone-una-renta-basica-universal-para-los-jovenes-de-550-euros-al-mes-entre-los-18-y-21-anos","status":"publish","type":"post","link":"https:\/\/www.europesays.com\/es\/250608\/","title":{"rendered":"Sumar propone una renta b\u00e1sica universal para los j\u00f3venes de 550 euros al mes entre los 18 y 21 a\u00f1os"},"content":{"rendered":"<p class=\"c-paragraph\"><b>Movimiento Sumar<\/b> ha planteado en el marco de su conferencia pol\u00edtica una <b>Renta B\u00e1sica Juvenil<\/b> de car\u00e1cter universal y con un importe de 550 euros al mes a abonar entre los 18 a los 21 a\u00f1os, como \u00abpunto de partida\u00bb para aplicar tambi\u00e9n un <b>ingreso garantizado<\/b> a toda la poblaci\u00f3n. Por otro lado, ha defendido reducir la<a href=\"https:\/\/www.20minutos.es\/cataluna\/los-trabajadores-catalanes-destinan-200-horas-gastan-5-000-euros-ano-ir-trabajo-segun-ugt-catalunya_6326844_0.html\" title=\"Los trabajadores catalanes destinan 200 horas y gastan 5.000 euros al a\u00f1o en ir al trabajo, seg\u00fan UGT Catalunya\" rel=\"nofollow noopener\" target=\"_blank\"> <b>jornada laboral<\/b> hasta las 32 horas<\/a> semanales, compromiso que ya fij\u00f3 en su segunda asamblea estatal y superior a la propuesta de 37,5 horas que plantea el Ministerio de Trabajo para esta legislatura acorde con el acuerdo de coalici\u00f3n con el PSOE.<\/p>\n<p class=\"c-paragraph\">\u00a0As\u00ed consta en las resoluciones aprobadas por el <b>plenario<\/b> de la conferencia pol\u00edtica de la formaci\u00f3n, que contemplan tambi\u00e9n conceder transporte p\u00fablico gratuito a los j\u00f3venes, rebajar el precio del alquiler y reducir la edad de voto a los 16 a\u00f1os.<\/p>\n<p class=\"c-paragraph\">Igualmente, Movimiento Sumar reivindica la creaci\u00f3n de una <b>prestaci\u00f3n universal<\/b> por crianza, que ya ha demandado de cara a la confecci\u00f3n de los nuevos Presupuestos Generales y quiere empujar una <b>reforma fiscal<\/b> con nuevos impuestos \u00abpara los ricos y grandes fortunas\u00bb, con el objetivo de redistribuir mejor la riqueza.<\/p>\n<p class=\"c-paragraph\">La formaci\u00f3n ya hab\u00eda destacado que uno de los objetivos de este foro de <b>rearme ideol\u00f3gico<\/b> para salir a la ofensiva en este ciclo electoral consist\u00eda en elaborar una propuesta pol\u00edtica de reconexi\u00f3n con la juventud, mediante iniciativas novedosas y en la que destaca esta medida de <b>Renta B\u00e1sica<\/b> durante tres a\u00f1os para los j\u00f3venes.\u00a0<\/p>\n<p class=\"c-paragraph\">Adem\u00e1s, durante su irrupci\u00f3n en el panorama pol\u00edtico, Sumar lanz\u00f3 uno de sus <b>hitos program\u00e1ticos<\/b>, la creaci\u00f3n de una \u00abherencia universal\u00bb, incluida en su programa para las elecciones del 23J y que consiste en entregar <b>20.000 euros<\/b> a los j\u00f3venes al alcanzar la mayor\u00eda social.<\/p>\n<p class=\"c-paragraph\">De hecho, una de sus resoluciones est\u00e1 centrada en la juventud, titulada <b>\u00abNo somos el futuro, somos el presente\u00bb<\/b>, y afirma que es \u201cradicalmente falso\u201d que las nuevas generaciones sean todas \u201cde derechas\u201d, se\u00f1alando que es un \u201crelato construido\u201d que beneficia \u201ca los poderosos y los fascistas\u201d.<\/p>\n<p class=\"c-paragraph\">As\u00ed, sostiene que la realidad es otra, con una juventud <b>viva<\/b>, que \u201cno se resigna\u201d y que protagoniza movilizaciones en apoyo al<a href=\"\"> <b>pueblo palestino<\/b>, <\/a>contra el racismo, por el clima, el feminismo y los derechos LGTBIQA+.\u00a0<\/p>\n<p>Vidas asequibles<\/p>\n<p class=\"c-paragraph\">De esta forma, desgrana que la juventud debe tener un <b>peso real<\/b>, sin tutelas ni paternalismo, lo que implica garantizar el derecho a la vivienda o intervenir el <b>mercado inmobiliario<\/b> con urgencia. Sumar promete adem\u00e1s dar la \u201cbatalla cultural\u201d para impulsar ideas progresistas.<\/p>\n<p class=\"c-paragraph\">Mientras, en la resoluci\u00f3n \u201cUn proyecto para el siglo XXI\u201d, la formaci\u00f3n reivindica la necesidad de tener <b>vidas asequibles<\/b> desde lo p\u00fablico, conscientes de que \u201cla desigualdad es la mayor f\u00e1brica de votos de la antipol\u00edtica\u201d.<\/p>\n<p class=\"c-paragraph\">La vivienda figura como una de las grandes prioridades: se propone frenar la <b>especulaci\u00f3n<\/b> y el <b>rentismo<\/b>, reforzar la <b>sanidad p\u00fablica<\/b> \u2014que consideran en peligro por privatizaciones en comunidades del PP\u2014 y garantizar el derecho al aborto.<\/p>\n<p class=\"c-paragraph\">\u201cVamos a impulsar un proyecto pol\u00edtico que sirva para las siguientes generaciones, situando nuestro <b>gasto social<\/b> en los cuatro pilares del Estado del Bienestar y en la media de la zona euro\u201d, a\u00f1ade el texto, que tambi\u00e9n insiste en <b>regularizar<\/b> a migrantes irregulares.\u00a0<\/p>\n<p>Cr\u00edticas a Trump y apoyo al pueblo palestino<\/p>\n<p class=\"c-paragraph\">Por otro lado, la resoluci\u00f3n \u201cPor la solidaridad y el multilateralismo\u201d advierte de que el sistema <b>multilateral<\/b> se encuentra \u201camenazado\u201d por el presidente de Estados Unidos, <a href=\"https:\/\/www.20minutos.es\/lainformacion\/economia-y-finanzas\/yolanda-diaz-exige-psoe-una-tasa-trump-15-para-que-las-grandes-tecnologicas-tributen-espana_6898835_0.html\" rel=\"nofollow noopener\" target=\"_blank\"><b>Donald Trump<\/b>.<\/a><\/p>\n<p class=\"c-paragraph\">Seg\u00fan Sumar, su objetivo es imponer la hegemon\u00eda <b>imperialista<\/b> de EEUU mediante la imposici\u00f3n unilateral de sus intereses, lo que supondr\u00eda una \u201cnueva espiral de <b>Guerra Fr\u00eda<\/b>\u201d, guerras arancelarias y una carrera armament\u00edstica nuclear.<\/p>\n<p class=\"c-paragraph\">En materia internacional, Sumar enfatiza su apoyo al <b>pueblo palestino<\/b>, su derecho a la autodeterminaci\u00f3n y el compromiso para poner fin a la ocupaci\u00f3n y el \u201capartheid sionista\u201d, apostando por una conferencia de paz auspiciada por la ONU.<\/p>\n<p class=\"c-paragraph\">Adem\u00e1s, reclama un alto el fuego en <b>Ucrania<\/b> y avanzar hacia negociaciones diplom\u00e1ticas. Tambi\u00e9n reafirma su apoyo al derecho de autodeterminaci\u00f3n del <b>pueblo saharaui<\/b>.<\/p>\n","protected":false},"excerpt":{"rendered":"Movimiento Sumar ha planteado en el marco de su conferencia pol\u00edtica una Renta B\u00e1sica Juvenil de car\u00e1cter universal&hellip;\n","protected":false},"author":2,"featured_media":250609,"comment_status":"","ping_status":"","sticky":false,"template":"","format":"standard","meta":{"footnotes":""},"categories":[8],"tags":[17,18,25,24,13,14,11,4451,433,19,20,9,10,15,16,7679,23,4453,12,21,22],"class_list":{"0":"post-250608","1":"post","2":"type-post","3":"status-publish","4":"format-standard","5":"has-post-thumbnail","7":"category-espana","8":"tag-breaking-news","9":"tag-breakingnews","10":"tag-es","11":"tag-espana","12":"tag-featured-news","13":"tag-featurednews","14":"tag-headlines","15":"tag-jornada-laboral","16":"tag-jovenes","17":"tag-latest-news","18":"tag-latestnews","19":"tag-news","20":"tag-noticias","21":"tag-noticias-destacadas","22":"tag-noticiasdestacadas","23":"tag-propuesta","24":"tag-spain","25":"tag-sumar","26":"tag-titulares","27":"tag-ultimas-noticias","28":"tag-ultimasnoticias"},"share_on_mastodon":{"url":"https:\/\/pubeurope.com\/@es\/115596208805748609","error":""},"_links":{"self":[{"href":"https:\/\/www.europesays.com\/es\/wp-json\/wp\/v2\/posts\/250608","targetHints":{"allow":["GET"]}}],"collection":[{"href":"https:\/\/www.europesays.com\/es\/wp-json\/wp\/v2\/posts"}],"about":[{"href":"https:\/\/www.europesays.com\/es\/wp-json\/wp\/v2\/types\/post"}],"author":[{"embeddable":true,"href":"https:\/\/www.europesays.com\/es\/wp-json\/wp\/v2\/users\/2"}],"replies":[{"embeddable":true,"href":"https:\/\/www.europesays.com\/es\/wp-json\/wp\/v2\/comments?post=250608"}],"version-history":[{"count":0,"href":"https:\/\/www.europesays.com\/es\/wp-json\/wp\/v2\/posts\/250608\/revisions"}],"wp:featuredmedia":[{"embeddable":true,"href":"https:\/\/www.europesays.com\/es\/wp-json\/wp\/v2\/media\/250609"}],"wp:attachment":[{"href":"https:\/\/www.europesays.com\/es\/wp-json\/wp\/v2\/media?parent=250608"}],"wp:term":[{"taxonomy":"category","embeddable":true,"href":"https:\/\/www.europesays.com\/es\/wp-json\/wp\/v2\/categories?post=250608"},{"taxonomy":"post_tag","embeddable":true,"href":"https:\/\/www.europesays.com\/es\/wp-json\/wp\/v2\/tags?post=250608"}],"curies":[{"name":"wp","href":"https:\/\/api.w.org\/{rel}","templated":true}]}}