{"id":25061,"date":"2025-08-04T13:16:21","date_gmt":"2025-08-04T13:16:21","guid":{"rendered":"https:\/\/www.europesays.com\/es\/25061\/"},"modified":"2025-08-04T13:16:21","modified_gmt":"2025-08-04T13:16:21","slug":"en-el-puerto-manzanares-y-roca-rey-a-hombros","status":"publish","type":"post","link":"https:\/\/www.europesays.com\/es\/25061\/","title":{"rendered":"En El Puerto, Manzanares y Roca Rey a hombros"},"content":{"rendered":"<p>Plaza Real de toros de <strong>El Puerto de Santa Mar\u00eda<\/strong> (C\u00e1diz), 2 de agosto de 2025. Corrida organizada por la empresa Circuitos Taurinos, correspondiente al segundo festejo de abono en la temporada de verano. Tarde soleada con viento de levante muy molesto. M\u00e1s de cuatro quintos de entrada. Preside Ignacio Vegas, nuevo en esta plaza. Ameniza la Banda \u201cMaestro Due\u00f1as\u201d, dirigida por Javier Alonso.<\/p>\n<p>Se lidian cuatro toros de <strong>Hermanos Garc\u00eda Jim\u00e9nez<\/strong> y dos (1\u00ba y 4\u00ba) de <strong>Olga Jim\u00e9nez<\/strong> (hierros que pastan en El Cabaco, Salamanca), con pesos entre 480 y 525 kilos, de aceptable presentaci\u00f3n pero desigualados y con juego variado. En el arrastre, el segundo tiene palmas; el cuarto, palmitas y el quinto, divisi\u00f3n de opiniones.<\/p>\n<ul>\n<li><strong>Jos\u00e9 Mar\u00eda Manzanares<\/strong> (de marino y oro), estocada recibiendo entera desprendida y fulminante; una oreja. Entera arriba; una oreja.<\/li>\n<li><strong>Andr\u00e9s Roca Rey<\/strong> (de blanco arlequinado y oro), entera en su sitio con efecto r\u00e1pido; una oreja. Media en buen sitio; una oreja.<\/li>\n<li><strong>Pablo Aguado<\/strong> (de burdeos y azabache), tres pinchazos y media; ovaci\u00f3n. Pinchazo y entera arriba, con descabello, tras aviso; una oreja.<\/li>\n<\/ul>\n<p>Incidencias: entre los picadores, destaca Mario Ben\u00edtez (de la cuadrilla de Aguado) en el sexto. Entre los banderilleros, destacan los pares de Trujillo y Cebadera (de la cuadrilla de Manzanares), que se desmonteran en el primero, de Viruta y Algaba (de la cuadrilla de Roca), que se desmonteran en el segundo, y de Chac\u00f3n (de la cuadrilla de Roca), que saluda en el quinto. Manzanares y Roca salen a hombros.<\/p>\n<p>Comentario<\/p>\n<p>El cartel es atractivo. Manzanares, viejo conocido de El Puerto, cerr\u00f3 la temporada pasada con 43 festejos. Roca Rey acab\u00f3 como primero del escalaf\u00f3n, pero este a\u00f1o ha aflojado el acelerador; aunque lleva \u00faltimamente varias puertas grandes seguidas, no ha conseguido poner el No Hay Billetes. Pablo Aguado cerr\u00f3 con 39 y ahora anda por 9. El ganado es de la Casa Matilla pero no es lo que aporta el mayor atractivo a este cartel que comentamos. Veamos.<\/p>\n<p>Jos\u00e9 Mar\u00eda Manzanares<\/p>\n<p><strong>Jos\u00e9 Mar\u00eda Manzanares<\/strong>, en <strong>su primero<\/strong>, bien presentado, da recibo breve de lances c\u00f3modos, ante uno que mete la cara, y media sin enjundia. La puya, breve tambi\u00e9n, es contundente. La cuadrilla nos ofrece un magn\u00edfico tercio de banderillas. Inicia en los medios bajando la mano antes de sacar dos tandas en redondo despaciosas y muy ligadas, complementadas con pases de pecho largos, levantando aplausos calurosos.<\/p>\n<p>Intenta con la izquierda, pero renuncia por el viento. Con la diestra sigue y como iba antes; da descanso y distancia antes de enganchar para rematar con uno de pecho largo, casi de 360 grados; centrad\u00edsimo, saca otra tanda, templada como todas, que remata con cambio de manos y otro largo de pecho. Tras la estocada recibiendo el toro se queda sin moverse y cae. La petici\u00f3n de segunda oreja es mayoritaria y supone bronca al presidente, que se niega, bronca repetida tras la vuelta del torero.<\/p>\n<p><img loading=\"lazy\" decoding=\"async\" width=\"1200\" height=\"675\" alt=\"Manzanares I Bre\u00f1a\" src=\"https:\/\/www.europesays.com\/es\/wp-content\/uploads\/2025\/08\/2025080409212517670.jpg\" class=\"lazyload\" \/><br \/>\nManzanares I Bre\u00f1a<\/p>\n<p>El segundo de Manzanares<\/p>\n<p>A <strong>su segundo<\/strong>, casta\u00f1o y engatillado, corret\u00f3n y abanto, s\u00f3lo puede hacer labor de brega capotera. En el caballo empuja sin convicci\u00f3n y la puya es puesta en oblicuo. Los palos s\u00f3lo son correctos. Inicia por alto y luego torea sin conseguir ligar, cayendo e animal dos veces todo lo largo que es.<\/p>\n<p>Con la izquierda, hay tanda cumplida de pases largos. A diestra de nuevo, el toro se calienta y permite la ligaz\u00f3n. De nuevo a zurda, la ligaz\u00f3n sigue. Otra vez por el pit\u00f3n derecho, el toro se viene arriba y los pases lo llevan en volandas, intercalando alg\u00fan molinete. Mientras pasea la oreja la palmas por buler\u00edas suenan den los tendidos.<\/p>\n<p><img loading=\"lazy\" decoding=\"async\" width=\"1200\" height=\"675\" alt=\"Manzanares I Bre\u00f1a\" src=\"https:\/\/www.europesays.com\/es\/wp-content\/uploads\/2025\/08\/2025080409212538824.jpg\" class=\"lazyload\" \/><br \/>\nManzanares I Bre\u00f1a<\/p>\n<p>Roca Rey<\/p>\n<p><strong>Roca Rey<\/strong>, a <strong>su primero<\/strong>, recibe con lances avanzando, pasando a delantales, chicuelinas y revolera en los medios, levantando grandes aplausos. En el peto se duerme mientras hay puya asentada de Molina; el quite va por altaneras (o sea, alternando chicuelinas y tafalleras), cerrando con media y larga natural. Un par muy trasero no obsta para el doble desmontere.<\/p>\n<p>Inicia m\u00e1s all\u00e1 de la segunda raya, a pies juntos, por alto cerrando con dos de pecho, entre aplausos; en la boca de riego asesta dos tandas ligadas, usando el desprecio, pero en la segunda los pases no salen muy limpios. Con la izquierda, muestra su estilo, con firmeza y pases largos levantando el tal\u00f3n todo lo posible y lo imposible, pasando a desplante y circulares con mucha prosopopeya y mucho arrim\u00f3n, con toque de muslos (ojedismo puro).<\/p>\n<p><img loading=\"lazy\" decoding=\"async\" width=\"1200\" height=\"675\" alt=\"Roca Rey I Bre\u00f1a\" src=\"https:\/\/www.europesays.com\/es\/wp-content\/uploads\/2025\/08\/2025080409212554605.jpg\" class=\"lazyload\" \/><br \/>\nRoca Rey I Bre\u00f1a<\/p>\n<p>El segundo de Roca<\/p>\n<p>En <strong>su segundo<\/strong>, colorado, bonito, corret\u00f3n y abanto, da recibo insustancial, sin emplearse ninguno de los dos. Hay mala pelea y mala puya. Chac\u00f3n se luce en los pares y se niega a desmonterarse. Con la muleta lo saca de tablas y se lo lleva a la boca de riego con una trincherilla; lo siguiente es tanda de tanteo pero aplaudida.<\/p>\n<p>Con la izquierda, en dos tandas busca el temple pero el bicho ofrece des\u00e1nimo y el de pecho se hace con la derecha. Por esta mano busca acortar distancia y el funo embiste al paso; llega el arrim\u00f3n y los circulares, y m\u00e1s arrim\u00f3n entre pitones, a\u00f1adiendo raci\u00f3n de martinetes. Hac\u00eda tiempo que ve\u00edamos en el arrastre una divisi\u00f3n de opiniones. La oreja cae tras petici\u00f3n no mayoritaria pero ruidosa.<\/p>\n<p><img loading=\"lazy\" decoding=\"async\" width=\"1200\" height=\"675\" alt=\"Roca Rey I Bre\u00f1a\" src=\"https:\/\/www.europesays.com\/es\/wp-content\/uploads\/2025\/08\/2025080409212575522.jpg\" class=\"lazyload\" \/><br \/>\nRoca Rey I Bre\u00f1a<\/p>\n<p>Pablo Aguado<\/p>\n<p><strong>Pablo Aguado<\/strong>, a <strong>su primero<\/strong>, acapachado, abanto, lo persigue hasta los medios y all\u00ed le saca algunos lances templados y una media lent\u00edsima. Lo lleva despaciosamente al caballo por delantales y media; tras un pinchacito y cabeceo en el estribo sale huyendo entre protestas; hay quite por chicuelinas de mano baja y media muy personal con desplante a pie firme, torer\u00edsimo. Diego Ram\u00f3n Jim\u00e9nez anda bien con los rehiletes.<\/p>\n<p>Brinda al p\u00fablico e inicia con bonita tanda de tablas a medios, terminando con molinete y el de pecho con su sello; siguen dos tandas, con mano baja y pectoral de gran angular, aunque en la segunda se va quedando y tiene que tirar de \u00e9l. Con la izquierda, en tablas el toreo es comprometido y se desplanta acariciando la testuz con la espada. La preparaci\u00f3n va por ayudados por bajo, con mucha elegancia, y desplante.<\/p>\n<p><img loading=\"lazy\" decoding=\"async\" width=\"1138\" height=\"640\" alt=\"Aguado I Bre\u00f1a\" src=\"https:\/\/www.europesays.com\/es\/wp-content\/uploads\/2025\/08\/2025080409212660394.jpg\" class=\"lazyload\" \/><br \/>\nAguado I Bre\u00f1a<\/p>\n<p>El segundo de Aguado<\/p>\n<p>En <strong>su segundo<\/strong>, que sale enter\u00e1ndose, el saludo queda in\u00e9dito porque el toro s\u00f3lo busca irse, no sin provocar un desarme. Es bien cogido por Mario Ben\u00edtez pero hace mala pelea mientras se aplaude al picador; en la segunda visita hay un pinchacito y la ovaci\u00f3n sigue mientras el piquero se va retirando. Con la actuaci\u00f3n de ayer y la de hoy, Mario se postula a premio. Hay buenos pares de Garc\u00eda y Araujo.<\/p>\n<p>Inicia por doblones y sigue con dos tandas de toreo en redondo ligado, muy aplaudido. Manda parar a la banda de m\u00fasica. Hay otra tanda grande, muy aplaudida; tras un trincherazo el viento se dedica a molestar pero sigue nueva tanda de pases muy conjuntados que arrancan con fuerza palmas por buler\u00edas. Po el pit\u00f3n izquierdo el toro va tambi\u00e9n y las palmas echan humo. A diestra de nuevo, torea caminando hacia tablas. Para cuadrar, el toro no ofrece ninguna colaboraci\u00f3n y provoca el aviso.<\/p>\n<p><img loading=\"lazy\" decoding=\"async\" width=\"1200\" height=\"675\" alt=\"Aguado I Bre\u00f1a\" src=\"https:\/\/www.europesays.com\/es\/wp-content\/uploads\/2025\/08\/2025080409212622387.jpg\" class=\"lazyload\" \/><br \/>\nAguado I Bre\u00f1a<\/p>\n<p>Final<\/p>\n<p>El presidente debutaba hoy y nadie sab\u00eda c\u00f3mo iba a dirigir desde el palco. En el primer toro ha negado una segunda oreja muy pedida y tendr\u00e1 que explicar por qu\u00e9. Hemos pensado que no era presidente orejero. Bueno, empezaremos el camino de recuperar el prestigio de la Plaza Real. Sin embargo, luego ha dado una oreja con petici\u00f3n no mayoritaria y ha resultado parecer un presidente de tantos. \u00bfEn qu\u00e9 quedamos? Un presidente puede ser orejero o puede ser no orejero, pero lo peor que le puede pasar es no tener criterio. De paso, no estar\u00eda mal que all\u00ed donde act\u00faan dos presidentes se coordinen entre ellos para unificar criterios.<\/p>\n","protected":false},"excerpt":{"rendered":"Plaza Real de toros de El Puerto de Santa Mar\u00eda (C\u00e1diz), 2 de agosto de 2025. Corrida organizada&hellip;\n","protected":false},"author":2,"featured_media":25062,"comment_status":"","ping_status":"","sticky":false,"template":"","format":"standard","meta":{"footnotes":""},"categories":[277],"tags":[373,2193,168,25,24,23,167,374,444],"class_list":{"0":"post-25061","1":"post","2":"type-post","3":"status-publish","4":"format-standard","5":"has-post-thumbnail","7":"category-toreo","8":"tag-bullfighting","9":"tag-cadiz","10":"tag-deportes","11":"tag-es","12":"tag-espana","13":"tag-spain","14":"tag-sports","15":"tag-toreo","16":"tag-toros"},"share_on_mastodon":{"url":"","error":""},"_links":{"self":[{"href":"https:\/\/www.europesays.com\/es\/wp-json\/wp\/v2\/posts\/25061","targetHints":{"allow":["GET"]}}],"collection":[{"href":"https:\/\/www.europesays.com\/es\/wp-json\/wp\/v2\/posts"}],"about":[{"href":"https:\/\/www.europesays.com\/es\/wp-json\/wp\/v2\/types\/post"}],"author":[{"embeddable":true,"href":"https:\/\/www.europesays.com\/es\/wp-json\/wp\/v2\/users\/2"}],"replies":[{"embeddable":true,"href":"https:\/\/www.europesays.com\/es\/wp-json\/wp\/v2\/comments?post=25061"}],"version-history":[{"count":0,"href":"https:\/\/www.europesays.com\/es\/wp-json\/wp\/v2\/posts\/25061\/revisions"}],"wp:featuredmedia":[{"embeddable":true,"href":"https:\/\/www.europesays.com\/es\/wp-json\/wp\/v2\/media\/25062"}],"wp:attachment":[{"href":"https:\/\/www.europesays.com\/es\/wp-json\/wp\/v2\/media?parent=25061"}],"wp:term":[{"taxonomy":"category","embeddable":true,"href":"https:\/\/www.europesays.com\/es\/wp-json\/wp\/v2\/categories?post=25061"},{"taxonomy":"post_tag","embeddable":true,"href":"https:\/\/www.europesays.com\/es\/wp-json\/wp\/v2\/tags?post=25061"}],"curies":[{"name":"wp","href":"https:\/\/api.w.org\/{rel}","templated":true}]}}