{"id":250610,"date":"2025-11-23T00:35:16","date_gmt":"2025-11-23T00:35:16","guid":{"rendered":"https:\/\/www.europesays.com\/es\/250610\/"},"modified":"2025-11-23T00:35:16","modified_gmt":"2025-11-23T00:35:16","slug":"la-clinica-dental-que-trato-a-la-nina-de-seis-anos-fallecida-en-valencia-no-tenia-autorizacion-para-anestesiar","status":"publish","type":"post","link":"https:\/\/www.europesays.com\/es\/250610\/","title":{"rendered":"La cl\u00ednica dental que trat\u00f3 a la ni\u00f1a de seis a\u00f1os fallecida en Valencia no ten\u00eda autorizaci\u00f3n para anestesiar"},"content":{"rendered":"<p class=\"article-text\">\n        La cl\u00ednica dental privada de Alzira (Valencia) que atendi\u00f3 a una ni\u00f1a de seis a\u00f1os que <a href=\"https:\/\/www.eldiario.es\/comunitat-valenciana\/muere-nina-6-anos-tratamiento-dental-valencia-4-permanece-ingresada_1_12786441.html\" target=\"_blank\" data-mrf-recirculation=\"links-noticia\" class=\"link\" rel=\"nofollow noopener\">falleci\u00f3 tras ser sometida a un tratamiento dental<\/a> no tiene autorizaci\u00f3n sanitaria de la Conselleria de Sanidad para realizar t\u00e9cnicas de actividad de anestesia, lo que incluye la sedaci\u00f3n con f\u00e1rmacos intravenosos, como se le practic\u00f3 a la menor.\n    <\/p>\n<p class=\"article-text\">\n        As\u00ed lo ha confirmado este s\u00e1bado la Conselleria, desde la que se ha especificado que la autorizaci\u00f3n de esta cl\u00ednica dental privada es \u201ccomo cl\u00ednica dental con actividad de odontolog\u00eda-estomatolog\u00eda\u201d y que lo que s\u00ed puede es \u201cadministrar sin m\u00e1s autorizaci\u00f3n anest\u00e9sicos locales\u201d.\n    <\/p>\n<p class=\"article-text\">\n        La titular del Juzgado de Instrucci\u00f3n n\u00famero 5 de Alzira (Valencia) ha abierto diligencias previas para investigar el fallecimiento de la peque\u00f1a, de seis a\u00f1os, tras ser sometida a un tratamiento dental en esta cl\u00ednica de Alzira. El juzgado ha abierto las diligencias de investigaci\u00f3n tras tener conocimiento de los hechos, ocurridos el jueves, seg\u00fan el Tribunal Superior de Justicia (TSJ) de la Comunitat Valenciana.\n    <\/p>\n<p>    La cl\u00ednica dental, suspendida de forma cautelar<\/p>\n<p class=\"article-text\">\n        Seg\u00fan la Conselleria de Sanidad, a las 16.52 horas de este jueves una ni\u00f1a de seis a\u00f1os ingres\u00f3 en el Servicio de Urgencias del Hospital de la Ribera en parada cardiorrespiratoria tras haber sido atendida previamente esa misma ma\u00f1ana en una cl\u00ednica dental privada y los facultativos intentaron su reanimaci\u00f3n sin \u00e9xito.\n    <\/p>\n<p class=\"article-text\">\n        Previamente, a las 15.11 horas hab\u00eda acudido al mismo hospital otra ni\u00f1a, de cuatro a\u00f1os, que tambi\u00e9n hab\u00eda sido atendida esa ma\u00f1ana en la misma cl\u00ednica dental, con episodio de fiebre, v\u00f3mitos y somnolencia.\n    <\/p>\n<p class=\"article-text\">\n        Tras su estabilizaci\u00f3n y la valoraci\u00f3n pertinente, los facultativos decidieron su traslado en SAMU a la Unidad de Cuidados Intensivos Pedi\u00e1tricos del Hospital Cl\u00ednico Universitario de Val\u00e8ncia, donde permanece ingresada.\n    <\/p>\n<p class=\"article-text\">\n        Este viernes, el Servicio de Inspecci\u00f3n de la Conselleria de Sanidad inici\u00f3 un expediente informativo para esclarecer las circunstancias de lo ocurrido y orden\u00f3 la suspensi\u00f3n cautelar de la actividad de la cl\u00ednica dental donde fueron atendidas las dos ni\u00f1as.\n    <\/p>\n<p>    El propietario de la cl\u00ednica: \u201cNo fue ninguna operaci\u00f3n\u201d<\/p>\n<p class=\"article-text\">\n        Por su parte, la propietaria de la cl\u00ednica Mireia Vila, afirm\u00f3 el viernes a varios medios locales que la peque\u00f1a, a la que pusieron sedaci\u00f3n para relajarla durante la intervenci\u00f3n, se fue \u201cperfectamente\u201d de all\u00ed y desconoce qu\u00e9 ha podido pasar.\n    <\/p>\n<p class=\"article-text\">\n        Seg\u00fan explic\u00f3, a la ni\u00f1a le quitaron unos dientes de leche y le realizaron unos empastes, para lo cual le cogieron un v\u00eda para relajarla, y se\u00f1al\u00f3 que \u201cest\u00e1n investigando el lote de la anestesia\u201d porque no saben qu\u00e9 ha podido pasar.\n    <\/p>\n<p>    <a href=\"https:\/\/www.eldiario.es\/comunitat-valenciana\/muere-nina-6-anos-tratamiento-dental-valencia-4-permanece-ingresada_1_12786441.html\" data-mrf-recirculation=\"saber-mas-abajo\" data-dl-event=\"saber-mas-abajo\" rel=\"nofollow noopener\" target=\"_blank\"><\/p>\n<p class=\"know-more__title\">Muere una ni\u00f1a de seis a\u00f1os tras un tratamiento dental en Valencia y otra de cuatro permanece ingresada\n<\/p>\n<p>            <img decoding=\"async\" class=\"lazy\" loading=\"lazy\" data-src=\"https:\/\/static.eldiario.es\/clip\/d38370a5-9ba8-4d02-b3b4-2f32e7ec43ae_16-9-aspect-ratio_default_0.jpg\" src=\"data:image\/svg+xml,%3Csvg xmlns=\" http:=\"\" viewbox=\"0 0 880 495\" alt=\"Muere una ni\u00f1a de seis a\u00f1os tras un tratamiento dental en Valencia y otra de cuatro permanece ingresada\"\/><\/p>\n<p>                        <\/a><\/p>\n<p class=\"article-text\">\n        \u201cNo fue ninguna operaci\u00f3n\u201d, asegur\u00f3 Vila, y apunt\u00f3 que la menor \u201cllevaba una sedaci\u00f3n, no llevaba anestesia general ni nada\u201d, y se fue de la cl\u00ednica \u201cperfectamente\u201d y se empez\u00f3 a encontrar mal despu\u00e9s.\n    <\/p>\n","protected":false},"excerpt":{"rendered":"La cl\u00ednica dental privada de Alzira (Valencia) que atendi\u00f3 a una ni\u00f1a de seis a\u00f1os que falleci\u00f3 tras&hellip;\n","protected":false},"author":2,"featured_media":250611,"comment_status":"","ping_status":"","sticky":false,"template":"","format":"standard","meta":{"footnotes":""},"categories":[5],"tags":[517,2206,1705,17,18,3965,242,25,24,13,14,11,1667,19,20,9,10,15,16,1925,23,12,21,22,235],"class_list":{"0":"post-250610","1":"post","2":"type-post","3":"status-publish","4":"format-standard","5":"has-post-thumbnail","7":"category-titulares","8":"tag-actualidad","9":"tag-alicante","10":"tag-analisis","11":"tag-breaking-news","12":"tag-breakingnews","13":"tag-castellon","14":"tag-comunidad-valenciana","15":"tag-es","16":"tag-espana","17":"tag-featured-news","18":"tag-featurednews","19":"tag-headlines","20":"tag-informacion","21":"tag-latest-news","22":"tag-latestnews","23":"tag-news","24":"tag-noticias","25":"tag-noticias-destacadas","26":"tag-noticiasdestacadas","27":"tag-opinion","28":"tag-spain","29":"tag-titulares","30":"tag-ultimas-noticias","31":"tag-ultimasnoticias","32":"tag-valencia"},"share_on_mastodon":{"url":"https:\/\/pubeurope.com\/@es\/115596212527635558","error":""},"_links":{"self":[{"href":"https:\/\/www.europesays.com\/es\/wp-json\/wp\/v2\/posts\/250610","targetHints":{"allow":["GET"]}}],"collection":[{"href":"https:\/\/www.europesays.com\/es\/wp-json\/wp\/v2\/posts"}],"about":[{"href":"https:\/\/www.europesays.com\/es\/wp-json\/wp\/v2\/types\/post"}],"author":[{"embeddable":true,"href":"https:\/\/www.europesays.com\/es\/wp-json\/wp\/v2\/users\/2"}],"replies":[{"embeddable":true,"href":"https:\/\/www.europesays.com\/es\/wp-json\/wp\/v2\/comments?post=250610"}],"version-history":[{"count":0,"href":"https:\/\/www.europesays.com\/es\/wp-json\/wp\/v2\/posts\/250610\/revisions"}],"wp:featuredmedia":[{"embeddable":true,"href":"https:\/\/www.europesays.com\/es\/wp-json\/wp\/v2\/media\/250611"}],"wp:attachment":[{"href":"https:\/\/www.europesays.com\/es\/wp-json\/wp\/v2\/media?parent=250610"}],"wp:term":[{"taxonomy":"category","embeddable":true,"href":"https:\/\/www.europesays.com\/es\/wp-json\/wp\/v2\/categories?post=250610"},{"taxonomy":"post_tag","embeddable":true,"href":"https:\/\/www.europesays.com\/es\/wp-json\/wp\/v2\/tags?post=250610"}],"curies":[{"name":"wp","href":"https:\/\/api.w.org\/{rel}","templated":true}]}}