{"id":250614,"date":"2025-11-23T00:44:10","date_gmt":"2025-11-23T00:44:10","guid":{"rendered":"https:\/\/www.europesays.com\/es\/250614\/"},"modified":"2025-11-23T00:44:10","modified_gmt":"2025-11-23T00:44:10","slug":"alessio-lisci-no-podemos-estar-tranquilos-2","status":"publish","type":"post","link":"https:\/\/www.europesays.com\/es\/250614\/","title":{"rendered":"Alessio Lisci: \u00abNo podemos estar tranquilos\u00bb"},"content":{"rendered":"<p>\n        El entrenador de <strong>Osasuna<\/strong> y t\u00e9cnico <strong>Alessio Lisci<\/strong>, afirm\u00f3 tras la dura derrota ante la Real Sociedad que no pueden \u00abestar tranquilos\u00bb, en referencia a la situaci\u00f3n de un equipo que ma\u00f1ana podr\u00eda terminar en descenso.\n<\/p>\n<p class=\"article-body__text \">\n        \u00abSi lo analizamos en fr\u00edo la primera parte es una parte que tenemos que ir <strong>2-0<\/strong> al descanso. La segunda parte la est\u00e1bamos controlando bien. los minutos despu\u00e9s del gol (0-1), estamos mal. Tuvimos <strong>ocasiones<\/strong> y luego vino un gol de locos y la expulsi\u00f3n\u00bb, analiz\u00f3 el t\u00e9cnico italiano lo visto sobre el verde de El Sadar.\n<\/p>\n<p class=\"article-body__text \">\n        Situaci\u00f3n compleja para \u00e9l y su equipo: \u00abNo podemos estar tranquilos. Hay que hacer m\u00e1s, hay que <strong>trabajar<\/strong> y levantarse, para cambiar esa <strong>din\u00e1mica<\/strong> lo antes posible\u00bb.\n<\/p>\n<p class=\"article-body__text \">\n        Continu\u00f3 comentado que se trata de \u00abuna <strong>derrota<\/strong> que hace da\u00f1o y alarga la mala <strong>din\u00e1mica<\/strong>. \u00abNo est\u00e1 bien\u00bb.\n<\/p>\n<p class=\"article-body__text \">\n        \u00abLo tenemos que ver en fr\u00edo. Estamos en ello, lo estamos trabajando de todas las formas posible\u00bb, dijo sobre las <strong>malas segundas partes<\/strong> que est\u00e1n condenando a <strong>Osasuna<\/strong>, algo que seg\u00fan Lisci nunca le hab\u00eda pasado.\n<\/p>\n<p class=\"article-body__text \">\n        \u00abEl vestuario est\u00e1 jodido porque sienten los colores y la <strong>afici\u00f3n<\/strong> se merece m\u00e1s. El estado <strong>an\u00edmico<\/strong> es de intranquilidad porque no estamos haciendo las cosas tan mal. Esto te genera malestar en el equipo\u00bb, sentenci\u00f3 un Lisci, quien elogi\u00f3 a \u00abun grupo fant\u00e1stico\u00bb, a\u00f1adiendo que se van \u00aba matar para que esto cambie\u00bb.<\/p>\n","protected":false},"excerpt":{"rendered":"El entrenador de Osasuna y t\u00e9cnico Alessio Lisci, afirm\u00f3 tras la dura derrota ante la Real Sociedad que&hellip;\n","protected":false},"author":2,"featured_media":250615,"comment_status":"","ping_status":"","sticky":false,"template":"","format":"standard","meta":{"footnotes":""},"categories":[268],"tags":[23960,168,25,24,280,282,23961,281,23,167,21299],"class_list":{"0":"post-250614","1":"post","2":"type-post","3":"status-publish","4":"format-standard","5":"has-post-thumbnail","7":"category-futbol","8":"tag-alessio","9":"tag-deportes","10":"tag-es","11":"tag-espana","12":"tag-football","13":"tag-futbol","14":"tag-lisci","15":"tag-soccer","16":"tag-spain","17":"tag-sports","18":"tag-tranquilos"},"share_on_mastodon":{"url":"https:\/\/pubeurope.com\/@es\/115596248065610194","error":""},"_links":{"self":[{"href":"https:\/\/www.europesays.com\/es\/wp-json\/wp\/v2\/posts\/250614","targetHints":{"allow":["GET"]}}],"collection":[{"href":"https:\/\/www.europesays.com\/es\/wp-json\/wp\/v2\/posts"}],"about":[{"href":"https:\/\/www.europesays.com\/es\/wp-json\/wp\/v2\/types\/post"}],"author":[{"embeddable":true,"href":"https:\/\/www.europesays.com\/es\/wp-json\/wp\/v2\/users\/2"}],"replies":[{"embeddable":true,"href":"https:\/\/www.europesays.com\/es\/wp-json\/wp\/v2\/comments?post=250614"}],"version-history":[{"count":0,"href":"https:\/\/www.europesays.com\/es\/wp-json\/wp\/v2\/posts\/250614\/revisions"}],"wp:featuredmedia":[{"embeddable":true,"href":"https:\/\/www.europesays.com\/es\/wp-json\/wp\/v2\/media\/250615"}],"wp:attachment":[{"href":"https:\/\/www.europesays.com\/es\/wp-json\/wp\/v2\/media?parent=250614"}],"wp:term":[{"taxonomy":"category","embeddable":true,"href":"https:\/\/www.europesays.com\/es\/wp-json\/wp\/v2\/categories?post=250614"},{"taxonomy":"post_tag","embeddable":true,"href":"https:\/\/www.europesays.com\/es\/wp-json\/wp\/v2\/tags?post=250614"}],"curies":[{"name":"wp","href":"https:\/\/api.w.org\/{rel}","templated":true}]}}