{"id":250616,"date":"2025-11-23T00:45:12","date_gmt":"2025-11-23T00:45:12","guid":{"rendered":"https:\/\/www.europesays.com\/es\/250616\/"},"modified":"2025-11-23T00:45:12","modified_gmt":"2025-11-23T00:45:12","slug":"la-dedicatoria-de-broncano-a-marilo-montero-tras-ganar-masterchef-nuestra-mejor-amiga","status":"publish","type":"post","link":"https:\/\/www.europesays.com\/es\/250616\/","title":{"rendered":"La dedicatoria de Broncano a Maril\u00f3 Montero tras ganar &#8216;MasterChef&#8217;: \u00abNuestra mejor amiga\u00bb"},"content":{"rendered":"<p class=\"c-paragraph\">La presentadora <a href=\"https:\/\/www.20minutos.es\/tags\/personas\/marilo-montero.html\" title=\"Maril\u00f3 Montero\" rel=\"nofollow noopener\" target=\"_blank\">Maril\u00f3 Montero<\/a> se convirti\u00f3 esta semana en la <a href=\"https:\/\/www.20minutos.es\/television\/marilo-montero-ganadora-masterchef-celebrity-10-me-ratifico-que-dije-revuelta-pero-cocina-une-las-personas_6899554_0.html\" title=\"Maril\u00f3 Montero, ganadora de &#039;MasterChef Celebrity 10&#039;: &quot;Me ratifico en lo que dije en &#039;La Revuelta&#039;, pero la cocina une a las personas&quot;\" rel=\"nofollow noopener\" target=\"_blank\">ganadora de la d\u00e9cima edici\u00f3n de MasterChef Celebrity<\/a>, un logro por el que ha recibido muchas felicitaciones, incluida la de <a href=\"https:\/\/www.20minutos.es\/tags\/personas\/broncano.html\" title=\"David Broncano\" rel=\"nofollow noopener\" target=\"_blank\">David Broncano<\/a>. El presentador de <a href=\"https:\/\/www.20minutos.es\/tags\/temas\/la-revuelta.html\" title=\"La Revuelta\" rel=\"nofollow noopener\" target=\"_blank\">La Revuelta<\/a> y Montero protagonizaron hace escasos meses en televisi\u00f3n un <b>debate sobre la tauromaquia<\/b> que no dej\u00f3 indiferente a nadie, y la victoria de Montero en el talent de cocina de TVE ha vuelto a traerla al programa de Broncano con una especial menci\u00f3n.<\/p>\n<p class=\"c-paragraph\">Antes de dar paso a los invitados, Broncano ha comenzado hablando del partido de f\u00fatbol que se emit\u00eda previamente al programa, y ello le dio pie para <b>hablar de Maril\u00f3 Montero<\/b>. \u00abHablando de televisi\u00f3n, <b>se me ha olvidado que felicitar<\/b>&#8230;\u00bb, empez\u00f3 diciendo Broncano, antes de ser interrumpido por Grison, que pensaba que iba a hablar de las audiencias del programa frente a El Hormiguero, su rival en la parrilla.<\/p>\n<p class=\"c-paragraph\">\u00ab\u00bfTienes un poquito de ego, ahora?\u00bb, coment\u00f3 Grison con sorna. \u00abEgo no, porque ayer nos gan\u00f3 El Hormiguero, pero por poco, por 80.000 espectadores o algo as\u00ed. <b>Pero ganamos a La isla de las tentaciones<\/b> ayer, que no es poca cosa\u00bb, ha matizado el presentador, entre aplausos y v\u00edtores, antes de continuar con su mensaje.<\/p>\n<p class=\"c-paragraph\">\u00abQuer\u00eda felicitar, porque ayer fue la final de MasterChef y <b>nuestra mejor amiga<\/b> Maril\u00f3 Montero se alz\u00f3 con el t\u00edtulo\u00bb, ha dicho Broncano.<\/p>\n<p class=\"c-paragraph\">El presentador ha comentado entonces la intenci\u00f3n inicial de invitar de nuevo a Montero al programa, ya como ganadora de MasterChef, si bien ya pas\u00f3 por este espacio a principios de temporada, en septiembre. \u00abPor un lado, estar\u00eda bien invitarla, pero claro, <b>dos veces en dos meses,<\/b> Maril\u00f3 Montero&#8230;\u00bb, ha indicado, sin descartar que pueda acudir en los pr\u00f3ximos meses.<\/p>\n<p class=\"c-paragraph\">\u00abQuiz\u00e1 a lo largo de la temporada, en condici\u00f3n de ganadora de MasterChef, viene y ese d\u00eda <b>acuchillamos aqu\u00ed a una vaquilla o algo<\/b> y listo\u00bb, ha bromeado Broncano.\u00a0<\/p>\n<p class=\"c-paragraph\">\u00abLe mandamos un beso a Maril\u00f3, felicidades Maril\u00f3, que has ganado\u00bb, ha enfatizado el presentador. \u00abSi <b>yo le tengo cari\u00f1o a Maril\u00f3<\/b>\u00ab, ha a\u00f1adido, antes de cambiar de asunto.<\/p>\n","protected":false},"excerpt":{"rendered":"La presentadora Maril\u00f3 Montero se convirti\u00f3 esta semana en la ganadora de la d\u00e9cima edici\u00f3n de MasterChef Celebrity,&hellip;\n","protected":false},"author":2,"featured_media":250617,"comment_status":"","ping_status":"","sticky":false,"template":"","format":"standard","meta":{"footnotes":""},"categories":[174],"tags":[13289,255,146,147,25,24,256,29956,7974,15297,23],"class_list":{"0":"post-250616","1":"post","2":"type-post","3":"status-publish","4":"format-standard","5":"has-post-thumbnail","7":"category-famosos","8":"tag-broncano","9":"tag-celebrities","10":"tag-entertainment","11":"tag-entretenimiento","12":"tag-es","13":"tag-espana","14":"tag-famosos","15":"tag-la-revuelta","16":"tag-marilo-montero","17":"tag-masterchef","18":"tag-spain"},"share_on_mastodon":{"url":"https:\/\/pubeurope.com\/@es\/115596251837172446","error":""},"_links":{"self":[{"href":"https:\/\/www.europesays.com\/es\/wp-json\/wp\/v2\/posts\/250616","targetHints":{"allow":["GET"]}}],"collection":[{"href":"https:\/\/www.europesays.com\/es\/wp-json\/wp\/v2\/posts"}],"about":[{"href":"https:\/\/www.europesays.com\/es\/wp-json\/wp\/v2\/types\/post"}],"author":[{"embeddable":true,"href":"https:\/\/www.europesays.com\/es\/wp-json\/wp\/v2\/users\/2"}],"replies":[{"embeddable":true,"href":"https:\/\/www.europesays.com\/es\/wp-json\/wp\/v2\/comments?post=250616"}],"version-history":[{"count":0,"href":"https:\/\/www.europesays.com\/es\/wp-json\/wp\/v2\/posts\/250616\/revisions"}],"wp:featuredmedia":[{"embeddable":true,"href":"https:\/\/www.europesays.com\/es\/wp-json\/wp\/v2\/media\/250617"}],"wp:attachment":[{"href":"https:\/\/www.europesays.com\/es\/wp-json\/wp\/v2\/media?parent=250616"}],"wp:term":[{"taxonomy":"category","embeddable":true,"href":"https:\/\/www.europesays.com\/es\/wp-json\/wp\/v2\/categories?post=250616"},{"taxonomy":"post_tag","embeddable":true,"href":"https:\/\/www.europesays.com\/es\/wp-json\/wp\/v2\/tags?post=250616"}],"curies":[{"name":"wp","href":"https:\/\/api.w.org\/{rel}","templated":true}]}}