{"id":250624,"date":"2025-11-23T00:51:12","date_gmt":"2025-11-23T00:51:12","guid":{"rendered":"https:\/\/www.europesays.com\/es\/250624\/"},"modified":"2025-11-23T00:51:12","modified_gmt":"2025-11-23T00:51:12","slug":"el-tacon-de-tani-sentencia-al-mallorca-y-permite-al-villarreal-firmar-su-mejor-arranque-liguero-futbol-deportes","status":"publish","type":"post","link":"https:\/\/www.europesays.com\/es\/250624\/","title":{"rendered":"El tac\u00f3n de Tani sentencia al Mallorca y permite al Villarreal firmar su mejor arranque liguero | F\u00fatbol | Deportes"},"content":{"rendered":"<p class=\"\">El fondo de armario<a href=\"https:\/\/elpais.com\/deportes\/futbol\/2025-11-21\/jornada-13-de-la-liga-horarios-resultados-y-resumenes-de-los-partidos.html\" target=\"_self\" rel=\"nofollow noopener\" title=\"https:\/\/elpais.com\/deportes\/futbol\/2025-11-21\/jornada-13-de-la-liga-horarios-resultados-y-resumenes-de-los-partidos.html\"> le dio al Villarreal <\/a>una victoria que tuvo que trabajarse mucho ante un buen Mallorca que aguant\u00f3 el empate a uno hasta los \u00faltimos diez minutos. Tani, con el tac\u00f3n y sobre la l\u00ednea de gol le dio el triunfo al equipo de Marcelino, que sigue encaramado en lo alto de la tabla y registra su mejor arranque en la Liga con 29 puntos en 13 jornadas.<\/p>\n<p>                                                                                                                                                                                                                                                                                <img decoding=\"async\" title=\"Villarreal\" loading=\"lazy\" src=\"https:\/\/www.europesays.com\/es\/wp-content\/uploads\/2025\/11\/1763859071_277_19.png\"  width=\"80\" height=\"80\" data-error-image=\"https:\/\/static.prisa.com\/aside\/resizer\/resize\/img\/sports\/football\/teams\/default.png?width=160&amp;height=160\"\/><\/p>\n<p>\n            2<\/p>\n<p>                                                                                                                                                                                                                                                                                                                                                                                                                                                                                                                                                                                                                                                                                                                                                                                                                                                                                                                                                                                                                                                                                                                                                                                                                                                                                                                                                                                                                                                                                                                                                                                                                                                                                                                                                                                                                                                                                                                                                                                                                                                                                                                                                                                                                                                                                                                                                                                                                                                                                                                                                                                                                                                                                                                                                                                                                                                                                                                                                                                                                                                                                                                                                                                                                                                    Luiz J\u00fanior, Renato Veiga, Pau Navarro, Rafa Mar\u00edn (Tajon Buchanan, min. 79), Alfonso Pedraza, Alberto Moleiro (Manor Solomon, min. 73), Thomas Partey (Pape Gueye, min. 62), Nicolas P\u00e9p\u00e9, Santi Comesa\u00f1a, Gerard Moreno (Georges Mikautadze, min. 62) y Ayoze P\u00e9rez (Tani Oluwaseyi, min. 62)<\/p>\n<p>\n            1<\/p>\n<p>                                                                                                                                                                                                                                                                                <img decoding=\"async\" title=\"Mallorca\" loading=\"lazy\" src=\"https:\/\/www.europesays.com\/es\/wp-content\/uploads\/2025\/11\/11.png\"  width=\"80\" height=\"80\" data-error-image=\"https:\/\/static.prisa.com\/aside\/resizer\/resize\/img\/sports\/football\/teams\/default.png?width=160&amp;height=160\"\/><\/p>\n<p>                                                                                                                                                                                                                                                                                                                                                                                                                                                                                                                                                                                                                                                                                                                                                                                                                                                                                                                                                                                                                                                                                                                                                                                                                                                                                                                                                                                                                                                                                                                                                                                                                                                                                                                                                                                                                                                                                                                                                                                                                                                                                                                                                                                                                                                                                                                                                                                                                                                                                                                                                                                                                                                                                                                                                                                                                                                                                                                                                                                                                                                                                                                                                                                                                                                    Lucas Bergstr\u00f6m, Johan Mojica, Martin Valjent, Pablo Maffeo, Antonio Ra\u00edllo, Jan Virgili (Vedat Muriqi, min. 73), Omar Mascarell (Javi Llabr\u00e9s, min. 85), Antonio S\u00e1nchez (Takuma Asano, min. 85), Sam\u00fa Costa, Pablo Torre (Sergi Darder, min. 68) y Mateo Joseph (Manu Morlanes, min. 85)<\/p>\n<p>\n            <b>Goles<\/b><br \/>\n                                                                                                        1-0 min. 5: Gerard Moreno.                                                                                 1-1 min. 7: Samuel Costa.                                                                                 2-1 min. 82: Tani Oluwaseyi                    <\/p>\n<p>\n            <b>Arbitro<\/b> Jos\u00e9 Luis Guzm\u00e1n Mansilla<\/p>\n<p>Tarjetas amarillas<br \/>\n                                            Garc\u00eda (min. 40),                                             Lucas Bergstrom (min. 66),                                             Mojica (min. 74),                                             Luiz L\u00facio Reis J\u00fanior (min. 88),                                             Tajon Buchanan (min. 96)\n                <\/p>\n<p class=\"\">El partido naci\u00f3 con los dos equipos subidos de revoluciones y convertido en un tiroteo. Con mucha dedicaci\u00f3n por la anticipaci\u00f3n para robar y montar ataques r\u00e1pidos. Ese paisaje justific\u00f3 la alineaci\u00f3n de Jagoba Arrasate, que dej\u00f3 en el <a href=\"https:\/\/elpais.com\/deportes\/futbol\/2025-08-30\/vedat-muriqi-a-veces-me-parece-que-juego-a-otro-deporte-no-soy-rapido-ni-tecnico-ni-agil.html\" target=\"_self\" rel=\"nofollow noopener\" title=\"https:\/\/elpais.com\/deportes\/futbol\/2025-08-30\/vedat-muriqi-a-veces-me-parece-que-juego-a-otro-deporte-no-soy-rapido-ni-tecnico-ni-agil.html\">banquillo a Muriqi, su faro ofensivo,<\/a> para buscar la movilidad del interesante Mateo Josep, el escurridizo Virgili y el talento de Pablo Torres por detr\u00e1s. A toda mecha, fue el Villarreal el que golpe\u00f3 primero. Un centro pasado de Pedraza lo pudo dejar Ayoze de cabeza en el segundo palo para que lo remachara Gerard Moreno. <a href=\"https:\/\/elpais.com\/deportes\/futbol\/2025-11-08\/el-villarreal-de-gerard-moreno-apaga-al-espanyol-en-cornella.html\" target=\"_self\" rel=\"nofollow noopener\" title=\"https:\/\/elpais.com\/deportes\/futbol\/2025-11-08\/el-villarreal-de-gerard-moreno-apaga-al-espanyol-en-cornella.html\">Un ejercicio de oportunismo<\/a> de un delantero que ya suma cuatro jornadas consecutivas viendo puerta. Una manera contundente de volver a llamar a las puertas de la selecci\u00f3n. La jugada, el centro de Pedraza en concreto, dej\u00f3 en mal lugar al larguirucho meta fin\u00e9s Bergstr\u00f6m. El jugador m\u00e1s alto de la historia de la Liga con sus 2,05 metros no estaba bien colocado. Celebraba a\u00fan el tanto la hinchada local cuando una mala salida de bal\u00f3n propici\u00f3 una conducci\u00f3n r\u00e1pida de Virgili y una buena maniobra de Pablo Torre para habilitar a Samu Costa. El luso, esquinado, se marc\u00f3 un zurdazo raso y esquinado que sorprendi\u00f3 a Luiz Junior. Los dos primeros disparos a puerta de cada equipo fueron gol.<\/p>\n<p class=\"\">No se bajaron ni Villarreal ni Mallorca de ese ritmo fren\u00e9tico. P\u00e9p\u00e9 y Antonio S\u00e1nchez probaron suerte desde fuera del \u00e1rea con dos zurriagazos ajustados que se fueron por un palmo. Luiz Junior tuvo que achicarle el espacio muy r\u00e1pido a Mateo Joseph para enmendar un error propio en la salida de bal\u00f3n. En ese partido tan pendular, el Villarreal echaba de menos m\u00e1s de Ayoze y de Moleiro, secados por los marcajes individuales de Valjent y Maffeo. Esa decisi\u00f3n y la de montar una defensa de cinco con Antonio S\u00e1nchez de carrilero diestro dificultaron la ofensiva del Villarreal. Solo Gerard Moreno participaba con peligro. Un bal\u00f3n suyo lo cabece\u00f3 manso Moleiro. Con m\u00e1s presencia en campo contrario que fluidez, el Villarreal ejerc\u00eda un dominio que el Mallorca se sacud\u00eda con r\u00e1pidas transiciones. <\/p>\n<p class=\"\">Con el empate al descanso y con menos claridad local en la reanudaci\u00f3n, Marcelino decidi\u00f3 sentar a Thomas, Ayoze y Gerard Moreno, que no entendi\u00f3 su cambio. Gueye, Tani y Mikautadze fueron los relevos. El segundo asisti\u00f3 al georgiano, que se encontr\u00f3 con la larga pierna de Bergstr\u00f6m. Tuvo que ser el tac\u00f3n de Tani el que decidiera el duelo. <\/p>\n","protected":false},"excerpt":{"rendered":"El fondo de armario le dio al Villarreal una victoria que tuvo que trabajarse mucho ante un buen&hellip;\n","protected":false},"author":2,"featured_media":250625,"comment_status":"","ping_status":"","sticky":false,"template":"","format":"standard","meta":{"footnotes":""},"categories":[93],"tags":[1540,168,1539,25,24,282,1538,23015,1210,22502,13752,23,167,9607],"class_list":{"0":"post-250624","1":"post","2":"type-post","3":"status-publish","4":"format-standard","5":"has-post-thumbnail","7":"category-deportes","8":"tag-competiciones","9":"tag-deportes","10":"tag-entrenadores","11":"tag-es","12":"tag-espana","13":"tag-futbol","14":"tag-futbolistas","15":"tag-jagoba-arrasate","16":"tag-laliga-ea-sports","17":"tag-marcelino-garcia-toral","18":"tag-rcd-mallorca","19":"tag-spain","20":"tag-sports","21":"tag-villarreal-cf"},"share_on_mastodon":{"url":"https:\/\/pubeurope.com\/@es\/115596276087090269","error":""},"_links":{"self":[{"href":"https:\/\/www.europesays.com\/es\/wp-json\/wp\/v2\/posts\/250624","targetHints":{"allow":["GET"]}}],"collection":[{"href":"https:\/\/www.europesays.com\/es\/wp-json\/wp\/v2\/posts"}],"about":[{"href":"https:\/\/www.europesays.com\/es\/wp-json\/wp\/v2\/types\/post"}],"author":[{"embeddable":true,"href":"https:\/\/www.europesays.com\/es\/wp-json\/wp\/v2\/users\/2"}],"replies":[{"embeddable":true,"href":"https:\/\/www.europesays.com\/es\/wp-json\/wp\/v2\/comments?post=250624"}],"version-history":[{"count":0,"href":"https:\/\/www.europesays.com\/es\/wp-json\/wp\/v2\/posts\/250624\/revisions"}],"wp:featuredmedia":[{"embeddable":true,"href":"https:\/\/www.europesays.com\/es\/wp-json\/wp\/v2\/media\/250625"}],"wp:attachment":[{"href":"https:\/\/www.europesays.com\/es\/wp-json\/wp\/v2\/media?parent=250624"}],"wp:term":[{"taxonomy":"category","embeddable":true,"href":"https:\/\/www.europesays.com\/es\/wp-json\/wp\/v2\/categories?post=250624"},{"taxonomy":"post_tag","embeddable":true,"href":"https:\/\/www.europesays.com\/es\/wp-json\/wp\/v2\/tags?post=250624"}],"curies":[{"name":"wp","href":"https:\/\/api.w.org\/{rel}","templated":true}]}}