{"id":250626,"date":"2025-11-23T00:52:09","date_gmt":"2025-11-23T00:52:09","guid":{"rendered":"https:\/\/www.europesays.com\/es\/250626\/"},"modified":"2025-11-23T00:52:09","modified_gmt":"2025-11-23T00:52:09","slug":"los-alimentos-que-debes-incluir-en-tu-dieta-para-blindar-tu-sistema-inmunitario-este-invierno-cope","status":"publish","type":"post","link":"https:\/\/www.europesays.com\/es\/250626\/","title":{"rendered":"Los alimentos que debes incluir en tu dieta para blindar tu sistema inmunitario este invierno &#8211; COPE"},"content":{"rendered":"<ol>\n<li><a href=\"https:\/\/news.google.com\/rss\/articles\/CBMi_AFBVV95cUxNNERGTGNrNEN3UFdVRXJ4ckVWazgyY0xTSXRWMmRTaVZOUG80bnVmbWVsa3hxVUhudWVBbm5vMHVLcHhXdEVROGNPSmFkVW0zcTZkSDkyaEx2cFpZUy1tazc5S0dfLWhINXhKYnNXLVVyMEVYZnRXNWNyaFgtVHA2bWdKLV9WbDU4X3pQc3NHR0xvb1hWYVdZSEpNeXhBWUpZZU1IclpyellFb0F2QTgxQlRweDF2NmZUam13dnRFWDlXR0VtU3VGTUtMSWF2bnI1LXhsRTFKenB4M3ZzdVhWTUJhZHFqaXpPeC1leHpTSlBMbkQ2ZXhHa2Z5LWTSAYICQVVfeXFMTXdWTWluWnlKYXl0MVZDTk4wMDM3UGRWcnQ4V0Z0aF9rWjJsMjc2eXNDaUhJb0JOS2pWQTBjcTNIQWhRZFhPVUlpcGpvbkdMNG95Yy1vVGdJVVVOLTNmYlJ1UnNzVXR0YVg1M2pNT0NpMFAxTGhVSmFwZlhya2hlLThKVDctSm5jbHJ4YW1jenl1alNBczB5MTFsZ0lxaEtwUmg4Q0JzN3lURXZXbF9ld0FsaHpVWnRWOFVKUElKeDhvdjNQbXBrYUVBaG9YX1UxMGVoSlRLbW16RGM3aWpVdWtFVGpINHhrQXdpc3dtSGxSZ2l5NVhIc3dxUF9mcHhXRERB?oc=5\" target=\"_blank\" rel=\"nofollow noopener\">Los alimentos que debes incluir en tu dieta para blindar tu sistema inmunitario este invierno<\/a>&nbsp;&nbsp;COPE<\/li>\n<li><a href=\"https:\/\/news.google.com\/rss\/articles\/CBMijgFBVV95cUxNOHlYNl9JeHZVNkxTRkJ0dUQ2YW1mNlNfUG1yUFJuVGtreHlTRUJGUjZCbmtnckRBN3lRdk0wTWpqNlFSWk9JQkdtbG51M2FzdkFid0psb05xZWR2azQ1NnU0TDNlaF9jMG42cy1WMUhNckpoX3VJTkpKUEctWVlRZVZfUVpEUC0zaVVzRnF30gGOAUFVX3lxTE12aHowTG5la1RjLVZEMXhndXZVZXVZRmlTVE81LVN5VTN6X0lyZld5Qk1Gb2xfcVN6SnJRcGlYN002dU93eU1lYWxzQ1lHZmVZZjV1ZDAyTENhYmZBcVljTTZucjRYeVBYd2Y2SDhrLXBvNlVkdW9ZajhCT21YeEFsOEFXWU9sVmFrRFYzZmc?oc=5\" target=\"_blank\" rel=\"nofollow noopener\">Fortalecer el sistema inmune ante las bajas temperaturas: \u00abEl cuerpo se vuelve vulnerable a los virus\u00bb<\/a>&nbsp;&nbsp;El Mundo<\/li>\n<li><a href=\"https:\/\/news.google.com\/rss\/articles\/CBMipwFBVV95cUxPYVlTQ0MxQ0txU3dCeU1ZazVjOU1tUFlvRjhFSFhtYmdsVVB3RWtWTEpHMGY5MUZwRE1rb0gtTXFjdF9MOTk3UGZMMEFfLXRQZDMxWVJ2dG9fcHhhVk53bmtsNTJyRTgxdlNWYTRzdC1pSnZKeUVpempUTkM1bTBOblV6aGYyUE41dVlKMFF3V2lJSnRTV0MtaVlTLVN3MF8wVWNfZmpkSQ?oc=5\" target=\"_blank\" rel=\"nofollow noopener\">Alimentos para afrontar los d\u00edas fr\u00edos y fortalecer el sistema inmune<\/a>&nbsp;&nbsp;65 y m\u00e1s<\/li>\n<li><a href=\"https:\/\/news.google.com\/rss\/articles\/CBMiyAFBVV95cUxNWjhmQUU4aTd4bFZ5NU0xdndhSWJLSDA1djBRbkZqNm9sUUNZUV9IN1NhaVpLUlNQdm5GMEJsTFZWcGNYcmt1N3haaTcyd1FINVNfSHhpX2tBUUNFZTVuN1BGMGQ3NExidTVNVmZiVjUzY0NrVGRLc01aTVNOTWJPMlRIWFJ2bTlNR0JLXzctLXdoTFJJWDhjeXJZWGpKSElDZ2NGRTZOdFptamxPVTZ6RlYzRjRJRXdneVcwWWo5eEExcnI1RWRJUtIB3AFBVV95cUxOZ3JwZTVRNkltc295ekFVeXllb2pzbDczM1NuVERXanJ0YnEtLWNieFVaWG9ndEU1aXNha0NxZ0w2cl9VNWNVczRndzZJR21uOW91UEFzTF9VMERFa0NSQVZGZjdmTjNFRXpkbjQ0NHlvcTNCN1E5RURqcDZEeldEbGZVWjBkRVNqYjkwTUV5V1lVNDFvcTVESVJ1NjVwWkF4bnF2b1Bjck0yS1M5UEZVWHoydE91VHJqQXVJVndiSGQtU0l1MWU0NFJfOEFyUnNNWjdUbk55YmlWaXpT?oc=5\" target=\"_blank\" rel=\"nofollow noopener\">El fr\u00edo llega y las b\u00fasquedas de estos suplementos se disparan un a\u00f1o m\u00e1s<\/a>&nbsp;&nbsp;La Raz\u00f3n<\/li>\n<li><a href=\"https:\/\/news.google.com\/rss\/articles\/CBMirgFBVV95cUxQTFRoSzQtU3BsQW5QMk9TZjJCV2hGakdTSVRPaUkyUjR6VFVuMlhXTDZleWRhMFNsaTVBTGhqNHFvWTRNeHU4QVdHT1R5MXJVYlRfU2diemFOa0dnbFRmY0NsQUlYajdIV3hVc3FVRzFLUmE1bUZBaFBuTm5TRUZUMGd3Q3pFVVdaMzd5cGszb1gzNTUwVnZiT1ZxX2RIdlYyNE5Ec2NEVlZNbUhyUmfSAbMBQVVfeXFMUHNsLTNsdlI2ajhIOGxNejhFM1RIZ3YwZnNwMHVUUE1DOXlmOWQ5akljZFNlbVVtQl9HOFRJWmlQWWk0R2sweDhfcHozQ0xyN0hTclFoY0Zoa2gzSVpCaGNvTWdvTzl1VmtkRG55cWZDR0prVDR3ZmRPQTVRWEFvSlV4NVUxTFZkVWZfVFFHZ2htZTJLSnI4MWVIV05XeG1CalE4UUJPM0xqdUVKbThPZm9EWkE?oc=5\" target=\"_blank\" rel=\"nofollow noopener\">Llega el invierno: alimentos que apoyan tus defensas<\/a>&nbsp;&nbsp;ESdiario<\/li>\n<\/ol>\n","protected":false},"excerpt":{"rendered":"Los alimentos que debes incluir en tu dieta para blindar tu sistema inmunitario este invierno&nbsp;&nbsp;COPE Fortalecer el sistema&hellip;\n","protected":false},"author":2,"featured_media":248356,"comment_status":"","ping_status":"","sticky":false,"template":"","format":"standard","meta":{"footnotes":""},"categories":[92],"tags":[25,24,165,166,23],"class_list":{"0":"post-250626","1":"post","2":"type-post","3":"status-publish","4":"format-standard","5":"has-post-thumbnail","7":"category-salud","8":"tag-es","9":"tag-espana","10":"tag-health","11":"tag-salud","12":"tag-spain"},"share_on_mastodon":{"url":"https:\/\/pubeurope.com\/@es\/115596279509418673","error":""},"_links":{"self":[{"href":"https:\/\/www.europesays.com\/es\/wp-json\/wp\/v2\/posts\/250626","targetHints":{"allow":["GET"]}}],"collection":[{"href":"https:\/\/www.europesays.com\/es\/wp-json\/wp\/v2\/posts"}],"about":[{"href":"https:\/\/www.europesays.com\/es\/wp-json\/wp\/v2\/types\/post"}],"author":[{"embeddable":true,"href":"https:\/\/www.europesays.com\/es\/wp-json\/wp\/v2\/users\/2"}],"replies":[{"embeddable":true,"href":"https:\/\/www.europesays.com\/es\/wp-json\/wp\/v2\/comments?post=250626"}],"version-history":[{"count":0,"href":"https:\/\/www.europesays.com\/es\/wp-json\/wp\/v2\/posts\/250626\/revisions"}],"wp:featuredmedia":[{"embeddable":true,"href":"https:\/\/www.europesays.com\/es\/wp-json\/wp\/v2\/media\/248356"}],"wp:attachment":[{"href":"https:\/\/www.europesays.com\/es\/wp-json\/wp\/v2\/media?parent=250626"}],"wp:term":[{"taxonomy":"category","embeddable":true,"href":"https:\/\/www.europesays.com\/es\/wp-json\/wp\/v2\/categories?post=250626"},{"taxonomy":"post_tag","embeddable":true,"href":"https:\/\/www.europesays.com\/es\/wp-json\/wp\/v2\/tags?post=250626"}],"curies":[{"name":"wp","href":"https:\/\/api.w.org\/{rel}","templated":true}]}}