{"id":250637,"date":"2025-11-23T01:07:16","date_gmt":"2025-11-23T01:07:16","guid":{"rendered":"https:\/\/www.europesays.com\/es\/250637\/"},"modified":"2025-11-23T01:07:16","modified_gmt":"2025-11-23T01:07:16","slug":"paco-lopez-no-es-agradable-que-griten-en-tu-contra-hoy-hemos-sido-muy-superiores","status":"publish","type":"post","link":"https:\/\/www.europesays.com\/es\/250637\/","title":{"rendered":"Paco L\u00f3pez: \u201cNo es agradable que griten en tu contra, hoy hemos sido muy superiores\u201d"},"content":{"rendered":"<p class=\"\"><b>\u00bfC\u00f3mo ha vivido durante el partido esos gritos desde la grada en la parte final contra usted? \u00bfC\u00f3mo est\u00e1, c\u00f3mo se siente y si tiene fuerzas para seguir adelante en este proyecto?<\/b><\/p>\n<p class=\"\">Pues m\u00e1s agradable que griten eso en la grada\u2026 de este mundo no convive. Llevamos muchos a\u00f1os en esto del f\u00fatbol y estas cosas suceden.<\/p>\n<p class=\"\"><b>Ha sido hoy un partido en el que la diferencia ha sido la punter\u00eda\u2026<\/b><\/p>\n<p class=\"\">Ese es el resumen. Yo creo que hemos sido muy superiores en much\u00edsimas fases del partido, m\u00e1s en la segunda que en la primera, y aun as\u00ed volver a recordar que en esta categor\u00eda, con cero a cero, tienes un mano a mano por el extremo, no lo haces, y luego ellos cometen un golazo. Ah\u00ed vemos el talento y la calidad que tienen. Pero el golazo del 0\u20131\u2026 bueno, pues ya se te empieza a complicar m\u00e1s el partido. Pero yo estoy orgullos\u00edsimo del equipo, de lo que ha hecho hoy. <\/p>\n<p class=\"\">Primero, se han dejado todo en el campo; luego, la forma de jugar, la forma de atacar, existir\u2026 contra un equipo que ya sab\u00edamos que tiene una pegada tremenda, y si contra estos equipos, que te matan cuando los tienes contra la cuerda \u2014que ha habido muchas fases del partido que han sido as\u00ed\u2014, pues pasa lo que pasa. Pero el equipo lo ha intentado. Incre\u00edble la jugada del segundo tiempo, el remate de cabeza de Ciss\u00e9; acabamos y nada, que era el 1\u20131 y la empujaba. <\/p>\n<p class=\"\">El partido, pues \u00bfpor qu\u00e9 no se pod\u00eda dar la vuelta? Incluso con 0\u20132 ten\u00edamos la sensaci\u00f3n de que pod\u00edamos darle la vuelta. Pero para ganar partidos, evidentemente, hay que estar acertados tambi\u00e9n en esa \u00e1rea contraria. Y bueno, hubiera sido para m\u00ed la diferencia: la pegada.<\/p>\n<p class=\"\"><b>\u00bfC\u00f3mo anda el vestuario?<\/b><\/p>\n<p class=\"\">El vestuario normal, es l\u00f3gico y normal despu\u00e9s del partido\u2026 despu\u00e9s de perder. Pero es un vestuario muy maduro y hay gente con mucha experiencia tambi\u00e9n. Tratando de animarlos. Ser\u00e1 un d\u00eda dif\u00edcil ma\u00f1ana tambi\u00e9n, pero al entrenamiento con la cabeza arriba y a pensar en el partido siguiente, porque hay que ser profesional.<\/p>\n<p class=\"\"><b>\u00bfHay presi\u00f3n psicol\u00f3gica?<\/b><\/p>\n<p class=\"\">Si mentalmente estuviese mal, no hubiese generado todo lo que ha generado. No hubiese sido superior en tantas fases del partido a un equipazo. Por lo tanto, no creo que vaya por ah\u00ed el tema. Hoy precisamente \u2014en otro partido podr\u00edamos hablar de otra posibilidad\u2014, pero hoy el equipo ha dado la cara en todo momento. Ha tenido iniciativa, atrevimiento, valent\u00eda. <\/p>\n<p class=\"\">Y s\u00ed que es verdad que cuando recibes tres goles puedes decir que es en \u00e1rea propia, pero es que el primero, repito, ha sido\u2026 no s\u00e9, \u00bfcu\u00e1nto?, \u00bf40?, \u00bf25 metros? El gol. Por lo tanto, no es una mala defensa en \u00e1rea. Ahora, los siguientes, con el equipo volcado, pues los otros goles l\u00f3gicamente puedes decir \u2014sobre todo el tercero\u2014 que ya es un desajuste cuando est\u00e1bamos jugando sin defensa, que estaba jugando como defensa Marvel. Y bueno, pues s\u00ed, pero ah\u00ed precisamente no. No va a ser una cuesti\u00f3n mental ni mucho menos, sino una cuesti\u00f3n de acierto.<\/p>\n<p class=\"\"><b>\u00bfPor qu\u00e9 ha acabado con la defensa que ha acabado?<\/b><\/p>\n<p class=\"\">A ver, Lalo ya en el descanso nos ha dicho que no sab\u00eda si iba a poder continuar. Por lo tanto, hab\u00eda que sacar un mueble\u2026 en ese momento est\u00e1bamos perdiendo y tratamos de arriesgar. Metes a Diawara de central tratando de estar por delante. Y luego, porque andaba ya muy justo, pues le sacabas otro central, pero considero que hab\u00eda que arriesgar todo lo que se pod\u00eda y m\u00e1s. <\/p>\n<p class=\"\">No podemos no arriesgar. Eso evidentemente te da que haya alg\u00fan jugador \u2014como Diawara o como Figueredo al final\u2014 que no juegue en su posici\u00f3n habitual. Pero si quieres cambiar algo en el partido, tienes que hacerlo. Y creo que con bal\u00f3n a\u00fan as\u00ed hemos seguido generando, hemos seguido llegando por un lado o por otro. Luego, cuando ha salido Pauwels por el lado izquierdo\u2026 y es que nos ha faltado gol; es que no puedo decirle otra cosa.<\/p>\n<p class=\"\"><b>\u00bfC\u00f3mo est\u00e1 Rub\u00e9n Pe\u00f1a? \u00bfHay que replantear los objetivos para reducir la ansiedad?<\/b><\/p>\n<p class=\"\">Lo de Rub\u00e9n, nada, pues ahora a esperar, pero realmente es una lesi\u00f3n muscular. Ha notado un pinchazo y esperaremos a ver qu\u00e9 tipo de lesi\u00f3n es y qu\u00e9 grado tiene.<\/p>\n<p class=\"\">Con respecto a los objetivos, ahora mismo, tal y como estamos, nuestro objetivo sigue siendo el mismo: ganar el pr\u00f3ximo partido. Es verdad lo que est\u00e1 diciendo, que a nivel psicol\u00f3gico podr\u00eda cambiar, pero bueno\u2026 es que estamos en un club cuya pretensi\u00f3n desde el principio ha sido esa. Yo siempre lo he dicho: m\u00e1s que hablar de objetivos a largo plazo, siempre hablo partido a partido, sin obviar cu\u00e1l era el objetivo inicial del club. <\/p>\n<p class=\"\">Pero el mensaje siempre ha sido el mismo: cada partido. No puede ser otra cosa, y m\u00e1s si cabe ahora en estas circunstancias. Pero queda much\u00edsima liga todav\u00eda. Y bueno, hoy si hubi\u00e9semos ganado, f\u00edjese lo que hubiese cambiado: est\u00e1bamos a tiro de piedra de los primeros clasificados. Y de verdad que no hemos merecido perder, pero es as\u00ed.<\/p>\n<p class=\"\"><b>\u00bfEntiende que la afici\u00f3n est\u00e9 cansada?<\/b><\/p>\n<p class=\"\">Es dif\u00edcil. Yo entiendo a la afici\u00f3n; entiendo perfectamente su enfado, que est\u00e9n molestos, que est\u00e9n incluso rabiosos, porque es normal. Quieren ver ganar a su equipo, porque el equipo viene de descender y esperan ver un equipo que estuviera desde el inicio arriba. Faltar\u00eda m\u00e1s. Es entendible todo eso.<\/p>\n<p class=\"\">Hacerles entender\u2026 lo \u00fanico que podemos hacer los profesionales es darlo todo, como lo han hecho hoy los jugadores, y evidentemente estar m\u00e1s acertados y ganar partidos. Es lo \u00fanico que podemos hacer. Agradecerles una vez m\u00e1s el apoyo desde el principio. Nos hubiese gustado brindarles una victoria hoy, y m\u00e1s por la forma en la que hemos jugado. Poco m\u00e1s puedo decirles; entiendo perfectamente su enfado.<\/p>\n<p class=\"\"><b>Con el enfado de la afici\u00f3n y teniendo en cuenta que no est\u00e1n viendo resultados en casa, \u00bfes m\u00e1s dif\u00edcil para los jugadores jugar en Butarque?<\/b><\/p>\n<p class=\"\">Es algo que venimos hablando cada semana. No deber\u00eda ser as\u00ed y no tiene que ser as\u00ed. Hoy yo no creo que haya influido. Si me habla, por ejemplo, del \u00fanico partido \u2014que hemos jugado\u2014 podr\u00edamos debatir, pero hoy ni mucho menos ha influido. El equipo ha hecho muy buen partido contra un rival poderos\u00edsimo, y lo hemos superado en much\u00edsimas fases del partido. No es nada sencillo.<\/p>\n<p>Noticias relacionadas<a href=\"https:\/\/as.com\/futbol\/segunda\/el-almeria-chapotea-en-la-crisis-f202511-n\/\" class=\"s_m_w _rt-16x9\" title=\"El Legan\u00e9s se hunde en su estadio, en el que solo ha sacado 5 de 21 puntos posibles. C\u00e1nticos contra Paco L\u00f3pez y la directiva. El Almer\u00eda, lanzado, apenas remat\u00f3 dos veces: dos goles.\" data-tb-link=\"\" rel=\"nofollow noopener\" target=\"_blank\"><img decoding=\"async\" src=\"https:\/\/www.europesays.com\/es\/wp-content\/uploads\/2025\/11\/OQBNQ72MSBPGJN3P2K4EVTUEFY.jpg\" alt=\"El Almer\u00eda chapotea en la crisis\" class=\"\" height=\"9\" width=\"16\"   loading=\"lazy\" data-tb-thumbnail=\"\"\/><\/a><a href=\"https:\/\/as.com\/futbol\/segunda\/el-leganes-el-equipo-de-segunda-que-menos-titulares-alinea-f202511-n\/\" class=\"s_m_w _rt-16x9\" title=\"Paco L\u00f3pez s\u00f3lo ha utilizado a 18 de sus 24 jugadores (21 son de campo) como titulares en las 14 jornadas disputadas. Hay cinco que jam\u00e1s han jugado de inicio y 14 que han sido titulares en 4 o m\u00e1s encuentros. \" data-tb-link=\"\" rel=\"nofollow noopener\" target=\"_blank\"><img decoding=\"async\" src=\"https:\/\/www.europesays.com\/es\/wp-content\/uploads\/2025\/11\/WEXB5X6YAZIA3MDK6QFRX45LQM.jpg\" alt=\"El Legan\u00e9s, el equipo de Segunda que menos titulares alinea\" class=\"\" height=\"9\" width=\"16\"   loading=\"lazy\" data-tb-thumbnail=\"\"\/><\/a><\/p>\n<p class=\"\">Entonces no creo que vaya por ah\u00ed. S\u00ed que es verdad que fuera de casa estamos teniendo m\u00e1s acierto que en casa, pero no debemos quedarnos con eso. Siempre pienso que jugar en tu estadio y con tu gente debe ser un plus, y debe ser as\u00ed.<\/p>\n<p class=\"\"><b>\u00a1Tus opiniones importan!<\/b> Comenta en los art\u00edculos y suscr\u00edbete gratis a nuestra <a href=\"https:\/\/asfan.as.com\/newsletters\/\" target=\"_blank\" rel=\"nofollow noopener\" title=\"https:\/\/asfan.as.com\/newsletters\/\">newsletter<\/a> y a las alertas informativas en la <a href=\"https:\/\/as.com\/aplicacion-de-as-n\/\" target=\"_blank\" rel=\"nofollow noopener\" title=\"https:\/\/as.com\/aplicacion-de-as-n\/\">App<\/a> o el canal de <a href=\"https:\/\/www.whatsapp.com\/channel\/0029VaAasdA7j6g745nz9M10\" target=\"_blank\" rel=\"nofollow noopener\" title=\"https:\/\/www.whatsapp.com\/channel\/0029VaAasdA7j6g745nz9M10\">WhatsApp<\/a>. \u00bfBuscas licenciar contenido? Haz clic <a href=\"https:\/\/profesional.elpais.com\/soluciones-sindicacion?utm_medium=interno&amp;utm_source=crosslinking&amp;utm_campaign=sindicacion_as_pie_articulos\" target=\"_blank\" rel=\"nofollow noopener\" title=\"https:\/\/profesional.elpais.com\/soluciones-sindicacion?utm_medium=interno&amp;utm_source=crosslinking&amp;utm_campaign=sindicacion_as_pie_articulos\">aqu\u00ed<\/a><\/p>\n","protected":false},"excerpt":{"rendered":"\u00bfC\u00f3mo ha vivido durante el partido esos gritos desde la grada en la parte final contra usted? \u00bfC\u00f3mo&hellip;\n","protected":false},"author":2,"featured_media":250638,"comment_status":"","ping_status":"","sticky":false,"template":"","format":"standard","meta":{"footnotes":""},"categories":[268],"tags":[168,25,24,280,282,281,23,167],"class_list":{"0":"post-250637","1":"post","2":"type-post","3":"status-publish","4":"format-standard","5":"has-post-thumbnail","7":"category-futbol","8":"tag-deportes","9":"tag-es","10":"tag-espana","11":"tag-football","12":"tag-futbol","13":"tag-soccer","14":"tag-spain","15":"tag-sports"},"share_on_mastodon":{"url":"https:\/\/pubeurope.com\/@es\/115596338751633385","error":""},"_links":{"self":[{"href":"https:\/\/www.europesays.com\/es\/wp-json\/wp\/v2\/posts\/250637","targetHints":{"allow":["GET"]}}],"collection":[{"href":"https:\/\/www.europesays.com\/es\/wp-json\/wp\/v2\/posts"}],"about":[{"href":"https:\/\/www.europesays.com\/es\/wp-json\/wp\/v2\/types\/post"}],"author":[{"embeddable":true,"href":"https:\/\/www.europesays.com\/es\/wp-json\/wp\/v2\/users\/2"}],"replies":[{"embeddable":true,"href":"https:\/\/www.europesays.com\/es\/wp-json\/wp\/v2\/comments?post=250637"}],"version-history":[{"count":0,"href":"https:\/\/www.europesays.com\/es\/wp-json\/wp\/v2\/posts\/250637\/revisions"}],"wp:featuredmedia":[{"embeddable":true,"href":"https:\/\/www.europesays.com\/es\/wp-json\/wp\/v2\/media\/250638"}],"wp:attachment":[{"href":"https:\/\/www.europesays.com\/es\/wp-json\/wp\/v2\/media?parent=250637"}],"wp:term":[{"taxonomy":"category","embeddable":true,"href":"https:\/\/www.europesays.com\/es\/wp-json\/wp\/v2\/categories?post=250637"},{"taxonomy":"post_tag","embeddable":true,"href":"https:\/\/www.europesays.com\/es\/wp-json\/wp\/v2\/tags?post=250637"}],"curies":[{"name":"wp","href":"https:\/\/api.w.org\/{rel}","templated":true}]}}