{"id":250641,"date":"2025-11-23T01:11:15","date_gmt":"2025-11-23T01:11:15","guid":{"rendered":"https:\/\/www.europesays.com\/es\/250641\/"},"modified":"2025-11-23T01:11:15","modified_gmt":"2025-11-23T01:11:15","slug":"daredevil-born-again-no-cuenta-con-jon-bernthal-en-la-segunda-temporada","status":"publish","type":"post","link":"https:\/\/www.europesays.com\/es\/250641\/","title":{"rendered":"&#8216;Daredevil: Born Again&#8217; no cuenta con Jon Bernthal en la segunda temporada"},"content":{"rendered":"<p>Despu\u00e9s de interpretar a Frank Castle entre 2016 y 2019 en las series de Netflix &#8216;<a href=\"https:\/\/www.ecartelera.com\/series\/daredevil\/\" data-mention-type=\"serie\" data-mention-id=\"10\" rel=\"nofollow noopener\" target=\"_blank\">Daredevil<\/a>&#8216; y &#8216;<a href=\"https:\/\/www.ecartelera.com\/series\/the-punisher\/\" data-mention-type=\"serie\" data-mention-id=\"71\" rel=\"nofollow noopener\" target=\"_blank\">The Punisher<\/a>&#8216;, <a href=\"https:\/\/www.ecartelera.com\/personas\/jon-bernthal\/\" data-mention-type=\"persona\" data-mention-id=\"2862\" rel=\"nofollow noopener\" target=\"_blank\">Jon Bernthal<\/a> retom\u00f3 al personaje en &#8216;<a href=\"https:\/\/www.ecartelera.com\/series\/daredevil-born-again\/\" data-mention-type=\"serie\" data-mention-id=\"1934\" rel=\"nofollow noopener\" target=\"_blank\">Daredevil: Born Again<\/a>&#8216;, ya en Disney+, y volver\u00e1 a hacerlo en &#8216;<a href=\"https:\/\/www.ecartelera.com\/peliculas\/spider-man-4\/\" data-mention-type=\"pelicula\" data-mention-id=\"18773\" rel=\"nofollow noopener\" target=\"_blank\">Spider-Man: Brand New Day<\/a>&#8216; cuando se estrene el 31 de julio de 2026. Adem\u00e1s, tambi\u00e9n ha rodado un <a href=\"https:\/\/www.ecartelera.com\/noticias\/marvel-desarrollando-especial-punisher-jon-bernthal-79965\/\" target=\"_blank\" rel=\"nofollow noopener\">especial <\/a>para la plataforma de streaming que servir\u00e1 para introducirlo en el UCM.<\/p>\n<p>Tr\u00e1iler espa\u00f1ol &#8216;Daredevil: Born Again&#8217;<\/p>\n<p><video id=\"vid-34792\" class=\"video-js vjs-default-skin\" data-title=\"Tr\u00e1iler espa\u00f1ol 'Daredevil: Born Again'\" poster=\"https:\/\/www.ecartelera.com\/images\/videos\/34700\/f34792.jpg\" controls=\"\" preload=\"auto\" width=\"640\" height=\"360\" playsinline=\"\" data-vtt=\"\/\/v1.ecartelera.com\/video\/34700\/34792_sprite.vtt\" data-stream=\"1\">El navegador no soporta el tag de v\u00eddeo.<\/video><\/p>\n<p>X<\/p>\n<p>Donde no parece que vayamos a verle de nuevo (o por ahora) es junto al Matt Murdock de <a href=\"https:\/\/www.ecartelera.com\/personas\/charlie-cox\/\" data-mention-type=\"persona\" data-mention-id=\"3653\" rel=\"nofollow noopener\" target=\"_blank\">Charlie Cox<\/a>, pues Sana Amanat, productora ejecutiva de &#8216;Daredevil: Born Again&#8217;, <strong>ha confirmado en Empire Magazine (v\u00eda <a href=\"https:\/\/screenrant.com\/daredevil-born-again-season-2-jon-bernthal-punisher-not-returning-confirmation\/\" target=\"_blank\" rel=\"nofollow noopener\">Screenrant<\/a>) que The Punisher no estar\u00e1 en la segunda temporada:<\/strong> \u00abEl tiene por separado su propio especial de televisi\u00f3n en camino\u00bb. <\/p>\n<p>Sin embargo, <strong>&#8216;Daredevil&#8217; ya est\u00e1 renovada por una tercera temporada<\/strong> antes incluso de emitir la segunda, por lo que Bernthal podr\u00eda volver a la serie en un futuro y tras su paso por el universo del Spidr-Man de <a href=\"https:\/\/www.ecartelera.com\/personas\/tom-holland\/\" data-mention-type=\"persona\" data-mention-id=\"5219\" rel=\"nofollow noopener\" target=\"_blank\">Tom Holland<\/a>. <\/p>\n<p>\t\t\t\t\t\t\t<img decoding=\"async\" loading=\"lazy\" src=\"https:\/\/www.europesays.com\/es\/wp-content\/uploads\/2025\/11\/244767_el-productor-de-daredevil-born-again-avanza-la-.jpg\" alt=\"El productor de 'Daredevil: Born Again' avanza la &quot;nueva direcci\u00f3n&quot; de la serie tras &quot;aprender de los errores&quot;\" width=\"1200\" height=\"713\"\/>\t<\/p>\n<p>\t\t\t\t\t\tEl productor de &#8216;Daredevil: Born Again&#8217; avanza la \u00abnueva direcci\u00f3n\u00bb de la serie tras \u00abaprender de los errores\u00bb<\/p>\n<p>La fuga de Castle de prisi\u00f3n donde le hab\u00eda puesto Wilson Fisk\/Kingpin (<a href=\"https:\/\/www.ecartelera.com\/personas\/vincent-donofrio\/\" data-mention-type=\"persona\" data-mention-id=\"4826\" rel=\"nofollow noopener\" target=\"_blank\">Vincent D&#8217;Onofrio<\/a>) al final de la primera temporada de &#8216;Born Again&#8217; dar\u00e1 pie al especial de Disney+, que ha coescrito <strong>Bernthal con el director <\/strong><a href=\"https:\/\/www.ecartelera.com\/personas\/reinaldo-marcus-green\/\" data-mention-type=\"persona\" data-mention-id=\"25842\" rel=\"nofollow noopener\" target=\"_blank\">Reinaldo Marcus Green<\/a>. Luego vendr\u00e1 &#8216;Brand New Day&#8217; y despu\u00e9s el futuro dir\u00e1. <\/p>\n<p>La conexi\u00f3n entre Frank Castle y Peter Parker viene de largo en los c\u00f3mics. Son personajes antag\u00f3nicos y Punisher ve a Spider-Man como un impedimento para su lucha contra el crimen. <a href=\"https:\/\/3dcine.es\/marvel-cancela-a-bernthal-en-daredevil-pero-su-venganza-llega-en-2026\/\" target=\"_blank\" rel=\"nofollow noopener\">Su din\u00e1mica <\/a>es muy interesante, mientras Peter act\u00faa como la conciencia moral que Frank ha perdido, Frank representa lo que Peter podr\u00eda llegar a ser si perdiese el camino. <\/p>\n<p>\t\t\t\t\t\t\t<img decoding=\"async\" loading=\"lazy\" src=\"https:\/\/www.europesays.com\/es\/wp-content\/uploads\/2025\/11\/238007_daredevil-born-again-charlie-cox-y-krysten-rit.jpg\" alt=\"'Daredevil: Born Again': Charlie Cox y Krysten Ritter est\u00e1n entrenando juntos para la temporada 2, y hay prueba gr\u00e1fica\" width=\"1200\" height=\"721\"\/>\t<\/p>\n<p>\t\t\t\t\t\t&#8216;Daredevil: Born Again&#8217;: Charlie Cox y Krysten Ritter est\u00e1n entrenando juntos para la temporada 2, y hay prueba gr\u00e1fica<br \/>\n\t\t\t\t\t\tRegresos que s\u00ed regresan<\/p>\n<p>La que s\u00ed estar\u00e1 en la segunda temporada de &#8216;Dararedevil: Born Again&#8217; es la Jessica Jones de <a href=\"https:\/\/www.ecartelera.com\/personas\/krysten-ritter\/\" data-mention-type=\"persona\" data-mention-id=\"537\" rel=\"nofollow noopener\" target=\"_blank\">Krysten Ritter<\/a>, <strong>que tambi\u00e9n tuvo su propia serie en Netflix con el personaje entre 2018 y 2019 y form\u00f3 parte de &#8216;<a href=\"https:\/\/www.ecartelera.com\/series\/los-defensores\/\" data-mention-type=\"serie\" data-mention-id=\"112\" rel=\"nofollow noopener\" target=\"_blank\">The Defenders<\/a>&#8216;.<\/strong> Sobre su incorporaci\u00f3n, Amanat dice que aunque la detective Jones no es \u00abnecesariamente la clase de persona que trabaja en equipo\u00bb, ella aportar\u00e1 originalidad y alegr\u00eda. &#8216;Daredevil&#8217; puede ser muy oscura y dram\u00e1tica y ella corta con las tonter\u00edas de una forma muy divertida. &#8216;Daredevil: Born Again&#8217; regresa a Disney+ el 4 de marxo de 2026 con 8 nuevos episodios que formaran parte de la Fase 6 del <a href=\"https:\/\/www.ecartelera.com\/sagas\/universo-marvel\/\" data-mention-type=\"saga\" data-mention-id=\"58\" rel=\"nofollow noopener\" target=\"_blank\">Universo Cinematogr\u00e1fico Marvel<\/a>.<\/p>\n","protected":false},"excerpt":{"rendered":"Despu\u00e9s de interpretar a Frank Castle entre 2016 y 2019 en las series de Netflix &#8216;Daredevil&#8216; y &#8216;The&hellip;\n","protected":false},"author":2,"featured_media":250642,"comment_status":"","ping_status":"","sticky":false,"template":"","format":"standard","meta":{"footnotes":""},"categories":[171],"tags":[1014,1015,1013,177,1011,146,147,25,24,782,1019,1016,753,1012,23,1017,214,1018],"class_list":{"0":"post-250641","1":"post","2":"type-post","3":"status-publish","4":"format-standard","5":"has-post-thumbnail","7":"category-tv","8":"tag-actores","9":"tag-actrices","10":"tag-cartelera","11":"tag-cine","12":"tag-ecartelera","13":"tag-entertainment","14":"tag-entretenimiento","15":"tag-es","16":"tag-espana","17":"tag-estrellas","18":"tag-fotogramas","19":"tag-fotos","20":"tag-peliculas","21":"tag-pelis","22":"tag-spain","23":"tag-trailers","24":"tag-tv","25":"tag-videos"},"share_on_mastodon":{"url":"https:\/\/pubeurope.com\/@es\/115596354539815781","error":""},"_links":{"self":[{"href":"https:\/\/www.europesays.com\/es\/wp-json\/wp\/v2\/posts\/250641","targetHints":{"allow":["GET"]}}],"collection":[{"href":"https:\/\/www.europesays.com\/es\/wp-json\/wp\/v2\/posts"}],"about":[{"href":"https:\/\/www.europesays.com\/es\/wp-json\/wp\/v2\/types\/post"}],"author":[{"embeddable":true,"href":"https:\/\/www.europesays.com\/es\/wp-json\/wp\/v2\/users\/2"}],"replies":[{"embeddable":true,"href":"https:\/\/www.europesays.com\/es\/wp-json\/wp\/v2\/comments?post=250641"}],"version-history":[{"count":0,"href":"https:\/\/www.europesays.com\/es\/wp-json\/wp\/v2\/posts\/250641\/revisions"}],"wp:featuredmedia":[{"embeddable":true,"href":"https:\/\/www.europesays.com\/es\/wp-json\/wp\/v2\/media\/250642"}],"wp:attachment":[{"href":"https:\/\/www.europesays.com\/es\/wp-json\/wp\/v2\/media?parent=250641"}],"wp:term":[{"taxonomy":"category","embeddable":true,"href":"https:\/\/www.europesays.com\/es\/wp-json\/wp\/v2\/categories?post=250641"},{"taxonomy":"post_tag","embeddable":true,"href":"https:\/\/www.europesays.com\/es\/wp-json\/wp\/v2\/tags?post=250641"}],"curies":[{"name":"wp","href":"https:\/\/api.w.org\/{rel}","templated":true}]}}